{"id":242289,"date":"2024-10-29T12:10:00","date_gmt":"2024-10-29T10:10:00","guid":{"rendered":"https:\/\/www.tucomarca.com\/wordpress\/segunda\/?p=242289"},"modified":"2024-10-29T21:47:44","modified_gmt":"2024-10-29T19:47:44","slug":"la-diputacio-de-valencia-desplega-els-seus-efectius-demergencia-per-a-ajudar-als-municipis-en-les-incidencies-per-la-dana","status":"publish","type":"post","link":"https:\/\/tucomarca.whitekongsoftware.com\/ca\/la-diputacio-de-valencia-desplega-els-seus-efectius-demergencia-per-a-ajudar-als-municipis-en-les-incidencies-per-la-dana\/","title":{"rendered":"La Diputaci\u00f3 de Val\u00e8ncia desplega els seus efectius d&#8217;emerg\u00e8ncia per a ajudar als municipis en les incid\u00e8ncies per la DANA"},"content":{"rendered":"\n<h3 class=\"wp-block-heading\"><strong><strong>El Consorci Provincial de Bombers registra prop de 200 servicis d&#8217;emerg\u00e8ncia a conseq\u00fc\u00e8ncia de les pluges al llarg de tota la prov\u00edncia, mentres que l&#8217;\u00e0rea de Carreteres activa un pla especial per a gestionar les actuacions en les vies que no siguen segures per a la circulaci\u00f3<\/strong><\/strong><\/h3>\n\n\n\n<h3 class=\"wp-block-heading\"><strong><strong>El president Vicent Momp\u00f3 fa una \u201ccrida a la prud\u00e8ncia a la ciutadania, evitant despla\u00e7aments que no siguen indispensables perqu\u00e8 la situaci\u00f3 \u00e9s complicada\u201d i anuncia que la instituci\u00f3 provincial \u201cest\u00e0 a ple funcionament per a donar les respostes que siguen a la nostra m\u00e0 per a ajudar als pobles afectats\u201d<\/strong><\/strong><\/h3>\n\n\n\n<p class=\"wp-block-paragraph\">&nbsp;La Diputaci\u00f3 de Val\u00e8ncia, a trav\u00e9s del Consorci Provincial de Bombers (CPBV) i de l&#8217;\u00e0rea de Carreteres, ha refor\u00e7at els seus efectius d&#8217;emerg\u00e8ncia per a donar resposta a les incid\u00e8ncies produ\u00efdes pel temporal de pluja que des d&#8217;esta matinada afecta a la pr\u00e0ctica totalitat de la prov\u00edncia.<\/p>\n\n\n\n<p class=\"wp-block-paragraph\">El president de la instituci\u00f3 provincial, Vicent Momp\u00f3, acompanyat pel president del CPBV i diputat de Medi Ambient, Avelino Mascarell, ha volgut con\u00e9ixer de primera m\u00e0 el dispositiu especial activat pels Bombers de Diputaci\u00f3, presenciant un dels rescats de l&#8217;equip GERA del Consorci (Grup Especial de Rescat a Altura) en l\u2019Alcudia, i ha volgut fer \u201cuna crida perqu\u00e8 la ciutadania evite qualsevol despla\u00e7ament que no siga indispensable, perqu\u00e8 la situaci\u00f3 \u00e9s complicada, tant als carrers dels pobles m\u00e9s afectats, com en les carreteres de la xarxa provincial\u201d.<\/p>\n\n\n\n<p class=\"wp-block-paragraph\">Momp\u00f3, qui ha estat acompanyat pel president del Consorci de Bombers i diputat de Medi Ambient, Avelino Mascarell, ha manifestat que \u201cen situacions com esta \u00e9s quan m\u00e9s a prop hem d&#8217;estar dels ajuntaments per a ajudar a mitigar en la mesura que siga possible els efectes d&#8217;este fenomen meteorol\u00f2gic\u201d i ha avan\u00e7at que \u201csegons passen les hores i es vagen avaluant els danys ocasionats pel temporal, intentarem donar el millor servici en funci\u00f3 de les necessitats que es vagen detectant\u201d.<\/p>\n\n\n\n<p class=\"wp-block-paragraph\">Per part seua, el president del CPBV, Avelino Mascarell ha volgut destacar \u201cla gran coordinaci\u00f3 de tots els efectius, no entre els equips de Bombers i les brigades de Carreteres de la Diputaci\u00f3, sin\u00f3 tamb\u00e9 amb la resta de professionals mobilitzats des de les diferents administracions amb compet\u00e8ncia en mat\u00e8ria d&#8217;emerg\u00e8ncies\u201d.<\/p>\n\n\n\n<p class=\"wp-block-paragraph\">Tant el president Momp\u00f3 com el diputat Avelino Mascarell faran el seguiment de la situaci\u00f3 des del Centre de Coordinaci\u00f3 Operativa Integrat (CECOPI), dependent de la Generalitat Valenciana i situat a l&#8217;Eliana.<\/p>\n\n\n\n<p class=\"wp-block-paragraph\"><strong>200 emerg\u00e8ncies de Bombers i talls de carreteres<\/strong><\/p>\n\n\n\n<p class=\"wp-block-paragraph\">El pas del temporal per la prov\u00edncia de Val\u00e8ncia ha suposat, fins a la primera hora de la vesprada del dilluns, al voltant de 200 intervencions d&#8217;emerg\u00e8ncia per part dels Bombers de la Diputaci\u00f3, amb la prioritat dels rescats i el salvament de persones, especialment conductors o persones en vivendes inundades.&nbsp;<\/p>\n\n\n\n<p class=\"wp-block-paragraph\">Tamb\u00e9 s&#8217;at\u00e9n sanejaments de fa\u00e7anes i extraccions d\u2019aigua, encara que la m\u00e0xima prioritat \u00e9s de moment el rescat, com el que ha tingut lloc en l\u2019Alcudia, on el GERA han auxiliat via a\u00e8ria a tres persones que havien quedat atrapades entre l&#8217;aigua amb el seu vehicle.<\/p>\n\n\n\n<p class=\"wp-block-paragraph\">A primera hora del mat\u00ed, el gruix d&#8217;estes mobilitzacions s&#8217;ha produ\u00eft a la comarca de la Ribera, per a estendre&#8217;s amb el pas de les hores a la resta de la prov\u00edncia, a mesura que es despla\u00e7ava el temporal.<\/p>\n\n\n\n<p class=\"wp-block-paragraph\">De manera paral\u00b7lela, l&#8217;\u00e0rea de Carreteres ha activat un pla especial per a coordinar les actuacions del servici de conservaci\u00f3, el qual ha registrat m\u00e9s d&#8217;un centenar d&#8217;intervencions sobre la xarxa provincial, tancant al tr\u00e0nsit les zones que podien comprometre la seguretat dels conductors i retirant obstacles en les pr\u00f2pies vies, entre altres actuacions.<\/p>\n\n\n\n<p class=\"wp-block-paragraph\">El desplegament d&#8217;efectius al llarg de les sis demarcacions que componen la xarxa de carreteres inclou a enginyers d&#8217;obres p\u00fabliques, capatassos, vigilants i els professionals de les empreses de conservaci\u00f3 responsables del manteniment de les vies de comunicaci\u00f3.<\/p>\n\n\n\n<figure class=\"wp-block-gallery has-nested-images columns-1 is-cropped wp-block-gallery-1 is-layout-flex wp-block-gallery-is-layout-flex\">\n<figure class=\"wp-block-image size-large\"><img loading=\"lazy\" decoding=\"async\" width=\"1024\" height=\"683\" data-id=\"242286\" src=\"https:\/\/www.tucomarca.com\/wordpress\/segunda\/wp-content\/uploads\/2024\/10\/Dana04-1024x683.jpg\" alt=\"\" class=\"wp-image-242286\" srcset=\"https:\/\/tucomarca.whitekongsoftware.com\/wp-content\/uploads\/2024\/10\/Dana04-1024x683.jpg 1024w, https:\/\/tucomarca.whitekongsoftware.com\/wp-content\/uploads\/2024\/10\/Dana04-300x200.jpg 300w, https:\/\/tucomarca.whitekongsoftware.com\/wp-content\/uploads\/2024\/10\/Dana04-768x512.jpg 768w, https:\/\/tucomarca.whitekongsoftware.com\/wp-content\/uploads\/2024\/10\/Dana04-1536x1024.jpg 1536w, https:\/\/tucomarca.whitekongsoftware.com\/wp-content\/uploads\/2024\/10\/Dana04-2048x1365.jpg 2048w\" sizes=\"auto, (max-width: 1024px) 100vw, 1024px\" \/><\/figure>\n\n\n\n<figure class=\"wp-block-image size-large\"><img loading=\"lazy\" decoding=\"async\" width=\"1024\" height=\"683\" data-id=\"242282\" src=\"https:\/\/www.tucomarca.com\/wordpress\/segunda\/wp-content\/uploads\/2024\/10\/Dana02-1024x683.jpg\" alt=\"\" class=\"wp-image-242282\" srcset=\"https:\/\/tucomarca.whitekongsoftware.com\/wp-content\/uploads\/2024\/10\/Dana02-1024x683.jpg 1024w, https:\/\/tucomarca.whitekongsoftware.com\/wp-content\/uploads\/2024\/10\/Dana02-300x200.jpg 300w, https:\/\/tucomarca.whitekongsoftware.com\/wp-content\/uploads\/2024\/10\/Dana02-768x512.jpg 768w, https:\/\/tucomarca.whitekongsoftware.com\/wp-content\/uploads\/2024\/10\/Dana02-1536x1024.jpg 1536w, https:\/\/tucomarca.whitekongsoftware.com\/wp-content\/uploads\/2024\/10\/Dana02-2048x1365.jpg 2048w\" sizes=\"auto, (max-width: 1024px) 100vw, 1024px\" \/><\/figure>\n\n\n\n<figure class=\"wp-block-image size-large\"><img loading=\"lazy\" decoding=\"async\" width=\"1024\" height=\"683\" data-id=\"242280\" src=\"https:\/\/www.tucomarca.com\/wordpress\/segunda\/wp-content\/uploads\/2024\/10\/Dana01-1024x683.jpg\" alt=\"\" class=\"wp-image-242280\" srcset=\"https:\/\/tucomarca.whitekongsoftware.com\/wp-content\/uploads\/2024\/10\/Dana01-1024x683.jpg 1024w, https:\/\/tucomarca.whitekongsoftware.com\/wp-content\/uploads\/2024\/10\/Dana01-300x200.jpg 300w, https:\/\/tucomarca.whitekongsoftware.com\/wp-content\/uploads\/2024\/10\/Dana01-768x512.jpg 768w, https:\/\/tucomarca.whitekongsoftware.com\/wp-content\/uploads\/2024\/10\/Dana01-1536x1024.jpg 1536w, https:\/\/tucomarca.whitekongsoftware.com\/wp-content\/uploads\/2024\/10\/Dana01-2048x1365.jpg 2048w\" sizes=\"auto, (max-width: 1024px) 100vw, 1024px\" \/><\/figure>\n<\/figure>\n","protected":false},"excerpt":{"rendered":"<div class=\"mh-excerpt\">El Consorci Provincial de Bombers registra prop de 200 servicis d&#8217;emerg\u00e8ncia a conseq\u00fc\u00e8ncia de les pluges al llarg de tota la prov\u00edncia, mentres que l&#8217;\u00e0rea de Carreteres activa un pla especial per a gestionar les <a class=\"mh-excerpt-more\" href=\"https:\/\/tucomarca.whitekongsoftware.com\/ca\/la-diputacio-de-valencia-desplega-els-seus-efectius-demergencia-per-a-ajudar-als-municipis-en-les-incidencies-per-la-dana\/\" title=\"La Diputaci\u00f3 de Val\u00e8ncia desplega els seus efectius d&#8217;emerg\u00e8ncia per a ajudar als municipis en les incid\u00e8ncies per la DANA\">[+] <\/a><\/div>\n","protected":false},"author":13,"featured_media":242285,"comment_status":"open","ping_status":"open","sticky":false,"template":"","format":"gallery","meta":{"footnotes":""},"categories":[10898,10948,10894,10904,10903,10947,10896,10897],"tags":[11199,21009,10901],"class_list":["post-242289","post","type-post","status-publish","format-gallery","has-post-thumbnail","category-ventana-ca","category-infraestructuras-ca","category-la-comarca-ca","category-sin-categorizar-ca","category-medio-ambiente-la-comarca-ca","category-politica","category-seccion-ca","category-sucesos-la-comarca-ca","tag-la-comunitat-ca","tag-la-diputacio-de-valencia-ca","tag-sucesos-ca","post_format-post-format-gallery"],"_links":{"self":[{"href":"https:\/\/tucomarca.whitekongsoftware.com\/ca\/wp-json\/wp\/v2\/posts\/242289","targetHints":{"allow":["GET"]}}],"collection":[{"href":"https:\/\/tucomarca.whitekongsoftware.com\/ca\/wp-json\/wp\/v2\/posts"}],"about":[{"href":"https:\/\/tucomarca.whitekongsoftware.com\/ca\/wp-json\/wp\/v2\/types\/post"}],"author":[{"embeddable":true,"href":"https:\/\/tucomarca.whitekongsoftware.com\/ca\/wp-json\/wp\/v2\/users\/13"}],"replies":[{"embeddable":true,"href":"https:\/\/tucomarca.whitekongsoftware.com\/ca\/wp-json\/wp\/v2\/comments?post=242289"}],"version-history":[{"count":0,"href":"https:\/\/tucomarca.whitekongsoftware.com\/ca\/wp-json\/wp\/v2\/posts\/242289\/revisions"}],"wp:featuredmedia":[{"embeddable":true,"href":"https:\/\/tucomarca.whitekongsoftware.com\/ca\/wp-json\/wp\/v2\/media\/242285"}],"wp:attachment":[{"href":"https:\/\/tucomarca.whitekongsoftware.com\/ca\/wp-json\/wp\/v2\/media?parent=242289"}],"wp:term":[{"taxonomy":"category","embeddable":true,"href":"https:\/\/tucomarca.whitekongsoftware.com\/ca\/wp-json\/wp\/v2\/categories?post=242289"},{"taxonomy":"post_tag","embeddable":true,"href":"https:\/\/tucomarca.whitekongsoftware.com\/ca\/wp-json\/wp\/v2\/tags?post=242289"}],"curies":[{"name":"wp","href":"https:\/\/api.w.org\/{rel}","templated":true}]}}