{"id":242229,"date":"2024-10-29T12:10:00","date_gmt":"2024-10-29T10:10:00","guid":{"rendered":"https:\/\/www.tucomarca.com\/wordpress\/segunda\/?p=242229"},"modified":"2024-10-29T18:02:55","modified_gmt":"2024-10-29T16:02:55","slug":"se-suspenen-lactivitat-municipal-i-les-classes-en-el-municipi-de-xiva-per-la-dana","status":"publish","type":"post","link":"https:\/\/tucomarca.whitekongsoftware.com\/ca\/se-suspenen-lactivitat-municipal-i-les-classes-en-el-municipi-de-xiva-per-la-dana\/","title":{"rendered":"Se suspenen l&#8217;activitat municipal i les classes en el municipi de Xiva per la DANA"},"content":{"rendered":"\n<p class=\"wp-block-paragraph\"><strong>Seguint les recomanacions climatol\u00f2giques es decreta el tancament d&#8217;edificis p\u00fablics, espais municipals i col\u00b7legis de la localitat<\/strong>.<\/p>\n\n\n\n<p class=\"wp-block-paragraph\">L&#8217;Ajuntament de Xiva informa que, seguint les recomanacions climatol\u00f2giques per la DANA, se susp\u00e9n tota l&#8217;activitat municipal i les classes en el municipi de Xiva. Fins a un altre av\u00eds s&#8217;ha decretat el tancament d&#8217;edificis p\u00fablics, espais municipals, aix\u00ed com l&#8217;activitat escolar en el municipi. Des de l&#8217;Ajuntament de Xiva es fa un anomenat a la responsabilitat de tots els ve\u00efns perqu\u00e8 romanguen en les seues llars i eviten despla\u00e7aments innecessaris durant aquesta situaci\u00f3.\u00a0<br>Les condicions clim\u00e0tiques poden ser impredictibles, i \u00e9s fonamental prioritzar la seguretat de tots els ciutadans. Es recomana estar atents a les actualitzacions que s&#8217;emetran a trav\u00e9s dels canals oficials de l&#8217;Ajuntament i a les alertes meteorol\u00f2giques.<br>L&#8217;Ajuntament de Xiva tamb\u00e9 est\u00e0 treballant en coordinaci\u00f3 amb els serveis d&#8217;Emerg\u00e8ncia i Protecci\u00f3 Civil per a garantir la seguretat de tots els ciutadans. S&#8217;han establit mecanismes de comunicaci\u00f3 per a informar sobre qualsevol canvi en la situaci\u00f3 meteorol\u00f2gica i les mesures a seguir.<\/p>\n","protected":false},"excerpt":{"rendered":"<div class=\"mh-excerpt\">Seguint les recomanacions climatol\u00f2giques es decreta el tancament d&#8217;edificis p\u00fablics, espais municipals i col\u00b7legis de la localitat. L&#8217;Ajuntament de Xiva informa que, seguint les recomanacions climatol\u00f2giques per la DANA, se susp\u00e9n tota l&#8217;activitat municipal i <a class=\"mh-excerpt-more\" href=\"https:\/\/tucomarca.whitekongsoftware.com\/ca\/se-suspenen-lactivitat-municipal-i-les-classes-en-el-municipi-de-xiva-per-la-dana\/\" title=\"Se suspenen l&#8217;activitat municipal i les classes en el municipi de Xiva per la DANA\">[+] <\/a><\/div>\n","protected":false},"author":1,"featured_media":115119,"comment_status":"open","ping_status":"open","sticky":false,"template":"","format":"standard","meta":{"footnotes":""},"categories":[10948,10894,10904,10912,10903,10947,10896,10897,10975],"tags":[11195,15409,10914,11257],"class_list":["post-242229","post","type-post","status-publish","format-standard","has-post-thumbnail","category-infraestructuras-ca","category-la-comarca-ca","category-sin-categorizar-ca","category-la-hoya-ca","category-medio-ambiente-la-comarca-ca","category-politica","category-seccion-ca","category-sucesos-la-comarca-ca","category-chiva-ca","tag-chiva-ca","tag-dana-2-ca","tag-la-hoya-de-bunol-chiva-ca","tag-temporal-ca"],"_links":{"self":[{"href":"https:\/\/tucomarca.whitekongsoftware.com\/ca\/wp-json\/wp\/v2\/posts\/242229","targetHints":{"allow":["GET"]}}],"collection":[{"href":"https:\/\/tucomarca.whitekongsoftware.com\/ca\/wp-json\/wp\/v2\/posts"}],"about":[{"href":"https:\/\/tucomarca.whitekongsoftware.com\/ca\/wp-json\/wp\/v2\/types\/post"}],"author":[{"embeddable":true,"href":"https:\/\/tucomarca.whitekongsoftware.com\/ca\/wp-json\/wp\/v2\/users\/1"}],"replies":[{"embeddable":true,"href":"https:\/\/tucomarca.whitekongsoftware.com\/ca\/wp-json\/wp\/v2\/comments?post=242229"}],"version-history":[{"count":0,"href":"https:\/\/tucomarca.whitekongsoftware.com\/ca\/wp-json\/wp\/v2\/posts\/242229\/revisions"}],"wp:featuredmedia":[{"embeddable":true,"href":"https:\/\/tucomarca.whitekongsoftware.com\/ca\/wp-json\/wp\/v2\/media\/115119"}],"wp:attachment":[{"href":"https:\/\/tucomarca.whitekongsoftware.com\/ca\/wp-json\/wp\/v2\/media?parent=242229"}],"wp:term":[{"taxonomy":"category","embeddable":true,"href":"https:\/\/tucomarca.whitekongsoftware.com\/ca\/wp-json\/wp\/v2\/categories?post=242229"},{"taxonomy":"post_tag","embeddable":true,"href":"https:\/\/tucomarca.whitekongsoftware.com\/ca\/wp-json\/wp\/v2\/tags?post=242229"}],"curies":[{"name":"wp","href":"https:\/\/api.w.org\/{rel}","templated":true}]}}