{"id":242183,"date":"2024-10-29T12:00:00","date_gmt":"2024-10-29T10:00:00","guid":{"rendered":"https:\/\/www.tucomarca.com\/wordpress\/segunda\/?p=242183"},"modified":"2024-10-29T15:33:48","modified_gmt":"2024-10-29T13:33:48","slug":"la-dana-causa-danys-en-cultius-camins-infraestructures-i-magatzems-de-la-comunitat-i-especialment-a-la-ribera-alta-i-la-foia","status":"publish","type":"post","link":"https:\/\/tucomarca.whitekongsoftware.com\/ca\/la-dana-causa-danys-en-cultius-camins-infraestructures-i-magatzems-de-la-comunitat-i-especialment-a-la-ribera-alta-i-la-foia\/","title":{"rendered":"La DANA causa danys en cultius, camins, infraestructures i magatzems de la Comunitat i especialment a la Ribera Alta i la Foia"},"content":{"rendered":"\n<h3 class=\"wp-block-heading\">AVA-ASAJA adverteix que els agricultors encara no han pogut accedir a molts camps afectats per pluges torrencials, vent i fins i tot pedra.<\/h3>\n\n\n\n<p class=\"wp-block-paragraph\">&nbsp;La DANA que aquests dies assota la Comunitat Valenciana est\u00e0 causant danys especialment importants en l&#8217;agricultura. El temporal de pluges torrencials, fortes ratxes de vent i fins i tot pedra provocar\u00e0 p\u00e8rdues milion\u00e0ries a causa de sinistres en cultius (de fins al 100% de la collita), arrossegaments d&#8217;arbres i terres (sobretot en zones profundes i pr\u00f2ximes a barrancs), desperfectes en camins rurals, trencament d&#8217;infraestructures agr\u00e0ries (s\u00e9quies, reg per degoteig, etc.) i danys en magatzems, casetes d&#8217;eines, hivernacles, maquin\u00e0ria i naus agr\u00edcoles i ramaderes.<\/p>\n\n\n\n<p class=\"wp-block-paragraph\">L&#8217;Associaci\u00f3 Valenciana d&#8217;Agricultors (AVA-ASAJA) adverteix que encara \u00e9s prompte per a quantificar amb detall les p\u00e8rdues patides ja que els agricultors encara no han pogut accedir a molts dels seus camps afectats, b\u00e9 perqu\u00e8 els camins romanen intransitables, b\u00e9 perqu\u00e8 durant el dia de hui van donar prefer\u00e8ncia a acovardir l&#8217;aigua que inundava les seues llars o magatzems o a ocupar-se dels vehicles i altres b\u00e9ns sinistrats.<\/p>\n\n\n\n<p class=\"wp-block-paragraph\">Les precipitacions que van arribar a superar els 140 litres per metre quadrat durant unes breus hores en zones de La Ribera Alta, la Foia de Bunyol i Utiel-Requena van negar multitud de parcel\u00b7les, especialment les situades en zones pr\u00f2ximes a barrancs i rius que baixaven plens, aconseguint el nivell d&#8217;aigua m\u00e9s de mig metre d&#8217;altura dels arbres. A m\u00e9s, en termes com Alfarb, Catadau i Llombai, aix\u00ed com Carlet, Tous o La Pobla Llarga, entre altres, la pedra va descarregar sobre els cultius. En el Marquesat el temporal de pedra va arribar a durar vint minuts, dels quals set van ser en sec, sense vindre a penes acompanyat de pluja, amb el que es preveuen danys de collites senceres de caquis, c\u00edtrics i hortalisses.<\/p>\n\n\n\n<p class=\"wp-block-paragraph\">Quant al vent, diverses instal\u00b7lacions i infraestructures agr\u00e0ries van patir danys de consideraci\u00f3. Cal destacar la caiguda de panells del sostre d&#8217;alguns magatzems de confecci\u00f3 de fruites a la Ribera Alta, on les persones treballadores van haver de finalitzar el seu torn abans de les huit del mat\u00ed.<\/p>\n\n\n\n<p class=\"wp-block-paragraph\">A la prov\u00edncia de Castell\u00f3 les precipitacions tamb\u00e9 van registrar unes acumulacions d&#8217;aigua bastant rellevants, sobretot a les comarques interiors que en els \u00faltims mesos estaven rebent subministraments d&#8217;aigua per part de la Conselleria d&#8217;Agricultura a causa de la sequera. En aquest sentit, AVA-ASAJA es congratula de les aportacions h\u00eddriques d&#8217;aquests dies a la prov\u00edncia i torna a agrair al Consell la mesura establida fins quan ha sigut necess\u00e0ria.<\/p>\n\n\n\n<p class=\"wp-block-paragraph\">L&#8217;organitzaci\u00f3 agr\u00e0ria tamb\u00e9 subratlla que la crema ordenada i ajustada a les condicions clim\u00e0tiques de la palla de l&#8217;arr\u00f2s en la major part de l&#8217;Albufera, gr\u00e0cies a un acord entre el Consell i el sector arrosser, contribuir\u00e0, a la vista d&#8217;aquestes pluges, a reduir les possibilitats que apareguen aig\u00fces negres al parc natural i, amb elles, la mortaldat de peixos, com va oc\u00f3rrer en altres anys quan aquesta pr\u00e0ctica agroambiental va estar prohibida.<\/p>\n\n\n\n<p class=\"wp-block-paragraph\">Amb tot, AVA-ASAJA tem que si continuaren prolongant-se les precipitacions durant els pr\u00f2xims dies podrien produir-se problemes en les varietats primerenques de c\u00edtrics, en caquis i en hortalisses pendents de recol\u00b7lecci\u00f3 per exc\u00e9s d&#8217;humitat.&nbsp;<\/p>\n\n\n\n<p class=\"wp-block-paragraph\">AVA-ASAJA recorda la import\u00e0ncia de tindre subscrites assegurances agr\u00e0ries i generals davant adversitats clim\u00e0tiques com l&#8217;esdevinguda aquests dies. No obstant aix\u00f2, sol\u00b7licita a les administracions que demostren la seua sensibilitat cap al sector agrari a trav\u00e9s de la posada en marxa d&#8217;ajudes directes o mesures fiscals per a pal\u00b7liar les p\u00e8rdues patides.<a><\/a><\/p>\n","protected":false},"excerpt":{"rendered":"<div class=\"mh-excerpt\">AVA-ASAJA adverteix que els agricultors encara no han pogut accedir a molts camps afectats per pluges torrencials, vent i fins i tot pedra. &nbsp;La DANA que aquests dies assota la Comunitat Valenciana est\u00e0 causant danys <a class=\"mh-excerpt-more\" href=\"https:\/\/tucomarca.whitekongsoftware.com\/ca\/la-dana-causa-danys-en-cultius-camins-infraestructures-i-magatzems-de-la-comunitat-i-especialment-a-la-ribera-alta-i-la-foia\/\" title=\"La DANA causa danys en cultius, camins, infraestructures i magatzems de la Comunitat i especialment a la Ribera Alta i la Foia\">[+] <\/a><\/div>\n","protected":false},"author":13,"featured_media":242181,"comment_status":"open","ping_status":"open","sticky":false,"template":"","format":"standard","meta":{"footnotes":""},"categories":[10905,10898,10948,10894,10904,10912,10902,10903,10896,10897],"tags":[11309,11924,11199,12166],"class_list":["post-242183","post","type-post","status-publish","format-standard","has-post-thumbnail","category-agricultura-la-comarca-ca","category-ventana-ca","category-infraestructuras-ca","category-la-comarca-ca","category-sin-categorizar-ca","category-la-hoya-ca","category-la-ribera-ca","category-medio-ambiente-la-comarca-ca","category-seccion-ca","category-sucesos-la-comarca-ca","tag-agricultura-ca","tag-ava-asaja-ca","tag-la-comunitat-ca","tag-medio-ambiente-ca"],"_links":{"self":[{"href":"https:\/\/tucomarca.whitekongsoftware.com\/ca\/wp-json\/wp\/v2\/posts\/242183","targetHints":{"allow":["GET"]}}],"collection":[{"href":"https:\/\/tucomarca.whitekongsoftware.com\/ca\/wp-json\/wp\/v2\/posts"}],"about":[{"href":"https:\/\/tucomarca.whitekongsoftware.com\/ca\/wp-json\/wp\/v2\/types\/post"}],"author":[{"embeddable":true,"href":"https:\/\/tucomarca.whitekongsoftware.com\/ca\/wp-json\/wp\/v2\/users\/13"}],"replies":[{"embeddable":true,"href":"https:\/\/tucomarca.whitekongsoftware.com\/ca\/wp-json\/wp\/v2\/comments?post=242183"}],"version-history":[{"count":0,"href":"https:\/\/tucomarca.whitekongsoftware.com\/ca\/wp-json\/wp\/v2\/posts\/242183\/revisions"}],"wp:featuredmedia":[{"embeddable":true,"href":"https:\/\/tucomarca.whitekongsoftware.com\/ca\/wp-json\/wp\/v2\/media\/242181"}],"wp:attachment":[{"href":"https:\/\/tucomarca.whitekongsoftware.com\/ca\/wp-json\/wp\/v2\/media?parent=242183"}],"wp:term":[{"taxonomy":"category","embeddable":true,"href":"https:\/\/tucomarca.whitekongsoftware.com\/ca\/wp-json\/wp\/v2\/categories?post=242183"},{"taxonomy":"post_tag","embeddable":true,"href":"https:\/\/tucomarca.whitekongsoftware.com\/ca\/wp-json\/wp\/v2\/tags?post=242183"}],"curies":[{"name":"wp","href":"https:\/\/api.w.org\/{rel}","templated":true}]}}