{"id":242165,"date":"2024-10-29T11:30:00","date_gmt":"2024-10-29T09:30:00","guid":{"rendered":"https:\/\/www.tucomarca.com\/wordpress\/segunda\/?p=242165"},"modified":"2024-10-29T16:17:24","modified_gmt":"2024-10-29T14:17:24","slug":"lajuntament-de-requena-demana-a-la-ciudadania-que-es-queden-a-les-seues-cases-a-causa-de-la-gravetat-de-la-dana","status":"publish","type":"post","link":"https:\/\/tucomarca.whitekongsoftware.com\/ca\/lajuntament-de-requena-demana-a-la-ciudadania-que-es-queden-a-les-seues-cases-a-causa-de-la-gravetat-de-la-dana\/","title":{"rendered":"L&#8217;Ajuntament de Requena demana a la ciudadania que es queden a les seues cases a causa de la gravetat de la DANA"},"content":{"rendered":"\n<p class=\"wp-block-paragraph\">L&#8217;Ajuntament de Requena ha em\u00e9s un comunicat urgent dirigit a tota la ciutadania, alertant sobre el risc derivat del temporal de pluges que afecta la regi\u00f3. S&#8217;insta els residents de Requena i les seues pedanies a romandre en les seues llars i evitar despla\u00e7aments innecessaris per a garantir la seua seguretat.<\/p>\n\n\n\n<p class=\"wp-block-paragraph\"><strong>Instruccions per a la poblaci\u00f3:<\/strong><\/p>\n\n\n\n<ul class=\"wp-block-list\">\n<li><strong>Evitar zones de risc d&#8217;inundaci\u00f3:<\/strong>&nbsp;Es recomana evitar zones baixes i propenses a inundacions, incloent-hi la Ronda, les tres gasolineres de la localitat, la zona del Consum i el Pont de les Oller\u00edas, que presenten risc elevat d&#8217;acumulaci\u00f3 d&#8217;aigua.<\/li>\n\n\n\n<li><strong>Resguard en les pedanies i camins rurals:<\/strong>&nbsp;Els habitants de pedanies han de quedar-se a les seues cases, ja que els camins rurals podrien tornar-se perillosos o intransitables. Especialment, se sol\u00b7licita als agricultors abstindre&#8217;s d&#8217;eixir al camp fins a un altre av\u00eds.<\/li>\n\n\n\n<li><strong>L\u00ednies d&#8217;emerg\u00e8ncia:<\/strong>&nbsp;Per a qualsevol situaci\u00f3 urgent, es recomana contactar els n\u00fameros d&#8217;emerg\u00e8ncia i, especialment, telefonar al 112. La ciutadania ha d&#8217;evitar fer crides innecess\u00e0ries per a mantindre les l\u00ednies buidades per als qui necessiten ajuda immediata.<\/li>\n<\/ul>\n\n\n\n<p class=\"wp-block-paragraph\">L&#8217;Ajuntament recorda la import\u00e0ncia de seguir aquestes indicacions i mantindre&#8217;s informats a trav\u00e9s dels canals oficials fins que es confirme que la situaci\u00f3 \u00e9s segura. La seguretat de tots \u00e9s priorit\u00e0ria en aquests moments. Informa, <strong>Luis Ib\u00e1\u00f1ez<\/strong>.<\/p>\n","protected":false},"excerpt":{"rendered":"<div class=\"mh-excerpt\">L&#8217;Ajuntament de Requena ha em\u00e9s un comunicat urgent dirigit a tota la ciutadania, alertant sobre el risc derivat del temporal de pluges que afecta la regi\u00f3. S&#8217;insta els residents de Requena i les seues pedanies <a class=\"mh-excerpt-more\" href=\"https:\/\/tucomarca.whitekongsoftware.com\/ca\/lajuntament-de-requena-demana-a-la-ciudadania-que-es-queden-a-les-seues-cases-a-causa-de-la-gravetat-de-la-dana\/\" title=\"L&#8217;Ajuntament de Requena demana a la ciudadania que es queden a les seues cases a causa de la gravetat de la DANA\">[+] <\/a><\/div>\n","protected":false},"author":13,"featured_media":210460,"comment_status":"open","ping_status":"open","sticky":false,"template":"","format":"standard","meta":{"footnotes":""},"categories":[10948,10894,10903,10947,10908,10909,10896,10897],"tags":[15409,11099,10910,10901,16627],"class_list":["post-242165","post","type-post","status-publish","format-standard","has-post-thumbnail","category-infraestructuras-ca","category-la-comarca-ca","category-medio-ambiente-la-comarca-ca","category-politica","category-requena-ca","category-requena-utiel-ca","category-seccion-ca","category-sucesos-la-comarca-ca","tag-dana-2-ca","tag-requena-ca","tag-requena-utiel-ca","tag-sucesos-ca","tag-temporal-de-lluvias-ca"],"_links":{"self":[{"href":"https:\/\/tucomarca.whitekongsoftware.com\/ca\/wp-json\/wp\/v2\/posts\/242165","targetHints":{"allow":["GET"]}}],"collection":[{"href":"https:\/\/tucomarca.whitekongsoftware.com\/ca\/wp-json\/wp\/v2\/posts"}],"about":[{"href":"https:\/\/tucomarca.whitekongsoftware.com\/ca\/wp-json\/wp\/v2\/types\/post"}],"author":[{"embeddable":true,"href":"https:\/\/tucomarca.whitekongsoftware.com\/ca\/wp-json\/wp\/v2\/users\/13"}],"replies":[{"embeddable":true,"href":"https:\/\/tucomarca.whitekongsoftware.com\/ca\/wp-json\/wp\/v2\/comments?post=242165"}],"version-history":[{"count":0,"href":"https:\/\/tucomarca.whitekongsoftware.com\/ca\/wp-json\/wp\/v2\/posts\/242165\/revisions"}],"wp:featuredmedia":[{"embeddable":true,"href":"https:\/\/tucomarca.whitekongsoftware.com\/ca\/wp-json\/wp\/v2\/media\/210460"}],"wp:attachment":[{"href":"https:\/\/tucomarca.whitekongsoftware.com\/ca\/wp-json\/wp\/v2\/media?parent=242165"}],"wp:term":[{"taxonomy":"category","embeddable":true,"href":"https:\/\/tucomarca.whitekongsoftware.com\/ca\/wp-json\/wp\/v2\/categories?post=242165"},{"taxonomy":"post_tag","embeddable":true,"href":"https:\/\/tucomarca.whitekongsoftware.com\/ca\/wp-json\/wp\/v2\/tags?post=242165"}],"curies":[{"name":"wp","href":"https:\/\/api.w.org\/{rel}","templated":true}]}}