{"id":242073,"date":"2024-10-29T09:45:00","date_gmt":"2024-10-29T07:45:00","guid":{"rendered":"https:\/\/www.tucomarca.com\/wordpress\/segunda\/emergencias-establece-la-alerta-maxima-por-lluvias-en-la-ribera-alta\/"},"modified":"2024-11-06T21:49:01","modified_gmt":"2024-11-06T19:49:01","slug":"emergencias-establece-la-alerta-maxima-por-lluvias-en-la-ribera-alta","status":"publish","type":"post","link":"https:\/\/tucomarca.whitekongsoftware.com\/ca\/emergencias-establece-la-alerta-maxima-por-lluvias-en-la-ribera-alta\/","title":{"rendered":"Emerg\u00e8ncies estableix l&#8217;alerta m\u00e0xima per pluges a la Ribera Alta"},"content":{"rendered":"\n<p class=\"wp-block-paragraph\">El Centre de Coordinaci\u00f3 d&#8217;Emerg\u00e8ncies de la Generalitat Valenciana ha establit la situaci\u00f3 1 (alerta m\u00e0xima) per pluges a la Ribera Alta; a m\u00e9s d&#8217;Alerta nivell roig en el litoral sud de Val\u00e8ncia.<\/p>\n\n\n\n<p class=\"wp-block-paragraph\">Existeixen 4 tipus d&#8217;alertes meteorol\u00f2giques:&nbsp;la verda, la groga, la taronja i la roja. La verda indica que no s&#8217;esperen fen\u00f2mens meteorol\u00f2gics riesgosos, mentre que la groga assenyala que poden oc\u00f3rrer alguns amb capacitat de mal i risc d&#8217;interrupci\u00f3 de les activitats quotidianes.<\/p>\n\n\n\n<p class=\"wp-block-paragraph\">El Centre de Coordinaci\u00f3 d&#8217;Emerg\u00e8ncies amplia l&#8217;alerta per pluges a nivell taronja al litoral nord de Val\u00e8ncia i es mant\u00e9 a l&#8217;interior de la prov\u00edncia.<\/p>\n\n\n\n<p class=\"wp-block-paragraph\">Sobre la resta d&#8217;alertes nivell groc per pluges, tempestes i fen\u00f2mens costaners, consultar el gr\u00e0fic.<\/p>\n\n\n\n<figure class=\"wp-block-image size-large\"><img loading=\"lazy\" decoding=\"async\" width=\"724\" height=\"1024\" src=\"http:\/\/www.tucomarca.com\/wordpress\/segunda\/wp-content\/uploads\/2024\/10\/AlertaLluvias112-724x1024.jpeg\" alt=\"\" class=\"wp-image-242067\" srcset=\"https:\/\/tucomarca.whitekongsoftware.com\/wp-content\/uploads\/2024\/10\/AlertaLluvias112-724x1024.jpeg 724w, https:\/\/tucomarca.whitekongsoftware.com\/wp-content\/uploads\/2024\/10\/AlertaLluvias112-212x300.jpeg 212w, https:\/\/tucomarca.whitekongsoftware.com\/wp-content\/uploads\/2024\/10\/AlertaLluvias112-768x1086.jpeg 768w, https:\/\/tucomarca.whitekongsoftware.com\/wp-content\/uploads\/2024\/10\/AlertaLluvias112-1086x1536.jpeg 1086w, https:\/\/tucomarca.whitekongsoftware.com\/wp-content\/uploads\/2024\/10\/AlertaLluvias112-1448x2048.jpeg 1448w, https:\/\/tucomarca.whitekongsoftware.com\/wp-content\/uploads\/2024\/10\/AlertaLluvias112-scaled.jpeg 1810w\" sizes=\"auto, (max-width: 724px) 100vw, 724px\" \/><\/figure>\n","protected":false},"excerpt":{"rendered":"<div class=\"mh-excerpt\">El Centre de Coordinaci\u00f3 d&#8217;Emerg\u00e8ncies de la Generalitat Valenciana ha establit la situaci\u00f3 1 (alerta m\u00e0xima) per pluges a la Ribera Alta; a m\u00e9s d&#8217;Alerta nivell roig en el litoral sud de Val\u00e8ncia. Existeixen 4 <a class=\"mh-excerpt-more\" href=\"https:\/\/tucomarca.whitekongsoftware.com\/ca\/emergencias-establece-la-alerta-maxima-por-lluvias-en-la-ribera-alta\/\" title=\"Emerg\u00e8ncies estableix l&#8217;alerta m\u00e0xima per pluges a la Ribera Alta\">[+] <\/a><\/div>\n","protected":false},"author":1,"featured_media":242071,"comment_status":"open","ping_status":"open","sticky":false,"template":"","format":"standard","meta":{"footnotes":""},"categories":[21466,10898,10948,10894,10904,10902,10903,10947,10896,10897],"tags":[10899,15409,10914,10910],"class_list":["post-242073","post","type-post","status-publish","format-standard","has-post-thumbnail","category-dana-ca","category-ventana-ca","category-infraestructuras-ca","category-la-comarca-ca","category-sin-categorizar-ca","category-la-ribera-ca","category-medio-ambiente-la-comarca-ca","category-politica","category-seccion-ca","category-sucesos-la-comarca-ca","tag-camp-de-turia-ca","tag-dana-2-ca","tag-la-hoya-de-bunol-chiva-ca","tag-requena-utiel-ca"],"_links":{"self":[{"href":"https:\/\/tucomarca.whitekongsoftware.com\/ca\/wp-json\/wp\/v2\/posts\/242073","targetHints":{"allow":["GET"]}}],"collection":[{"href":"https:\/\/tucomarca.whitekongsoftware.com\/ca\/wp-json\/wp\/v2\/posts"}],"about":[{"href":"https:\/\/tucomarca.whitekongsoftware.com\/ca\/wp-json\/wp\/v2\/types\/post"}],"author":[{"embeddable":true,"href":"https:\/\/tucomarca.whitekongsoftware.com\/ca\/wp-json\/wp\/v2\/users\/1"}],"replies":[{"embeddable":true,"href":"https:\/\/tucomarca.whitekongsoftware.com\/ca\/wp-json\/wp\/v2\/comments?post=242073"}],"version-history":[{"count":0,"href":"https:\/\/tucomarca.whitekongsoftware.com\/ca\/wp-json\/wp\/v2\/posts\/242073\/revisions"}],"wp:featuredmedia":[{"embeddable":true,"href":"https:\/\/tucomarca.whitekongsoftware.com\/ca\/wp-json\/wp\/v2\/media\/242071"}],"wp:attachment":[{"href":"https:\/\/tucomarca.whitekongsoftware.com\/ca\/wp-json\/wp\/v2\/media?parent=242073"}],"wp:term":[{"taxonomy":"category","embeddable":true,"href":"https:\/\/tucomarca.whitekongsoftware.com\/ca\/wp-json\/wp\/v2\/categories?post=242073"},{"taxonomy":"post_tag","embeddable":true,"href":"https:\/\/tucomarca.whitekongsoftware.com\/ca\/wp-json\/wp\/v2\/tags?post=242073"}],"curies":[{"name":"wp","href":"https:\/\/api.w.org\/{rel}","templated":true}]}}