{"id":242011,"date":"2024-10-28T15:00:00","date_gmt":"2024-10-28T13:00:00","guid":{"rendered":"https:\/\/www.tucomarca.com\/wordpress\/segunda\/?p=242011"},"modified":"2024-10-28T20:23:25","modified_gmt":"2024-10-28T18:23:25","slug":"emergencies-informa-de-la-reactivacio-de-les-pluges-intenses-i-demana-que-sadopten-mesures-preventives-davant-possibles-inundacions","status":"publish","type":"post","link":"https:\/\/tucomarca.whitekongsoftware.com\/ca\/emergencies-informa-de-la-reactivacio-de-les-pluges-intenses-i-demana-que-sadopten-mesures-preventives-davant-possibles-inundacions\/","title":{"rendered":"Emerg\u00e8ncies informa de la reactivaci\u00f3 de les pluges intenses i demana que s\u2019adopten mesures preventives davant possibles inundacions"},"content":{"rendered":"\n<h3 class=\"wp-block-heading\">El Centre de Coordinaci\u00f3 d\u2019Emerg\u00e8ncies emet un av\u00eds especial en el qual recomana el seguiment de l\u2019episodi de pluges a municipis i organismes amb compet\u00e8ncies en emerg\u00e8ncies.<\/h3>\n\n\n\n<h3 class=\"wp-block-heading\">L\u2019episodi de pluges intenses afectar\u00e0 diversos punts de la Comunitat Valenciana, tamb\u00e9 es produiran fen\u00f2mens costaners en el litoral i avisos per vents de 80 quil\u00f2metres\/hora en l\u2019interior de Val\u00e8ncia.<\/h3>\n\n\n\n<p class=\"wp-block-paragraph\">La Conselleria de Just\u00edcia i Interior a trav\u00e9s del Centre de Coordinaci\u00f3 d\u2019Emerg\u00e8ncia ha informat este dilluns en un av\u00eds especial de la reactivaci\u00f3 de l\u2019episodi de pluges intenses que afectar\u00e0 la Comunitat Valenciana dem\u00e0 dimarts, 29 d\u2019octubre.<\/p>\n\n\n\n<p class=\"wp-block-paragraph\">dels acumulats en zones d\u2019alta ocupaci\u00f3 urbana.<br>Per eixe motiu, la Conselleria de Just\u00edcia i Interior recomana als municipis i organismes amb compet\u00e8ncies en la gesti\u00f3 de les emerg\u00e8ncies que mantinguen la necess\u00e0ria atenci\u00f3 i seguiment de tots els avisos que emeta durant eixos dies el Centre de Coordinaci\u00f3 d\u2019Emerg\u00e8ncies per a prevore l\u2019activaci\u00f3 amb antelaci\u00f3 dels plans municipals davant el risc d\u2019inundacions i els plans territorials, aix\u00ed com establir les mesures preventives corresponents en els seus respectius \u00e0mbits.<\/p>\n\n\n\n<p class=\"wp-block-paragraph\">Tamb\u00e9 es recomana que mantinguen especial atenci\u00f3 als guals i passos inferiors de rius i barrancs i a les zones pr\u00f2ximes a la l\u00ednia de costa. I afig consells de protecci\u00f3 civil dirigits a la poblaci\u00f3 i que poden consultar-se en la web de l\u20191\u00b71\u00b72, en X @gva112 o a trav\u00e9s de l\u2019app GVA 112 Avisos (disponible en Google Play i App Store).<\/p>\n\n\n\n<p class=\"wp-block-paragraph\">Entre els consells a la poblaci\u00f3 es demana a la ciutadania que s\u2019informe de l\u2019evoluci\u00f3 de la situaci\u00f3; que retire els vehicles de les zones que puguen inundar-se; que s\u2019allunye de les vores dels rius i barrancs; que es fa\u00e7a cas dels consells de les autoritats competents i que mai s\u2019intente creuar un gual, un lloc inundat o un pas inferior, ja que poden ser arrossegats de manera inesperada per corrents d\u2019aigua.<\/p>\n","protected":false},"excerpt":{"rendered":"<div class=\"mh-excerpt\">El Centre de Coordinaci\u00f3 d\u2019Emerg\u00e8ncies emet un av\u00eds especial en el qual recomana el seguiment de l\u2019episodi de pluges a municipis i organismes amb compet\u00e8ncies en emerg\u00e8ncies. L\u2019episodi de pluges intenses afectar\u00e0 diversos punts de <a class=\"mh-excerpt-more\" href=\"https:\/\/tucomarca.whitekongsoftware.com\/ca\/emergencies-informa-de-la-reactivacio-de-les-pluges-intenses-i-demana-que-sadopten-mesures-preventives-davant-possibles-inundacions\/\" title=\"Emerg\u00e8ncies informa de la reactivaci\u00f3 de les pluges intenses i demana que s\u2019adopten mesures preventives davant possibles inundacions\">[+] <\/a><\/div>\n","protected":false},"author":12,"featured_media":242010,"comment_status":"open","ping_status":"open","sticky":false,"template":"","format":"standard","meta":{"footnotes":""},"categories":[21466,10898,10948,10894,10904,10903,10896,10897],"tags":[21451,11497,15409,12835],"class_list":["post-242011","post","type-post","status-publish","format-standard","has-post-thumbnail","category-dana-ca","category-ventana-ca","category-infraestructuras-ca","category-la-comarca-ca","category-sin-categorizar-ca","category-medio-ambiente-la-comarca-ca","category-seccion-ca","category-sucesos-la-comarca-ca","tag-centro-de-coordinacion-de-emergencias-ca","tag-comunitat-valenciana-ca","tag-dana-2-ca","tag-lluvias-intensas-ca"],"_links":{"self":[{"href":"https:\/\/tucomarca.whitekongsoftware.com\/ca\/wp-json\/wp\/v2\/posts\/242011","targetHints":{"allow":["GET"]}}],"collection":[{"href":"https:\/\/tucomarca.whitekongsoftware.com\/ca\/wp-json\/wp\/v2\/posts"}],"about":[{"href":"https:\/\/tucomarca.whitekongsoftware.com\/ca\/wp-json\/wp\/v2\/types\/post"}],"author":[{"embeddable":true,"href":"https:\/\/tucomarca.whitekongsoftware.com\/ca\/wp-json\/wp\/v2\/users\/12"}],"replies":[{"embeddable":true,"href":"https:\/\/tucomarca.whitekongsoftware.com\/ca\/wp-json\/wp\/v2\/comments?post=242011"}],"version-history":[{"count":0,"href":"https:\/\/tucomarca.whitekongsoftware.com\/ca\/wp-json\/wp\/v2\/posts\/242011\/revisions"}],"wp:featuredmedia":[{"embeddable":true,"href":"https:\/\/tucomarca.whitekongsoftware.com\/ca\/wp-json\/wp\/v2\/media\/242010"}],"wp:attachment":[{"href":"https:\/\/tucomarca.whitekongsoftware.com\/ca\/wp-json\/wp\/v2\/media?parent=242011"}],"wp:term":[{"taxonomy":"category","embeddable":true,"href":"https:\/\/tucomarca.whitekongsoftware.com\/ca\/wp-json\/wp\/v2\/categories?post=242011"},{"taxonomy":"post_tag","embeddable":true,"href":"https:\/\/tucomarca.whitekongsoftware.com\/ca\/wp-json\/wp\/v2\/tags?post=242011"}],"curies":[{"name":"wp","href":"https:\/\/api.w.org\/{rel}","templated":true}]}}