{"id":241902,"date":"2024-10-27T23:45:00","date_gmt":"2024-10-27T21:45:00","guid":{"rendered":"https:\/\/www.tucomarca.com\/wordpress\/segunda\/?p=241902"},"modified":"2024-10-27T21:12:29","modified_gmt":"2024-10-27T19:12:29","slug":"la-diputacio-ajuda-amb-445-000-euros-als-municipis-de-menys-de-30-000-habitants-per-a-organitzar-fires-i-mercats-nadalencs","status":"publish","type":"post","link":"https:\/\/tucomarca.whitekongsoftware.com\/ca\/la-diputacio-ajuda-amb-445-000-euros-als-municipis-de-menys-de-30-000-habitants-per-a-organitzar-fires-i-mercats-nadalencs\/","title":{"rendered":"La Diputaci\u00f3 ajuda amb 445.000 euros als municipis de menys de 30.000 habitants per a organitzar fires i mercats nadalencs"},"content":{"rendered":"\n<h3 class=\"wp-block-heading\">L&#8217;\u00e0rea de Turisme que dirigix Pedro Cuesta ha convocat les subvencions destinades al muntatge de fires i mercats nadalencs, tur\u00edstics i\/o gastron\u00f2mics, aix\u00ed com a l&#8217;edici\u00f3 de material tur\u00edstic promocional de les localitats.<\/h3>\n\n\n\n<p class=\"wp-block-paragraph\">La Diputaci\u00f3 de Val\u00e8ncia, a trav\u00e9s de l&#8217;\u00e0rea de Turisme que dirigix el diputat Pedro Cuesta, ha convocat les subvencions destinades a l&#8217;organitzaci\u00f3 de fires i mercats nadalencs, tur\u00edstics i\/o gastron\u00f2mics, en municipis menors de 30.000 habitants.<\/p>\n\n\n\n<p class=\"wp-block-paragraph\">Les ajudes, recollides en el Butllet\u00ed Oficial de la Prov\u00edncia (BOP), tamb\u00e9 cobriran l&#8217;edici\u00f3 de material destinat a la promoci\u00f3 tur\u00edstica d&#8217;estos municipis. L&#8217;objectiu general d&#8217;esta iniciativa \u00e9s \u201cfinan\u00e7ar l&#8217;organitzaci\u00f3, promoci\u00f3 i difusi\u00f3 dels esdeveniments subvencionats, amb la finalitat que tinguen capacitat d&#8217;atracci\u00f3 del turisme i dinamitzaci\u00f3 econ\u00f2mica dels municipis en l&#8217;\u00faltim trimestre de l&#8217;any\u201d, segons el diputat de Turisme, Pedro Cuesta.<\/p>\n\n\n\n<p class=\"wp-block-paragraph\">El responsable provincial ha explicat que les subvencions \u201ces concediran en concurr\u00e8ncia competitiva perqu\u00e8 arriben als municipis de la manera m\u00e9s r\u00e0pida i efica\u00e7 possible fins a cap d&#8217;any, tractant de complementar la resta de subvencions anuals que destinem a la promoci\u00f3 i desenvolupament del turisme a la prov\u00edncia\u201d.<\/p>\n\n\n\n<p class=\"wp-block-paragraph\">El pressupost global de la convocat\u00f2ria ascendix a 445.000 euros i en ella els municipis podran presentar una \u00fanica sol\u00b7licitud, encara que esta podr\u00e0 comprendre la petici\u00f3 de subvenci\u00f3 per a diverses fires i\/o material de promoci\u00f3 tur\u00edstica, per un import m\u00e0xim de 6.000 euros.<\/p>\n\n\n\n<p class=\"wp-block-paragraph\"><strong>Gastos subvencionables<\/strong><\/p>\n\n\n\n<p class=\"wp-block-paragraph\">Aix\u00ed, seran subvencionables les actuacions corresponents a gasto corrent organitzades pel propi ajuntament entre l&#8217;1 d&#8217;octubre i el 30 de desembre de 2024, com poden ser els gastos corrents derivats de l&#8217;organitzaci\u00f3, promoci\u00f3 i desenvolupament de fires i\/o mercats indicats anteriorment.<\/p>\n\n\n\n<p class=\"wp-block-paragraph\">Tamb\u00e9 se subvencionar\u00e0 la confecci\u00f3 i edici\u00f3 de fullets, guies i cat\u00e0legs tur\u00edstics i material de l&#8217;oferta tur\u00edstica del municipi (tant en format digital com en paper) i el material promocional (marxandatge) de distribuci\u00f3 gratu\u00efta en tots dos sup\u00f2sits, dirigits a augmentar la visibilitat de les destinacions tur\u00edstiques municipals i l&#8217;atracci\u00f3 del turisme.<\/p>\n\n\n\n<p class=\"wp-block-paragraph\">El termini de presentaci\u00f3 de sol\u00b7licituds, que es tramitaran exclusivament per via telem\u00e0tica, en la Seu Electr\u00f2nica de la Diputaci\u00f3 de Val\u00e8ncia, finalitza el pr\u00f2xim 8 de novembre.<\/p>\n","protected":false},"excerpt":{"rendered":"<div class=\"mh-excerpt\">L&#8217;\u00e0rea de Turisme que dirigix Pedro Cuesta ha convocat les subvencions destinades al muntatge de fires i mercats nadalencs, tur\u00edstics i\/o gastron\u00f2mics, aix\u00ed com a l&#8217;edici\u00f3 de material tur\u00edstic promocional de les localitats. La Diputaci\u00f3 <a class=\"mh-excerpt-more\" href=\"https:\/\/tucomarca.whitekongsoftware.com\/ca\/la-diputacio-ajuda-amb-445-000-euros-als-municipis-de-menys-de-30-000-habitants-per-a-organitzar-fires-i-mercats-nadalencs\/\" title=\"La Diputaci\u00f3 ajuda amb 445.000 euros als municipis de menys de 30.000 habitants per a organitzar fires i mercats nadalencs\">[+] <\/a><\/div>\n","protected":false},"author":12,"featured_media":241901,"comment_status":"open","ping_status":"open","sticky":false,"template":"","format":"standard","meta":{"footnotes":""},"categories":[10898,10948,10894,10904,11007,10947,10896],"tags":[11246,21446,12962],"class_list":["post-241902","post","type-post","status-publish","format-standard","has-post-thumbnail","category-ventana-ca","category-infraestructuras-ca","category-la-comarca-ca","category-sin-categorizar-ca","category-ocio-y-cultura-ca","category-politica","category-seccion-ca","tag-diputacio-de-valencia-ca","tag-mercados-navidenos-ca","tag-turismo-ca"],"_links":{"self":[{"href":"https:\/\/tucomarca.whitekongsoftware.com\/ca\/wp-json\/wp\/v2\/posts\/241902","targetHints":{"allow":["GET"]}}],"collection":[{"href":"https:\/\/tucomarca.whitekongsoftware.com\/ca\/wp-json\/wp\/v2\/posts"}],"about":[{"href":"https:\/\/tucomarca.whitekongsoftware.com\/ca\/wp-json\/wp\/v2\/types\/post"}],"author":[{"embeddable":true,"href":"https:\/\/tucomarca.whitekongsoftware.com\/ca\/wp-json\/wp\/v2\/users\/12"}],"replies":[{"embeddable":true,"href":"https:\/\/tucomarca.whitekongsoftware.com\/ca\/wp-json\/wp\/v2\/comments?post=241902"}],"version-history":[{"count":0,"href":"https:\/\/tucomarca.whitekongsoftware.com\/ca\/wp-json\/wp\/v2\/posts\/241902\/revisions"}],"wp:featuredmedia":[{"embeddable":true,"href":"https:\/\/tucomarca.whitekongsoftware.com\/ca\/wp-json\/wp\/v2\/media\/241901"}],"wp:attachment":[{"href":"https:\/\/tucomarca.whitekongsoftware.com\/ca\/wp-json\/wp\/v2\/media?parent=241902"}],"wp:term":[{"taxonomy":"category","embeddable":true,"href":"https:\/\/tucomarca.whitekongsoftware.com\/ca\/wp-json\/wp\/v2\/categories?post=241902"},{"taxonomy":"post_tag","embeddable":true,"href":"https:\/\/tucomarca.whitekongsoftware.com\/ca\/wp-json\/wp\/v2\/tags?post=241902"}],"curies":[{"name":"wp","href":"https:\/\/api.w.org\/{rel}","templated":true}]}}