{"id":241811,"date":"2024-10-25T14:15:00","date_gmt":"2024-10-25T12:15:00","guid":{"rendered":"https:\/\/www.tucomarca.com\/wordpress\/segunda\/?p=241811"},"modified":"2024-10-25T18:55:00","modified_gmt":"2024-10-25T16:55:00","slug":"natalia-enguix-destaca-el-treball-dels-cronistes-del-regne-per-la-pervivencia-de-lhabit-cultural-als-pobles","status":"publish","type":"post","link":"https:\/\/tucomarca.whitekongsoftware.com\/ca\/natalia-enguix-destaca-el-treball-dels-cronistes-del-regne-per-la-pervivencia-de-lhabit-cultural-als-pobles\/","title":{"rendered":"Nat\u00e0lia Enguix destaca el treball dels Cronistes del Regne per la perviv\u00e8ncia de l&#8217;h\u00e0bit cultural als pobles"},"content":{"rendered":"\n<h3 class=\"wp-block-heading\"><strong><strong>La vicepresidenta primera de la Diputaci\u00f3 participa en l&#8217;obertura de la XXXIV Assemblea de l&#8217;associaci\u00f3, que se celebra este divendres a Val\u00e8ncia i el dissabte a Bocairent<\/strong><\/strong>.<\/h3>\n\n\n\n<h3 class=\"wp-block-heading\"><strong><strong>La corporaci\u00f3 provincial col\u00b7labora en la realitzaci\u00f3 de l&#8217;esdeveniment en el Museu de la Ciutat, entre altres aspectes amb la maquetaci\u00f3 i edici\u00f3 de les actes de la passada assemblea, a trav\u00e9s de la Instituci\u00f3 Alfons el Magn\u00e0nim<\/strong><\/strong>.<\/h3>\n\n\n\n<p class=\"wp-block-paragraph\">La Diputaci\u00f3 de Val\u00e8ncia col\u00b7labora amb l&#8217;Associaci\u00f3 de Cronistes del Regne de Val\u00e8ncia tant en l&#8217;organitzaci\u00f3 de la seua trenta-quatrena assemblea com en la maquetaci\u00f3 i edici\u00f3 de les actes de l&#8217;\u00faltima trobada, que es va celebrar a L&#8217;Alcora i Pedralba a l&#8217;octubre de 2022. \u201cEls cronistes dels nostres pobles i ciutats fan un treball imprescindible per a la perviv\u00e8ncia del que podem dir l&#8217;h\u00e0bit cultural, amb els costums i lligams d&#8217;una societat, i \u00e9s la nostra responsabilitat visibilitzar eixe treball\u201d, assenyala la vicepresidenta primera, Nat\u00e0lia Enguix.<\/p>\n\n\n\n<p class=\"wp-block-paragraph\">Enguix ha participat en l&#8217;obertura de la XXXIV assemblea del col\u00b7lectiu en el Museu de la Ciutat. Durant la seua intervenci\u00f3 en l&#8217;acte, al qual han assistit este divendres en la capital el subdirector general de Cultura, Vicente Zaragoza, el regidor de Cultura de l&#8217;Ajuntament de Val\u00e8ncia, Jos\u00e9 Luis Moreno, el president de l&#8217;Associaci\u00f3 de Cronistes del Regne, Jos\u00e9 Ram\u00f3n Sanchis, i el director del Magn\u00e0nim, Enric Estrela, la vicepresidenta ha destacat la contribuci\u00f3 de l&#8217;editorial de la Diputaci\u00f3 per a \u201cdeixar prova f\u00edsica de la import\u00e0ncia de mantindre la hist\u00f2ria dels nostres pobles\u201d.<\/p>\n\n\n\n<p class=\"wp-block-paragraph\">La responsable provincial ha assegurat que la Diputaci\u00f3 de Val\u00e8ncia \u201c\u00e9s la instituci\u00f3 m\u00e9s pr\u00f2xima a cadascun dels cronistes que vetlen per la protecci\u00f3 del passat com\u00fa i individual de cadascun dels nostres municipis\u201d. En este sentit, ha avan\u00e7at que l&#8217;associaci\u00f3 \u201ccontinuar\u00e0 comptant amb el suport institucional per la important tasca que realitza en l&#8217;\u00e0mbit cultural i social\u201d.<\/p>\n\n\n\n<p class=\"wp-block-paragraph\"><strong>De Val\u00e8ncia a Bocairent<\/strong><\/p>\n\n\n\n<p class=\"wp-block-paragraph\">El catedr\u00e0tic Antoni Ferrando, cronista oficial de Benicolet, ha pronunciat la confer\u00e8ncia inaugural de l&#8217;assemblea, amb el t\u00edtol \u2018Per qu\u00e8 el Curial deu haver sigut escrit per un valencianoparlant?\u2019, despr\u00e9s de l&#8217;homenatge als cronistes Jos\u00e9 Carlos Casimiro, de Benifair\u00f3 de la Valldigna, i Elia Goz\u00e1lbez, de Muro d&#8217;Alcoi. Per a la sessi\u00f3 vespertina est\u00e0 prevista l&#8217;elecci\u00f3 de c\u00e0rrecs vacants i la visita guiada al Museu de la Ciutat de Val\u00e8ncia, seu de l&#8217;acte.<\/p>\n\n\n\n<p class=\"wp-block-paragraph\">La trobada dels cronistes es despla\u00e7ar\u00e0 el dissabte a Bocairent, a la Vall d&#8217;Albaida. Els assembleistes seran rebuts a les 10.15 per les autoritats locals, amb l&#8217;alcalde Xavier Molina al capdavant, abans de la intervenci\u00f3 de Mar\u00eda Josefa Sempere, cronista oficial de Bocairent. Despr\u00e9s de la dissertaci\u00f3 de la cronista sobre la vila, hi haur\u00e0 lectura de pon\u00e8ncies i comunicacions, visita al centre hist\u00f2ric de la ciutat, inclosa la pla\u00e7a de bous de Bocairent, la m\u00e9s antiga de la Comunitat Valenciana, i un recorregut pel convent rupestre de la localitat, excavat en pedra i que data de 1556.<\/p>\n\n\n\n<p class=\"wp-block-paragraph\">La jornada es completar\u00e0 a la vesprada amb la visita a l&#8217;esgl\u00e9sia parroquial i el seu museu, aix\u00ed com al Museu d\u2019Oficis de Bocairent, abans de la clausura oficial de l&#8217;assemblea. \u201cEspere que estes jornades siguen tan profitoses com de costum i que disfruteu de la visita a Bocairent i la Vall d&#8217;Albaida, on tindreu uns grans amfitrions\u201d, ha concl\u00f2s Nat\u00e0lia Enguix, donant l&#8217;enhorabona als Cronistes del Regne per \u201cl&#8217;obstinaci\u00f3 i la passi\u00f3 amb les quals mantenen viva la mem\u00f2ria dels nostres pobles i la nostra gent\u201d.<\/p>\n","protected":false},"excerpt":{"rendered":"<div class=\"mh-excerpt\">La vicepresidenta primera de la Diputaci\u00f3 participa en l&#8217;obertura de la XXXIV Assemblea de l&#8217;associaci\u00f3, que se celebra este divendres a Val\u00e8ncia i el dissabte a Bocairent. La corporaci\u00f3 provincial col\u00b7labora en la realitzaci\u00f3 de <a class=\"mh-excerpt-more\" href=\"https:\/\/tucomarca.whitekongsoftware.com\/ca\/natalia-enguix-destaca-el-treball-dels-cronistes-del-regne-per-la-pervivencia-de-lhabit-cultural-als-pobles\/\" title=\"Nat\u00e0lia Enguix destaca el treball dels Cronistes del Regne per la perviv\u00e8ncia de l&#8217;h\u00e0bit cultural als pobles\">[+] <\/a><\/div>\n","protected":false},"author":13,"featured_media":241822,"comment_status":"open","ping_status":"open","sticky":false,"template":"","format":"standard","meta":{"footnotes":""},"categories":[20529,10898,10948,10963,10894,10904,20456,11007,10947,10896],"tags":[21439,11199,21108,20262],"class_list":["post-241811","post","type-post","status-publish","format-standard","has-post-thumbnail","category-patrimonio-cultural-ca","category-ventana-ca","category-infraestructuras-ca","category-la-canal-de-navarres-ca","category-la-comarca-ca","category-sin-categorizar-ca","category-la-diputacio-de-valencia-informa-ca","category-ocio-y-cultura-ca","category-politica","category-seccion-ca","tag-area-patrimonio-cultural-ca","tag-la-comunitat-ca","tag-la-diputacio-en-las-comarcas-ca","tag-natalia-enguix-ca"],"_links":{"self":[{"href":"https:\/\/tucomarca.whitekongsoftware.com\/ca\/wp-json\/wp\/v2\/posts\/241811","targetHints":{"allow":["GET"]}}],"collection":[{"href":"https:\/\/tucomarca.whitekongsoftware.com\/ca\/wp-json\/wp\/v2\/posts"}],"about":[{"href":"https:\/\/tucomarca.whitekongsoftware.com\/ca\/wp-json\/wp\/v2\/types\/post"}],"author":[{"embeddable":true,"href":"https:\/\/tucomarca.whitekongsoftware.com\/ca\/wp-json\/wp\/v2\/users\/13"}],"replies":[{"embeddable":true,"href":"https:\/\/tucomarca.whitekongsoftware.com\/ca\/wp-json\/wp\/v2\/comments?post=241811"}],"version-history":[{"count":0,"href":"https:\/\/tucomarca.whitekongsoftware.com\/ca\/wp-json\/wp\/v2\/posts\/241811\/revisions"}],"wp:featuredmedia":[{"embeddable":true,"href":"https:\/\/tucomarca.whitekongsoftware.com\/ca\/wp-json\/wp\/v2\/media\/241822"}],"wp:attachment":[{"href":"https:\/\/tucomarca.whitekongsoftware.com\/ca\/wp-json\/wp\/v2\/media?parent=241811"}],"wp:term":[{"taxonomy":"category","embeddable":true,"href":"https:\/\/tucomarca.whitekongsoftware.com\/ca\/wp-json\/wp\/v2\/categories?post=241811"},{"taxonomy":"post_tag","embeddable":true,"href":"https:\/\/tucomarca.whitekongsoftware.com\/ca\/wp-json\/wp\/v2\/tags?post=241811"}],"curies":[{"name":"wp","href":"https:\/\/api.w.org\/{rel}","templated":true}]}}