{"id":241791,"date":"2024-10-25T09:26:00","date_gmt":"2024-10-25T07:26:00","guid":{"rendered":"https:\/\/www.tucomarca.com\/wordpress\/segunda\/?p=241791"},"modified":"2024-10-25T14:40:42","modified_gmt":"2024-10-25T12:40:42","slug":"lajuntament-de-xest-celebra-el-dia-del-comerc-local-posant-en-valor-les-iniciatives-de-suport-als-negocis-chestanos","status":"publish","type":"post","link":"https:\/\/tucomarca.whitekongsoftware.com\/ca\/lajuntament-de-xest-celebra-el-dia-del-comerc-local-posant-en-valor-les-iniciatives-de-suport-als-negocis-chestanos\/","title":{"rendered":"L&#8217;Ajuntament de Xest celebra el Dia del Comer\u00e7 local posant en valor les iniciatives de suport als negocis chestanos"},"content":{"rendered":"\n<h3 class=\"wp-block-heading\">Hui, divendres 25 d&#8217;octubre, Dia del Comer\u00e7 local, l&#8217;Ajuntament fa balan\u00e7 del treball realitzat per a afavorir al teixit comercial chestano.<\/h3>\n\n\n\n<p class=\"wp-block-paragraph\">Des de 2020, des de la regidoria de Comer\u00e7, en el marc de la campanya \u201cCompra a Xest, compra a casa\u201d s&#8217;han posat en marxa diferents accions promocionals per a fomentar el consum en els establiments de la localitat, posant en valor la proximitat, la professionalitat i la qualitat dels productes i serveis que ofereixen els negocis de la localitat. Entre elles destaquen accions com a concursos, promocions i repartiment de marxandatge amb el lema de la campanya, aprofitant en totes les ocasions les dates assenyalades de major consum, com a Nadal, Sant Valent\u00ed, Les Falles, les festes de la Verema o Halloween.<\/p>\n\n\n\n<p class=\"wp-block-paragraph\">\u201cDes de la Pand\u00e8mia, el comer\u00e7 local ha travessat moments complicats. No obstant aix\u00f2, gr\u00e0cies a l&#8217;esfor\u00e7 realitzat per l&#8217;Ajuntament, juntament amb els comer\u00e7os i la ciutadania, s&#8217;ha aconseguit mantindre les botigues obertes i hui podem celebrar el Dia del Comer\u00e7 amb optimisme\u201d, ha explicat la regidor de Comer\u00e7, Brenda Jim\u00e9nez. \u201cEl comer\u00e7 local no sols \u00e9s part de la nostra economia, \u00e9s tamb\u00e9 el cor de Xest. Les nostres botigues, restaurants i negocis creen ocupaci\u00f3, ofereixen productes de qualitat i s\u00f3n un punt de trobada\u201d.<\/p>\n\n\n\n<p class=\"wp-block-paragraph\">Durant els \u00faltims anys, l&#8217;Ajuntament ha impulsat tamb\u00e9 esdeveniments nous com la Fira del Vi i la Gastronomia de Xest, Vinachest, centrada en promocionar la localitat oferint un ampli programa de gastronomia de proximitat i oci; i ha oferit al xicotet i mitj\u00e0 comercie formaci\u00f3 gratu\u00efta per a millorar quant a aspectes com la digitalitzaci\u00f3, el m\u00e0rqueting i les xarxes socials, entre altres mesures.<\/p>\n\n\n\n<p class=\"wp-block-paragraph\">\u201cDes de l&#8217;Ajuntament hem treballat sense descans per a oferir ajudes directes, organitzar esdeveniments que atraguen a la ciutadania i a visitants i crear un entorn favorable per al desenvolupament dels comer\u00e7os. Sabem que sense un comer\u00e7 local fort, Xest no seria el mateix\u201d; ha manifestat l&#8217;alcalde, Jos\u00e9 Morell. \u201cHui \u00e9s un dia per a recon\u00e9ixer l&#8217;esfor\u00e7 que ha perm\u00e9s que el nostre municipi siga un referent en l&#8217;impuls de pol\u00edtiques p\u00fabliques dirigides al comer\u00e7 de proximitat\u201d.<\/p>\n\n\n\n<p class=\"wp-block-paragraph\"><\/p>\n","protected":false},"excerpt":{"rendered":"<div class=\"mh-excerpt\">Hui, divendres 25 d&#8217;octubre, Dia del Comer\u00e7 local, l&#8217;Ajuntament fa balan\u00e7 del treball realitzat per a afavorir al teixit comercial chestano. Des de 2020, des de la regidoria de Comer\u00e7, en el marc de la <a class=\"mh-excerpt-more\" href=\"https:\/\/tucomarca.whitekongsoftware.com\/ca\/lajuntament-de-xest-celebra-el-dia-del-comerc-local-posant-en-valor-les-iniciatives-de-suport-als-negocis-chestanos\/\" title=\"L&#8217;Ajuntament de Xest celebra el Dia del Comer\u00e7 local posant en valor les iniciatives de suport als negocis chestanos\">[+] <\/a><\/div>\n","protected":false},"author":12,"featured_media":241790,"comment_status":"open","ping_status":"open","sticky":false,"template":"","format":"standard","meta":{"footnotes":""},"categories":[10894,10912,11007,10947,10896,10974],"tags":[11071,12314,10914],"class_list":["post-241791","post","type-post","status-publish","format-standard","has-post-thumbnail","category-la-comarca-ca","category-la-hoya-ca","category-ocio-y-cultura-ca","category-politica","category-seccion-ca","category-cheste-ca","tag-cheste","tag-comercio-local-ca","tag-la-hoya-de-bunol-chiva-ca"],"_links":{"self":[{"href":"https:\/\/tucomarca.whitekongsoftware.com\/ca\/wp-json\/wp\/v2\/posts\/241791","targetHints":{"allow":["GET"]}}],"collection":[{"href":"https:\/\/tucomarca.whitekongsoftware.com\/ca\/wp-json\/wp\/v2\/posts"}],"about":[{"href":"https:\/\/tucomarca.whitekongsoftware.com\/ca\/wp-json\/wp\/v2\/types\/post"}],"author":[{"embeddable":true,"href":"https:\/\/tucomarca.whitekongsoftware.com\/ca\/wp-json\/wp\/v2\/users\/12"}],"replies":[{"embeddable":true,"href":"https:\/\/tucomarca.whitekongsoftware.com\/ca\/wp-json\/wp\/v2\/comments?post=241791"}],"version-history":[{"count":0,"href":"https:\/\/tucomarca.whitekongsoftware.com\/ca\/wp-json\/wp\/v2\/posts\/241791\/revisions"}],"wp:featuredmedia":[{"embeddable":true,"href":"https:\/\/tucomarca.whitekongsoftware.com\/ca\/wp-json\/wp\/v2\/media\/241790"}],"wp:attachment":[{"href":"https:\/\/tucomarca.whitekongsoftware.com\/ca\/wp-json\/wp\/v2\/media?parent=241791"}],"wp:term":[{"taxonomy":"category","embeddable":true,"href":"https:\/\/tucomarca.whitekongsoftware.com\/ca\/wp-json\/wp\/v2\/categories?post=241791"},{"taxonomy":"post_tag","embeddable":true,"href":"https:\/\/tucomarca.whitekongsoftware.com\/ca\/wp-json\/wp\/v2\/tags?post=241791"}],"curies":[{"name":"wp","href":"https:\/\/api.w.org\/{rel}","templated":true}]}}