{"id":241700,"date":"2024-10-25T08:00:00","date_gmt":"2024-10-25T06:00:00","guid":{"rendered":"https:\/\/www.tucomarca.com\/wordpress\/segunda\/?p=241700"},"modified":"2024-10-25T13:22:20","modified_gmt":"2024-10-25T11:22:20","slug":"la-diputacio-garantix-a-municipis-i-mancomunitats-els-servicis-socials-basics-fins-a-firmar-el-nou-conveni","status":"publish","type":"post","link":"https:\/\/tucomarca.whitekongsoftware.com\/ca\/la-diputacio-garantix-a-municipis-i-mancomunitats-els-servicis-socials-basics-fins-a-firmar-el-nou-conveni\/","title":{"rendered":"La Diputaci\u00f3 garantix a municipis i mancomunitats els servicis socials b\u00e0sics fins a firmar el nou conveni"},"content":{"rendered":"\n<h3 class=\"wp-block-heading\"><strong><strong>La diputada de Benestar Social, Imma Gonz\u00e1lez, explica que es firmaran addendes en cada contracte programa de la corporaci\u00f3 amb els ens locals per a prorrogar els servicis fins que entre en vigor el conveni en el qual treballa la Conselleria de Pol\u00edtiques Inclusives i que s&#8217;espera per a 2025<\/strong><\/strong>.<\/h3>\n\n\n\n<h3 class=\"wp-block-heading\"><strong><strong>La Diputaci\u00f3 de Val\u00e8ncia t\u00e9 contractes amb 38 municipis de menys de 15.000 habitants i 23 mancomunitats, i invertix 26 milions d\u2019euros a l&#8217;any en la contractaci\u00f3 d&#8217;educadors, treballadors socials, psic\u00f2legs i agents d&#8217;Igualtat, aix\u00ed com en els programes de Teleassist\u00e8ncia i el Menjar a Casa<\/strong><\/strong>.<\/h3>\n\n\n<div class=\"wp-block-image\">\n<figure class=\"alignleft size-large is-resized\"><img loading=\"lazy\" decoding=\"async\" width=\"1024\" height=\"683\" src=\"http:\/\/www.tucomarca.com\/wordpress\/segunda\/wp-content\/uploads\/2024\/10\/2_ImmaGonzalez-1024x683.jpg\" alt=\"\" class=\"wp-image-241695\" style=\"width:446px;height:auto\" srcset=\"https:\/\/tucomarca.whitekongsoftware.com\/wp-content\/uploads\/2024\/10\/2_ImmaGonzalez-1024x683.jpg 1024w, https:\/\/tucomarca.whitekongsoftware.com\/wp-content\/uploads\/2024\/10\/2_ImmaGonzalez-300x200.jpg 300w, https:\/\/tucomarca.whitekongsoftware.com\/wp-content\/uploads\/2024\/10\/2_ImmaGonzalez-768x512.jpg 768w, https:\/\/tucomarca.whitekongsoftware.com\/wp-content\/uploads\/2024\/10\/2_ImmaGonzalez-1536x1024.jpg 1536w, https:\/\/tucomarca.whitekongsoftware.com\/wp-content\/uploads\/2024\/10\/2_ImmaGonzalez-2048x1365.jpg 2048w\" sizes=\"auto, (max-width: 1024px) 100vw, 1024px\" \/><\/figure>\n<\/div>\n\n\n<p class=\"wp-block-paragraph\">La Diputaci\u00f3 de Val\u00e8ncia garantix els servicis socials d&#8217;atenci\u00f3 prim\u00e0ria als municipis de menys de 15.000 habitants fins que entre en vigor el nou conveni que ultima la Generalitat i que s&#8217;espera per a l&#8217;any vinent. Aix\u00ed ho ha assegurat este dijous la diputada de Benestar Social, Imma Gonz\u00e1lez, qui ha explicat que \u201cels servicis jur\u00eddics de la Diputaci\u00f3 treballen en l&#8217;aplicaci\u00f3 d&#8217;unes addendes, contemplades en la cl\u00e0usula n\u00famero 11 dels contractes firmats entre la Diputaci\u00f3 i els ens locals, que serviran per a prolongar la vig\u00e8ncia dels mateixos fins que estiga llest el nou contracte marc que prepara el Consell\u201d.<\/p>\n\n\n\n<p class=\"wp-block-paragraph\">Imma Gonz\u00e1lez destaca \u201cla import\u00e0ncia dels contractes programa amb ajuntaments i mancomunitats, que cobrixen servicis b\u00e0sics en m\u00e9s d&#8217;un centenar de municipis de la prov\u00edncia\u201d. \u201cEl problema \u00e9s que la Diputaci\u00f3 t\u00e9 firmats 38 contractes amb ajuntaments i 23 amb mancomunitats, que al seu torn presten servici a municipis xicotets, que caduquen el 31 de desembre d&#8217;enguany\u201d, detalla Gonz\u00e1lez, que ja va avan\u00e7ar en el ple d&#8217;octubre, a pregunta de l&#8217;oposici\u00f3, que la corporaci\u00f3 provincial \u201cmantindr\u00e0 la prestaci\u00f3 dels servicis fins que la Generalitat publique el nou conveni sobre el qual renovar els contractes\u201d.<\/p>\n\n\n\n<p class=\"wp-block-paragraph\">La Diputaci\u00f3 que presidix Vicent Momp\u00f3 ha invertit enguany 26 milions d&#8217;euros en estos contractes programa que permeten als municipis disposar d&#8217;educadors i treballadors socials, psic\u00f2legs i agents d&#8217;igualtat, entre altres professionals, aix\u00ed com el desenvolupament de programes com el de Teleassist\u00e8ncia o el Menjar a Casa, que oferix a les persones majors una dieta saludable en el seu propi domicili. \u201cLa soluci\u00f3 t\u00e8cnica que hem trobat permetr\u00e0 que no s&#8217;interrompen els servicis fins que es puguen firmar els nous contractes\u201d, apunta la diputada de Benestar Social.<\/p>\n\n\n\n<p class=\"wp-block-paragraph\"><strong>Des de 2019<\/strong><\/p>\n\n\n\n<p class=\"wp-block-paragraph\">L&#8217;origen dels contractes programa de servicis socials es remunta a la Llei 3\/2019, que establix que el Sistema P\u00fablic Valenci\u00e0 t\u00e9 car\u00e0cter de servici p\u00fablic essencial i imposa a les administracions p\u00fabliques l&#8217;obligaci\u00f3 de garantir l&#8217;exist\u00e8ncia i el manteniment amb la dotaci\u00f3 de personal i recursos t\u00e8cnics i financers. D&#8217;ac\u00ed sorgix el contracte programa de la Generalitat que regula el procediment i deixa en mans de les diputacions l&#8217;assist\u00e8ncia b\u00e0sica en els municipis de menor poblaci\u00f3.<\/p>\n\n\n\n<p class=\"wp-block-paragraph\">L&#8217;\u00faltim conveni rubricat entre la Generalitat i la Diputaci\u00f3 de Val\u00e8ncia data de l&#8217;any 2021 i finalitza el 31 de desembre de 2024. Fruit d&#8217;eixe conveni, tal com establix la llei, la Diputaci\u00f3 va firmar contractes programa amb ajuntaments i mancomunitats per a poder prestar els servicis. Estos convenis pluriennals que ara estan prop de caducar s\u00f3n els que es prolongaran fins que la nova norma permeta renovar els contractes.<\/p>\n\n\n\n<p class=\"wp-block-paragraph\">Imma Gonz\u00e1lez avan\u00e7a que \u201cla modificaci\u00f3 pot ser que ni tan sols tinga una aplicaci\u00f3 efectiva, ja que el nou conveni en el qual treballa el Consell tindr\u00e0 segurament efectes retroactius des de l&#8217;1 de gener de 2025\u201d. No obstant aix\u00f2, \u201cno hem volgut assumir riscos i deixar un buit en una atenci\u00f3 tan necess\u00e0ria com s\u00f3n els servicis socials b\u00e0sics, per aix\u00f2 s&#8217;introdu\u00efxen estes addendes que donaran seguretat jur\u00eddica als ajuntaments i les mancomunitats\u201d. \u201cEl m\u00e9s important \u00e9s que tant els alcaldes i alcaldesses com els usuaris poden estar tranquils, ja que no s&#8217;interrompran els servicis\u201d, conclou la diputada.<\/p>\n","protected":false},"excerpt":{"rendered":"<div class=\"mh-excerpt\">La diputada de Benestar Social, Imma Gonz\u00e1lez, explica que es firmaran addendes en cada contracte programa de la corporaci\u00f3 amb els ens locals per a prorrogar els servicis fins que entre en vigor el conveni <a class=\"mh-excerpt-more\" href=\"https:\/\/tucomarca.whitekongsoftware.com\/ca\/la-diputacio-garantix-a-municipis-i-mancomunitats-els-servicis-socials-basics-fins-a-firmar-el-nou-conveni\/\" title=\"La Diputaci\u00f3 garantix a municipis i mancomunitats els servicis socials b\u00e0sics fins a firmar el nou conveni\">[+] <\/a><\/div>\n","protected":false},"author":13,"featured_media":241698,"comment_status":"open","ping_status":"open","sticky":false,"template":"","format":"standard","meta":{"footnotes":""},"categories":[10898,10948,10894,10904,10947,10896],"tags":[12903,11199,21009,11140],"class_list":["post-241700","post","type-post","status-publish","format-standard","has-post-thumbnail","category-ventana-ca","category-infraestructuras-ca","category-la-comarca-ca","category-sin-categorizar-ca","category-politica","category-seccion-ca","tag-infraestructuras-ca","tag-la-comunitat-ca","tag-la-diputacio-de-valencia-ca","tag-politica-ca"],"_links":{"self":[{"href":"https:\/\/tucomarca.whitekongsoftware.com\/ca\/wp-json\/wp\/v2\/posts\/241700","targetHints":{"allow":["GET"]}}],"collection":[{"href":"https:\/\/tucomarca.whitekongsoftware.com\/ca\/wp-json\/wp\/v2\/posts"}],"about":[{"href":"https:\/\/tucomarca.whitekongsoftware.com\/ca\/wp-json\/wp\/v2\/types\/post"}],"author":[{"embeddable":true,"href":"https:\/\/tucomarca.whitekongsoftware.com\/ca\/wp-json\/wp\/v2\/users\/13"}],"replies":[{"embeddable":true,"href":"https:\/\/tucomarca.whitekongsoftware.com\/ca\/wp-json\/wp\/v2\/comments?post=241700"}],"version-history":[{"count":0,"href":"https:\/\/tucomarca.whitekongsoftware.com\/ca\/wp-json\/wp\/v2\/posts\/241700\/revisions"}],"wp:featuredmedia":[{"embeddable":true,"href":"https:\/\/tucomarca.whitekongsoftware.com\/ca\/wp-json\/wp\/v2\/media\/241698"}],"wp:attachment":[{"href":"https:\/\/tucomarca.whitekongsoftware.com\/ca\/wp-json\/wp\/v2\/media?parent=241700"}],"wp:term":[{"taxonomy":"category","embeddable":true,"href":"https:\/\/tucomarca.whitekongsoftware.com\/ca\/wp-json\/wp\/v2\/categories?post=241700"},{"taxonomy":"post_tag","embeddable":true,"href":"https:\/\/tucomarca.whitekongsoftware.com\/ca\/wp-json\/wp\/v2\/tags?post=241700"}],"curies":[{"name":"wp","href":"https:\/\/api.w.org\/{rel}","templated":true}]}}