{"id":241612,"date":"2024-10-24T08:15:00","date_gmt":"2024-10-24T06:15:00","guid":{"rendered":"https:\/\/www.tucomarca.com\/wordpress\/segunda\/?p=241612"},"modified":"2024-10-24T15:32:53","modified_gmt":"2024-10-24T13:32:53","slug":"la-diputacio-aposta-al-valencia-digital-summit-per-portar-la-innovacio-a-tota-la-provincia","status":"publish","type":"post","link":"https:\/\/tucomarca.whitekongsoftware.com\/ca\/la-diputacio-aposta-al-valencia-digital-summit-per-portar-la-innovacio-a-tota-la-provincia\/","title":{"rendered":"La Diputaci\u00f3 aposta al Valencia Digital Summit per portar la innovaci\u00f3 a tota la prov\u00edncia"},"content":{"rendered":"\n<h3 class=\"wp-block-heading\">El diputat d&#8217;Innovaci\u00f3, Juan Ram\u00f3n Adsuara, participa en la s\u00e8ptima edici\u00f3 de l&#8217;esdeveniment tecnol\u00f2gic m\u00e9s important de la Comunitat, que reunix els projectes m\u00e9s innovadors de l&#8217;ecosistema start up.<\/h3>\n\n\n\n<h3 class=\"wp-block-heading\">L&#8217;estand de la Diputaci\u00f3 en el certamen servix perqu\u00e8 els ajuntaments de la prov\u00edncia intercanvien experi\u00e8ncies per a atraure start ups i talent jove als seus territoris.<\/h3>\n\n\n\n<p class=\"wp-block-paragraph\">El diputat d&#8217;Innovaci\u00f3 de la Diputaci\u00f3 de Val\u00e8ncia, Juan Ram\u00f3n Adsuara, ha assistit a la s\u00e8ptima edici\u00f3 del Valencia Digital Summit, l&#8217;esdeveniment tecnol\u00f2gic m\u00e9s important de la Comunitat que reunix els projectes m\u00e9s innovadors de l&#8217;ecosistema start up. Enguany participen m\u00e9s de 2.500 startups i 12.000 professionals assistents.<\/p>\n\n\n\n<p class=\"wp-block-paragraph\">Durant la seua intervenci\u00f3 en el certamen, Adsuara he posat l&#8217;accent en la import\u00e0ncia de \u201cestendre tot l&#8217;ecosistema innovador als municipis de la prov\u00edncia. L&#8217;\u00e8xit que estem vivint a Val\u00e8ncia amb la creaci\u00f3 de nombroses empreses emergents digitals i tecnol\u00f2giques ha de veure&#8217;s reflectit en tot el territori, perqu\u00e8 si ocorre el contrari, correm el risc d&#8217;obrir una bretxa digital entre la capital i la resta de localitats\u201d.<\/p>\n\n\n\n<p class=\"wp-block-paragraph\">En este sentit, Adsuara ha apostat per \u201cportar tamb\u00e9 esdeveniments que reunisquen empreses emergents a altres municipis que no siguen Val\u00e8ncia capital. D&#8217;esta manera aconseguir\u00edem la creaci\u00f3 d&#8217;ocupaci\u00f3 als nostres pobles, generar\u00edem activitat i transformar\u00edem la prov\u00edncia, preparant-la per al futur\u201d.<\/p>\n\n\n\n<p class=\"wp-block-paragraph\">El certamen, que s&#8217;est\u00e0 celebrant a la Ciutat de les Arts i les Ci\u00e8ncies, ha batut el seu r\u00e8cord d&#8217;assistents internacionals en augmentar la participaci\u00f3 internacional un 65% aconseguint. El 35% dels assistents han vingut de fora d&#8217;Espa\u00f1a, amb m\u00e9s de 4.000 persones estrangeres procedents de 110 pa\u00efsos.<\/p>\n\n\n\n<p class=\"wp-block-paragraph\"><strong>Estand de la Diputaci\u00f3<\/strong><\/p>\n\n\n\n<p class=\"wp-block-paragraph\">La Diputaci\u00f3 de Val\u00e8ncia, que col\u00b7labora amb una aportaci\u00f3 de 100.000 euros en l&#8217;organitzaci\u00f3 del Valencia Digital Summit, compta amb el seu propi espai en l&#8217;esdeveniment. L&#8217;estand de la Diputaci\u00f3 est\u00e0 servint perqu\u00e8 els ajuntaments de la prov\u00edncia puguen intercanviar experi\u00e8ncies i treballar amb la finalitat de retindre el talent i el coneixement en els seus territoris.<\/p>\n\n\n\n<p class=\"wp-block-paragraph\">\u201cHem estat veient el treball de diferents empreses emergents que hem recolzat en algun moment, i que hem aconseguit que es queden a Val\u00e8ncia. Al final un dels nostres objectius \u00e9s fer costat a les start ups i posar-les en contacte amb ajuntaments que aposten per la innovaci\u00f3 i per la creaci\u00f3 de llocs de treball en el sector digital\u201d, ha manifestat Juan Ram\u00f3n Adsuara.<\/p>\n\n\n\n<p class=\"wp-block-paragraph\">El diputat, que ha visitat l&#8217;estand de la Diputaci\u00f3 al costat de l&#8217;alcaldessa de Val\u00e8ncia, Mar\u00eda Jos\u00e9 Catal\u00e1, ha afegit que \u201c\u00e9s essencial anar tots en la mateixa direcci\u00f3. Els ajuntaments, la Diputaci\u00f3 i la Generalitat, al costat de la Cambra de Comer\u00e7 i l&#8217;Associaci\u00f3 Val\u00e8ncia Startups, hem d&#8217;apostar perqu\u00e8 la prov\u00edncia de Val\u00e8ncia siga un territori de talent i d&#8217;innovaci\u00f3\u201d.<\/p>\n\n\n\n<p class=\"wp-block-paragraph\">L&#8217;estand de la Diputaci\u00f3 acull a m\u00e9s dos start ups valencianes que estan desenvolupant un producte no solament a Val\u00e8ncia capital, sin\u00f3 tamb\u00e9 en la resta del territori. Aix\u00f2 suposa un exemple de l&#8217;objectiu que perseguix la instituci\u00f3 provincial. \u201cHem de cultivar la pedrera que tenim a nivell local, donar-los totes les ferramentes per a salvaguardar el gen emprenedor de la nostra terra\u201d, ha concl\u00f2s Juan Ram\u00f3n Adsuara.<\/p>\n\n\n\n<h3 class=\"wp-block-heading\"><\/h3>\n\n\n\n<figure class=\"wp-block-image size-large\"><img loading=\"lazy\" decoding=\"async\" width=\"1024\" height=\"768\" src=\"http:\/\/www.tucomarca.com\/wordpress\/segunda\/wp-content\/uploads\/2024\/10\/ValenciaDigitalSummit01-1024x768.jpg\" alt=\"\" class=\"wp-image-241607\" srcset=\"https:\/\/tucomarca.whitekongsoftware.com\/wp-content\/uploads\/2024\/10\/ValenciaDigitalSummit01-1024x768.jpg 1024w, https:\/\/tucomarca.whitekongsoftware.com\/wp-content\/uploads\/2024\/10\/ValenciaDigitalSummit01-300x225.jpg 300w, https:\/\/tucomarca.whitekongsoftware.com\/wp-content\/uploads\/2024\/10\/ValenciaDigitalSummit01-768x576.jpg 768w, https:\/\/tucomarca.whitekongsoftware.com\/wp-content\/uploads\/2024\/10\/ValenciaDigitalSummit01-1536x1152.jpg 1536w, https:\/\/tucomarca.whitekongsoftware.com\/wp-content\/uploads\/2024\/10\/ValenciaDigitalSummit01-678x509.jpg 678w, https:\/\/tucomarca.whitekongsoftware.com\/wp-content\/uploads\/2024\/10\/ValenciaDigitalSummit01-326x245.jpg 326w, https:\/\/tucomarca.whitekongsoftware.com\/wp-content\/uploads\/2024\/10\/ValenciaDigitalSummit01-80x60.jpg 80w, https:\/\/tucomarca.whitekongsoftware.com\/wp-content\/uploads\/2024\/10\/ValenciaDigitalSummit01.jpg 1600w\" sizes=\"auto, (max-width: 1024px) 100vw, 1024px\" \/><\/figure>\n","protected":false},"excerpt":{"rendered":"<div class=\"mh-excerpt\">El diputat d&#8217;Innovaci\u00f3, Juan Ram\u00f3n Adsuara, participa en la s\u00e8ptima edici\u00f3 de l&#8217;esdeveniment tecnol\u00f2gic m\u00e9s important de la Comunitat, que reunix els projectes m\u00e9s innovadors de l&#8217;ecosistema start up. L&#8217;estand de la Diputaci\u00f3 en el <a class=\"mh-excerpt-more\" href=\"https:\/\/tucomarca.whitekongsoftware.com\/ca\/la-diputacio-aposta-al-valencia-digital-summit-per-portar-la-innovacio-a-tota-la-provincia\/\" title=\"La Diputaci\u00f3 aposta al Valencia Digital Summit per portar la innovaci\u00f3 a tota la prov\u00edncia\">[+] <\/a><\/div>\n","protected":false},"author":12,"featured_media":241610,"comment_status":"open","ping_status":"open","sticky":false,"template":"","format":"standard","meta":{"footnotes":""},"categories":[10948,10894,10904,10947,10896],"tags":[12903,18099,11199,21009],"class_list":["post-241612","post","type-post","status-publish","format-standard","has-post-thumbnail","category-infraestructuras-ca","category-la-comarca-ca","category-sin-categorizar-ca","category-politica","category-seccion-ca","tag-infraestructuras-ca","tag-innovacion-ca","tag-la-comunitat-ca","tag-la-diputacio-de-valencia-ca"],"_links":{"self":[{"href":"https:\/\/tucomarca.whitekongsoftware.com\/ca\/wp-json\/wp\/v2\/posts\/241612","targetHints":{"allow":["GET"]}}],"collection":[{"href":"https:\/\/tucomarca.whitekongsoftware.com\/ca\/wp-json\/wp\/v2\/posts"}],"about":[{"href":"https:\/\/tucomarca.whitekongsoftware.com\/ca\/wp-json\/wp\/v2\/types\/post"}],"author":[{"embeddable":true,"href":"https:\/\/tucomarca.whitekongsoftware.com\/ca\/wp-json\/wp\/v2\/users\/12"}],"replies":[{"embeddable":true,"href":"https:\/\/tucomarca.whitekongsoftware.com\/ca\/wp-json\/wp\/v2\/comments?post=241612"}],"version-history":[{"count":0,"href":"https:\/\/tucomarca.whitekongsoftware.com\/ca\/wp-json\/wp\/v2\/posts\/241612\/revisions"}],"wp:featuredmedia":[{"embeddable":true,"href":"https:\/\/tucomarca.whitekongsoftware.com\/ca\/wp-json\/wp\/v2\/media\/241610"}],"wp:attachment":[{"href":"https:\/\/tucomarca.whitekongsoftware.com\/ca\/wp-json\/wp\/v2\/media?parent=241612"}],"wp:term":[{"taxonomy":"category","embeddable":true,"href":"https:\/\/tucomarca.whitekongsoftware.com\/ca\/wp-json\/wp\/v2\/categories?post=241612"},{"taxonomy":"post_tag","embeddable":true,"href":"https:\/\/tucomarca.whitekongsoftware.com\/ca\/wp-json\/wp\/v2\/tags?post=241612"}],"curies":[{"name":"wp","href":"https:\/\/api.w.org\/{rel}","templated":true}]}}