{"id":241578,"date":"2024-10-23T14:00:00","date_gmt":"2024-10-23T12:00:00","guid":{"rendered":"https:\/\/www.tucomarca.com\/wordpress\/segunda\/?p=241578"},"modified":"2024-10-23T19:36:29","modified_gmt":"2024-10-23T17:36:29","slug":"el-ple-extraordinari-de-la-mocio-de-censura-del-psoe-i-prya-al-pp-a-requena-es-desenvolupara-el-dia-5-de-novembre","status":"publish","type":"post","link":"https:\/\/tucomarca.whitekongsoftware.com\/ca\/el-ple-extraordinari-de-la-mocio-de-censura-del-psoe-i-prya-al-pp-a-requena-es-desenvolupara-el-dia-5-de-novembre\/","title":{"rendered":"El ple extraordinari de la moci\u00f3 de censura del PSOE i PRyA al PP a Requena es desenvolupar\u00e0 el dia 5 de novembre"},"content":{"rendered":"\n<p class=\"wp-block-paragraph\">El PSPV-PSOE i el Partit de Requena i els Llogarets (PRyA) han presentat aquest dilluns la moci\u00f3 de censura contra l&#8217;alcaldessa del Partit Popular, Roc\u00edo Cort\u00e9s, a l&#8217;Ajuntament de Requena, el ple extraordinari del qual per a elegir al nou alcalde s&#8217;ha fixat per al 5 de novembre.<\/p>\n\n\n\n<p class=\"wp-block-paragraph\">Mitjan\u00e7ant aquesta moci\u00f3, el socialista Mario S\u00e1nchez, guanyador de les eleccions municipals del 28 de maig de 2023, ser\u00e0 el futur alcalde. El PSPV compta amb 8 edils, mentre que el PRyA, liderat per Joaqu\u00edn Gonz\u00e1lez, t\u00e9 3, la qual cosa els atorga una majoria absoluta d&#8217;11 regidors per a impulsar la moci\u00f3 de censura contra l&#8217;alcaldessa popular Roc\u00edo Cort\u00e9s, actual presidenta de la Federaci\u00f3 Valenciana de Municipis i Prov\u00edncies.<\/p>\n\n\n\n<p class=\"wp-block-paragraph\">Tal com ha transcendit, el repartiment de regidories, pendent del ple que se celebrar\u00e0 el pr\u00f2xim 5 de novembre, quedar\u00e0 de la manera seg\u00fcent:<\/p>\n\n\n\n<p class=\"wp-block-paragraph\">Els regidors del PSPV-PSOE es faran c\u00e0rrec de les \u00e0rees:<\/p>\n\n\n\n<p class=\"wp-block-paragraph\">&#8211; Mario S\u00e1nchez Gonz\u00e1lez. Alcalde. Hisenda, Transpar\u00e8ncia, Govern obert, Repoblaci\u00f3. Habitatge. Sanitat.<br>&#8211; Josep C. Xirivella Garc\u00eda. 2n tinent d&#8217;alcalde. Personal, Inform\u00e0tica, Xicotet Comer\u00e7, Brigada: obres, electricitat i lampisteria.<br>&#8211; M\u00aa Jos\u00e9 Mart\u00edn Mu\u00f1oz. 3a tinenta d&#8217;alcalde. Cultura i Turisme.<br>&#8211; Jos\u00e9 Luis Barrera Gabald\u00f3n. Urbanisme i Parcs, Efici\u00e8ncia energ\u00e8tica, Fons Europeus, Fira i Festes, Educaci\u00f3.<br>&#8211; Vanesa P\u00e9rez Reolid. 5a tinenta d&#8217;alcalde. Patrimoni i edificis municipals.<br>&#8211; David Arona Pres\u00f3. 6\u00e9 tinent d&#8217;alcalde. Esports, Joventut i Inf\u00e0ncia.<br>&#8211; Pilar Amig\u00f3 Laguarda. 7a tinenta d&#8217;alcalde. Persones majors.<br>&#8211; Patricia P\u00e9rez Piqueras. Serveis socials, Igualtat, Atenci\u00f3 a la Ciutadania, Cadastre, Promoci\u00f3 Econ\u00f2mica, Ocupaci\u00f3, Comunicaci\u00f3, Riscos Laborals.<\/p>\n\n\n\n<p class=\"wp-block-paragraph\">Mentre que els edils del PRyA:<\/p>\n\n\n\n<p class=\"wp-block-paragraph\">&#8211; Joaqu\u00edn Gonz\u00e1lez Gonz\u00e1lez. Primer tinent d&#8217;alcalde. Governaci\u00f3, Ind\u00fastria, Patrimoni Hist\u00f2ric i Cicle H\u00eddric.<br>&#8211; Javier Jord\u00e1 S\u00e1nchez. Brigada: pintura, jardineria i neteja, Llogarets i Transport.<\/p>\n","protected":false},"excerpt":{"rendered":"<div class=\"mh-excerpt\">El PSPV-PSOE i el Partit de Requena i els Llogarets (PRyA) han presentat aquest dilluns la moci\u00f3 de censura contra l&#8217;alcaldessa del Partit Popular, Roc\u00edo Cort\u00e9s, a l&#8217;Ajuntament de Requena, el ple extraordinari del qual <a class=\"mh-excerpt-more\" href=\"https:\/\/tucomarca.whitekongsoftware.com\/ca\/el-ple-extraordinari-de-la-mocio-de-censura-del-psoe-i-prya-al-pp-a-requena-es-desenvolupara-el-dia-5-de-novembre\/\" title=\"El ple extraordinari de la moci\u00f3 de censura del PSOE i PRyA al PP a Requena es desenvolupar\u00e0 el dia 5 de novembre\">[+] <\/a><\/div>\n","protected":false},"author":12,"featured_media":241577,"comment_status":"open","ping_status":"open","sticky":false,"template":"","format":"standard","meta":{"footnotes":""},"categories":[10898,10948,10894,10904,10947,10908,10909,10896],"tags":[12796,11319,11099,10910],"class_list":["post-241578","post","type-post","status-publish","format-standard","has-post-thumbnail","category-ventana-ca","category-infraestructuras-ca","category-la-comarca-ca","category-sin-categorizar-ca","category-politica","category-requena-ca","category-requena-utiel-ca","category-seccion-ca","tag-prya-ca","tag-pspv-psoe-ca","tag-requena-ca","tag-requena-utiel-ca"],"_links":{"self":[{"href":"https:\/\/tucomarca.whitekongsoftware.com\/ca\/wp-json\/wp\/v2\/posts\/241578","targetHints":{"allow":["GET"]}}],"collection":[{"href":"https:\/\/tucomarca.whitekongsoftware.com\/ca\/wp-json\/wp\/v2\/posts"}],"about":[{"href":"https:\/\/tucomarca.whitekongsoftware.com\/ca\/wp-json\/wp\/v2\/types\/post"}],"author":[{"embeddable":true,"href":"https:\/\/tucomarca.whitekongsoftware.com\/ca\/wp-json\/wp\/v2\/users\/12"}],"replies":[{"embeddable":true,"href":"https:\/\/tucomarca.whitekongsoftware.com\/ca\/wp-json\/wp\/v2\/comments?post=241578"}],"version-history":[{"count":0,"href":"https:\/\/tucomarca.whitekongsoftware.com\/ca\/wp-json\/wp\/v2\/posts\/241578\/revisions"}],"wp:featuredmedia":[{"embeddable":true,"href":"https:\/\/tucomarca.whitekongsoftware.com\/ca\/wp-json\/wp\/v2\/media\/241577"}],"wp:attachment":[{"href":"https:\/\/tucomarca.whitekongsoftware.com\/ca\/wp-json\/wp\/v2\/media?parent=241578"}],"wp:term":[{"taxonomy":"category","embeddable":true,"href":"https:\/\/tucomarca.whitekongsoftware.com\/ca\/wp-json\/wp\/v2\/categories?post=241578"},{"taxonomy":"post_tag","embeddable":true,"href":"https:\/\/tucomarca.whitekongsoftware.com\/ca\/wp-json\/wp\/v2\/tags?post=241578"}],"curies":[{"name":"wp","href":"https:\/\/api.w.org\/{rel}","templated":true}]}}