{"id":241556,"date":"2024-10-23T10:27:00","date_gmt":"2024-10-23T08:27:00","guid":{"rendered":"https:\/\/www.tucomarca.com\/wordpress\/segunda\/?p=241556"},"modified":"2024-10-23T19:27:49","modified_gmt":"2024-10-23T17:27:49","slug":"la-diputacio-concedira-ajudes-a-29-comparses-de-moros-i-cristians-de-nou-municipis-de-la-ribera","status":"publish","type":"post","link":"https:\/\/tucomarca.whitekongsoftware.com\/ca\/la-diputacio-concedira-ajudes-a-29-comparses-de-moros-i-cristians-de-nou-municipis-de-la-ribera\/","title":{"rendered":"La Diputaci\u00f3 concedir\u00e0 ajudes a 29 comparses de moros i cristians de nou municipis de la Ribera"},"content":{"rendered":"\n<h3 class=\"wp-block-heading\">L&#8217;objectiu del govern del president Momp\u00f3 i la vicepresidenta Enguix \u00e9s equiparar la festa amb les Falles. Han demanat l&#8217;ajuda 406 comparses de 79 municipis d&#8217;11 comarques, a m\u00e9s de 19 col\u00b7lectius de la capital.<\/h3>\n\n\n\n<h3 class=\"wp-block-heading\">La Pobla Llarga, amb huit col\u00b7lectius festers, Castell\u00f3 i Alzira, amb cinc, i Rafelguaraf, amb quatre, s\u00f3n els municipis amb m\u00e9s sol\u00b7licituds presentades a la comarca, que rebr\u00e0 prop de 15.000 euros per a la festa.<\/h3>\n\n\n\n<p class=\"wp-block-paragraph\">La Ribera rebr\u00e0 prop de15.000 euros de la Diputaci\u00f3 de Val\u00e8ncia per a la difusi\u00f3 de la festa de moros i cristians. Les ajudes arribaran a trav\u00e9s de les 28 comparses de huit municipis de la Ribera Alta, i de la comparsa Templaris de la Taula Redona de Llaur\u00ed, a la Ribera Baixa, que han presentat la sol\u00b7licitud per a rebre els 500 euros anunciats per la vicepresidenta de la Diputaci\u00f3, Nat\u00e0lia Enguix. L&#8217;objectiu de l&#8217;ens provincial \u00e9s refor\u00e7ar la col\u00b7laboraci\u00f3 amb la festa de Moros i Cristians.<\/p>\n\n\n\n<p class=\"wp-block-paragraph\">Per municipis, La Pobla Llarga est\u00e0 representada per huit comparses, enfront de les cinc de Castell\u00f3 i Alzira i les quatre de Rafelguaraf. Amb dos comparses subvencionades apareixen Antella i Senyera. Completen la representaci\u00f3 de la Ribera Alta C\u00e0rcer i Sumac\u00e0rcer, amb un col\u00b7lectiu fester per municipi. Per part seua, la Ribera Baixa compta amb la comparsa Templaris de la Taula Redona de Llaur\u00ed.<\/p>\n\n\n\n<p class=\"wp-block-paragraph\">La Diputaci\u00f3 de Val\u00e8ncia ampliar\u00e0 la partida i destinar\u00e0 una mica m\u00e9s de 200.000 euros per a les comparses de moros i cristians de la prov\u00edncia que han sol\u00b7licitat l&#8217;ajuda de 500 euros anunciada per la vicepresidenta primera, Nat\u00e0lia Enguix, qui coincidix amb el president de la corporaci\u00f3, Vicent Momp\u00f3, en la seua intenci\u00f3 \u201cd&#8217;equiparar esta festa de gran arrelament als nostres pobles i ciutats amb la de les Falles\u201d.<\/p>\n\n\n\n<p class=\"wp-block-paragraph\">La convocat\u00f2ria per a sol\u00b7licitar les ajudes es va publicar en el BOP del passat 10 de setembre i, complit el termini de presentaci\u00f3, la Diputaci\u00f3 ha registrat 406 sol\u00b7licituds de comparses, filaes i associacions vinculades als moros i cristians. Estes sol\u00b7licituds provenen de 79 municipis, inclosa la capital, i d&#8217;un total d&#8217;11 comarques. \u201cL&#8217;extraordin\u00e0ria resposta a la convocat\u00f2ria que varem anunciar el mes passat demostra la implantaci\u00f3 que t\u00e9 la festa en el nostre territori\u201d, apunta Enguix, qui insistix que des de la corporaci\u00f3 \u201cfarem el que estiga al nostre abast perqu\u00e8 la celebraci\u00f3 de Moros i Cristians tinga major difusi\u00f3\u201d.<\/p>\n\n\n\n<p class=\"wp-block-paragraph\">En la mateixa l\u00ednia s&#8217;expressa el president de la Diputaci\u00f3, Vicent Momp\u00f3, ferm defensor de les senyes d&#8217;identitat i les tradicions valencianes, entre les quals s&#8217;inclouen les celebracions populars i en concret els moros i cristians. \u201cLes nostres festes ens definixen com a poble, i per aix\u00f2 estem compromesos en enfortir les ajudes que esta instituci\u00f3 oferix als col\u00b7lectius que treballen incansablement per a mantindre vives les nostres tradicions. Continuarem apostant per la seua preservaci\u00f3, ajudant als qui fan possible que els Moros i Cristians continuen sent una part essencial de la cultura valenciana\u201d, assenyala.<\/p>\n\n\n\n<p class=\"wp-block-paragraph\"><strong>Una festa vertebradora<\/strong><\/p>\n\n\n\n<p class=\"wp-block-paragraph\">La proced\u00e8ncia de les sol\u00b7licituds presentades demostra la implantaci\u00f3 dels moros i cristians a la prov\u00edncia i el seu paper vertebrador del territori. La Vall d&#8217;Albaida se situa com la comarca on m\u00e9s protagonisme cobra la festa, amb 137 comparses de 21 municipis que rebran els 500 euros anunciats per la Diputaci\u00f3. Per\u00f2 no \u00e9s necessari despla\u00e7ar-se fins a l&#8217;interior de la prov\u00edncia per a comprovar l&#8217;impacte de la festa. L&#8217;Horta Sud rebr\u00e0 ajudes per a 91 comparses de 13 municipis; l&#8217;Horta Nord tindr\u00e0 finan\u00e7ament per a 30 comparses de Paterna i Montcada; i la ciutat de Val\u00e8ncia est\u00e0 representada per 19 comparses que es repartiran prop de 10.000 euros.<\/p>\n\n\n\n<p class=\"wp-block-paragraph\">Per municipis, Paterna se situa al capdavant amb 21 sol\u00b7licituds presentades, seguida de prop per Ontinyent i Val\u00e8ncia, amb 19 comparses subvencionades cadascuna, i Aldaia i Alaqu\u00e0s, a l&#8217;Horta Sud, amb 17 i 15 col\u00b7lectius festers respectivament. En paraules de Nat\u00e0lia Enguix, \u201cla recent declaraci\u00f3 dels Moros i Cristians d&#8217;Ontinyent com a Festa d&#8217;Inter\u00e9s Internacional demostra el potencial d&#8217;esta celebraci\u00f3 en tota la prov\u00edncia, i que no ens varem equivocar quan decidirem ajudar a eixes comparses que treballen molt dur i amb una tremenda il\u00b7lusi\u00f3 per a protegir i difondre la nostra identitat i el nostre patrimoni cultural\u201d.<\/p>\n\n\n\n<p class=\"wp-block-paragraph\">Momp\u00f3 i Enguix destaquen que la Diputaci\u00f3 \u201cconcedir\u00e0 el mateix tractament a les dos principals festes de la prov\u00edncia, donant resposta a una reivindicaci\u00f3 hist\u00f2rica i despr\u00e9s de diversos intents pol\u00edtics que han quedat en una declaraci\u00f3 d&#8217;intencions\u201d.<\/p>\n","protected":false},"excerpt":{"rendered":"<div class=\"mh-excerpt\">L&#8217;objectiu del govern del president Momp\u00f3 i la vicepresidenta Enguix \u00e9s equiparar la festa amb les Falles. Han demanat l&#8217;ajuda 406 comparses de 79 municipis d&#8217;11 comarques, a m\u00e9s de 19 col\u00b7lectius de la capital. <a class=\"mh-excerpt-more\" href=\"https:\/\/tucomarca.whitekongsoftware.com\/ca\/la-diputacio-concedira-ajudes-a-29-comparses-de-moros-i-cristians-de-nou-municipis-de-la-ribera\/\" title=\"La Diputaci\u00f3 concedir\u00e0 ajudes a 29 comparses de moros i cristians de nou municipis de la Ribera\">[+] <\/a><\/div>\n","protected":false},"author":12,"featured_media":241555,"comment_status":"open","ping_status":"open","sticky":false,"template":"","format":"standard","meta":{"footnotes":""},"categories":[20529,11053,10898,10894,20456,10942,10902,11007,11002,10896,11049],"tags":[11246,20661,20823,11356],"class_list":["post-241556","post","type-post","status-publish","format-standard","has-post-thumbnail","category-patrimonio-cultural-ca","category-carcer-ca","category-ventana-ca","category-la-comarca-ca","category-la-diputacio-de-valencia-informa-ca","category-la-pobla-llarga-ca","category-la-ribera-ca","category-ocio-y-cultura-ca","category-rafelguaraf-ca","category-seccion-ca","category-sumacarcer-ca","tag-diputacio-de-valencia-ca","tag-moros-y-cristianos-ca","tag-patrimonio-cultural-ca","tag-ribera-alta-ca"],"_links":{"self":[{"href":"https:\/\/tucomarca.whitekongsoftware.com\/ca\/wp-json\/wp\/v2\/posts\/241556","targetHints":{"allow":["GET"]}}],"collection":[{"href":"https:\/\/tucomarca.whitekongsoftware.com\/ca\/wp-json\/wp\/v2\/posts"}],"about":[{"href":"https:\/\/tucomarca.whitekongsoftware.com\/ca\/wp-json\/wp\/v2\/types\/post"}],"author":[{"embeddable":true,"href":"https:\/\/tucomarca.whitekongsoftware.com\/ca\/wp-json\/wp\/v2\/users\/12"}],"replies":[{"embeddable":true,"href":"https:\/\/tucomarca.whitekongsoftware.com\/ca\/wp-json\/wp\/v2\/comments?post=241556"}],"version-history":[{"count":0,"href":"https:\/\/tucomarca.whitekongsoftware.com\/ca\/wp-json\/wp\/v2\/posts\/241556\/revisions"}],"wp:featuredmedia":[{"embeddable":true,"href":"https:\/\/tucomarca.whitekongsoftware.com\/ca\/wp-json\/wp\/v2\/media\/241555"}],"wp:attachment":[{"href":"https:\/\/tucomarca.whitekongsoftware.com\/ca\/wp-json\/wp\/v2\/media?parent=241556"}],"wp:term":[{"taxonomy":"category","embeddable":true,"href":"https:\/\/tucomarca.whitekongsoftware.com\/ca\/wp-json\/wp\/v2\/categories?post=241556"},{"taxonomy":"post_tag","embeddable":true,"href":"https:\/\/tucomarca.whitekongsoftware.com\/ca\/wp-json\/wp\/v2\/tags?post=241556"}],"curies":[{"name":"wp","href":"https:\/\/api.w.org\/{rel}","templated":true}]}}