{"id":241548,"date":"2024-10-23T13:00:00","date_gmt":"2024-10-23T11:00:00","guid":{"rendered":"https:\/\/www.tucomarca.com\/wordpress\/segunda\/?p=241548"},"modified":"2024-10-23T19:19:23","modified_gmt":"2024-10-23T17:19:23","slug":"la-diputacio-de-valencia-amplia-la-partida-per-a-donar-ajudes-a-mes-de-400-comparses-de-moros-i-cristians","status":"publish","type":"post","link":"https:\/\/tucomarca.whitekongsoftware.com\/ca\/la-diputacio-de-valencia-amplia-la-partida-per-a-donar-ajudes-a-mes-de-400-comparses-de-moros-i-cristians\/","title":{"rendered":"La Diputaci\u00f3 de Val\u00e8ncia amplia la partida per a donar ajudes a m\u00e9s de 400 comparses de moros i cristians"},"content":{"rendered":"\n<h3 class=\"wp-block-heading\">L&#8217;objectiu del govern del president Momp\u00f3 i la vicepresidenta Enguix \u00e9s equiparar la festa amb les Falles. Han demanat l&#8217;ajuda 406 comparses de 79 municipis d&#8217;11 comarques, a m\u00e9s de 19 col\u00b7lectius de la capital.<\/h3>\n\n\n\n<h3 class=\"wp-block-heading\">Nat\u00e0lia Enguix insistix que des de la Diputaci\u00f3 \u201cfarem el que estiga al nostre abast perqu\u00e8 la festa tinga cada vegada major difusi\u00f3\u201d. Paterna t\u00e9 21 comparses subvencionades, per les 19 d&#8217;Ontinyent i 17 d&#8217;Aldaia.<\/h3>\n\n\n\n<p class=\"wp-block-paragraph\">La Diputaci\u00f3 de Val\u00e8ncia ampliar\u00e0 la partida i destinar\u00e0 una mica m\u00e9s de 200.000 euros per a les comparses de moros i cristians de la prov\u00edncia que han sol\u00b7licitat l&#8217;ajuda de 500 euros anunciada per la vicepresidenta primera, Nat\u00e0lia Enguix, qui coincidix amb el president de la corporaci\u00f3, Vicent Momp\u00f3, en la seua intenci\u00f3 \u201cd&#8217;equiparar esta festa de gran arrelament als nostres pobles i ciutats amb la de les Falles\u201d.<\/p>\n\n\n\n<p class=\"wp-block-paragraph\">La convocat\u00f2ria per a sol\u00b7licitar les ajudes es va publicar en el BOP del passat 10 de setembre i, complit el termini de presentaci\u00f3, la Diputaci\u00f3 ha registrat 406 sol\u00b7licituds de comparses, filaes i associacions vinculades als moros i cristians. Estes sol\u00b7licituds provenen de 79 municipis, inclosa la capital, i d&#8217;un total d&#8217;11 comarques. \u201cL&#8217;extraordin\u00e0ria resposta a la convocat\u00f2ria que varem anunciar el mes passat demostra la implantaci\u00f3 que t\u00e9 la festa en el nostre territori\u201d, apunta Enguix, qui insistix que des de la corporaci\u00f3 \u201cfarem el que estiga al nostre abast perqu\u00e8 la celebraci\u00f3 de Moros i Cristians tinga major difusi\u00f3\u201d.<\/p>\n\n\n\n<p class=\"wp-block-paragraph\">En la mateixa l\u00ednia s&#8217;expressa el president de la Diputaci\u00f3, Vicent Momp\u00f3, ferm defensor de les senyes d&#8217;identitat i les tradicions valencianes, entre les quals s&#8217;inclouen les celebracions populars i en concret els moros i cristians. \u201cLes nostres festes ens definixen com a poble, i per aix\u00f2 estem compromesos en enfortir les ajudes que la instituci\u00f3 oferix als col\u00b7lectius que treballen incansablement per a mantindre vives les nostres tradicions. Continuarem apostant per la seua preservaci\u00f3, ajudant als qui fan possible que els Moros i Cristians continuen sent una part essencial de la cultura valenciana\u201d, assenyala.<\/p>\n\n\n\n<p class=\"wp-block-paragraph\"><strong>Una festa vertebradora<\/strong><\/p>\n\n\n\n<p class=\"wp-block-paragraph\">La proced\u00e8ncia de les sol\u00b7licituds presentades demostra la implantaci\u00f3 dels moros i cristians a la prov\u00edncia i el seu paper com a vertebrador del territori. La Vall d&#8217;Albaida se situa com la comarca on m\u00e9s protagonisme cobra la festa, amb 137 comparses de 21 municipis que rebran els 500 euros anunciats per la Diputaci\u00f3. Per\u00f2 no \u00e9s necessari despla\u00e7ar-se fins a l&#8217;interior de la prov\u00edncia per a comprovar l&#8217;impacte de la festa. L&#8217;Horta Sud rebr\u00e0 ajudes per a 91 comparses de 13 municipis; l&#8217;Horta Nord tindr\u00e0 finan\u00e7ament per a 30 comparses de Paterna i Montcada; i la ciutat de Val\u00e8ncia est\u00e0 representada per 19 comparses que es repartiran prop de 10.000 euros.<\/p>\n\n\n\n<p class=\"wp-block-paragraph\">Des de la Safor s&#8217;han presentat 41 sol\u00b7licituds de comparses de 14 municipis, mentre que la Costera compta amb 35 comparses subvencionades de set localitats i la Canal de Navarr\u00e9s 16 col\u00b7lectius festers de cinc pobles. La Ribera Alta \u00e9s una altra de les comarques destacades amb 28 filaes de huit municipis distints, a les que cal afegir als Templaris de la Taula Redona de Llaur\u00ed, a la Ribera Baixa. El repartiment es completa amb cinc comparses del Camp de T\u00faria que rebran els 500 euros de la Diputaci\u00f3, dos de Ll\u00edria i una de Riba-roja, B\u00e9tera i Olocau; dos filaes de Sagunt, al Camp de Morvedre; i l&#8217;Associaci\u00f3 Comparsas Moras de Tu\u00e9jar, en la Serran\u00eda.<\/p>\n\n\n\n<p class=\"wp-block-paragraph\">Per municipis, Paterna se situa al capdavant amb 21 sol\u00b7licituds presentades, seguida de prop per Ontinyent i Val\u00e8ncia, amb 19 comparses subvencionades cadascuna, i Aldaia i Alaqu\u00e0s, a l&#8217;Horta Sud, amb 17 i 15 col\u00b7lectius festers respectivament. En paraules de Nat\u00e0lia Enguix, \u201cla recent declaraci\u00f3 dels Moros i Cristians d&#8217;Ontinyent com a Festa d&#8217;Inter\u00e9s Internacional demostra el potencial d&#8217;esta celebraci\u00f3 en tota la prov\u00edncia, i que no ens varem equivocar quan decidirem ajudar a eixes comparses que treballen molt dur i amb una tremenda il\u00b7lusi\u00f3 per a protegir i difondre la nostra identitat i el nostre patrimoni cultural\u201d.<\/p>\n\n\n\n<p class=\"wp-block-paragraph\">La convocat\u00f2ria \u00e9s l&#8217;inici de la col\u00b7laboraci\u00f3 que la Diputaci\u00f3 pret\u00e9n mantindre amb la festa de Moros i Cristians. Al marge de les ajudes que rebran les comparses, la vicepresidenta Enguix es va reunir recentment amb la UNDEF i va acordar la participaci\u00f3 de la Diputaci\u00f3 en el Congr\u00e9s Internacional de Festes de Moros i Cristians que l&#8217;ens festiu, amb m\u00e9s de 50 municipis valencians associats, celebrar\u00e0 en juny de 2025.<\/p>\n\n\n\n<p class=\"wp-block-paragraph\">Momp\u00f3 i Enguix destaquen que la Diputaci\u00f3 \u201cconcedir\u00e0 el mateix tractament a les dos principals festes de la prov\u00edncia, donant resposta a una reivindicaci\u00f3 hist\u00f2rica i despr\u00e9s de diversos intents pol\u00edtics que han quedat en una declaraci\u00f3 d&#8217;intencions\u201d.<\/p>\n","protected":false},"excerpt":{"rendered":"<div class=\"mh-excerpt\">L&#8217;objectiu del govern del president Momp\u00f3 i la vicepresidenta Enguix \u00e9s equiparar la festa amb les Falles. Han demanat l&#8217;ajuda 406 comparses de 79 municipis d&#8217;11 comarques, a m\u00e9s de 19 col\u00b7lectius de la capital. <a class=\"mh-excerpt-more\" href=\"https:\/\/tucomarca.whitekongsoftware.com\/ca\/la-diputacio-de-valencia-amplia-la-partida-per-a-donar-ajudes-a-mes-de-400-comparses-de-moros-i-cristians\/\" title=\"La Diputaci\u00f3 de Val\u00e8ncia amplia la partida per a donar ajudes a m\u00e9s de 400 comparses de moros i cristians\">[+] <\/a><\/div>\n","protected":false},"author":12,"featured_media":233601,"comment_status":"open","ping_status":"open","sticky":false,"template":"","format":"standard","meta":{"footnotes":""},"categories":[20529,10937,11046,10898,10894,10904,20456,10928,11007,10935,10906,10896,11028],"tags":[10899,11246,20661,20262,20823],"class_list":["post-241548","post","type-post","status-publish","format-standard","has-post-thumbnail","category-patrimonio-cultural-ca","category-betera-ca","category-los-serranos-ca","category-ventana-ca","category-la-comarca-ca","category-sin-categorizar-ca","category-la-diputacio-de-valencia-informa-ca","category-lliria-ca","category-ocio-y-cultura-ca","category-olocau-ca","category-riba-roja-ca","category-seccion-ca","category-tuejar-ca","tag-camp-de-turia-ca","tag-diputacio-de-valencia-ca","tag-moros-y-cristianos-ca","tag-natalia-enguix-ca","tag-patrimonio-cultural-ca"],"_links":{"self":[{"href":"https:\/\/tucomarca.whitekongsoftware.com\/ca\/wp-json\/wp\/v2\/posts\/241548","targetHints":{"allow":["GET"]}}],"collection":[{"href":"https:\/\/tucomarca.whitekongsoftware.com\/ca\/wp-json\/wp\/v2\/posts"}],"about":[{"href":"https:\/\/tucomarca.whitekongsoftware.com\/ca\/wp-json\/wp\/v2\/types\/post"}],"author":[{"embeddable":true,"href":"https:\/\/tucomarca.whitekongsoftware.com\/ca\/wp-json\/wp\/v2\/users\/12"}],"replies":[{"embeddable":true,"href":"https:\/\/tucomarca.whitekongsoftware.com\/ca\/wp-json\/wp\/v2\/comments?post=241548"}],"version-history":[{"count":0,"href":"https:\/\/tucomarca.whitekongsoftware.com\/ca\/wp-json\/wp\/v2\/posts\/241548\/revisions"}],"wp:featuredmedia":[{"embeddable":true,"href":"https:\/\/tucomarca.whitekongsoftware.com\/ca\/wp-json\/wp\/v2\/media\/233601"}],"wp:attachment":[{"href":"https:\/\/tucomarca.whitekongsoftware.com\/ca\/wp-json\/wp\/v2\/media?parent=241548"}],"wp:term":[{"taxonomy":"category","embeddable":true,"href":"https:\/\/tucomarca.whitekongsoftware.com\/ca\/wp-json\/wp\/v2\/categories?post=241548"},{"taxonomy":"post_tag","embeddable":true,"href":"https:\/\/tucomarca.whitekongsoftware.com\/ca\/wp-json\/wp\/v2\/tags?post=241548"}],"curies":[{"name":"wp","href":"https:\/\/api.w.org\/{rel}","templated":true}]}}