{"id":241529,"date":"2024-10-23T08:45:00","date_gmt":"2024-10-23T06:45:00","guid":{"rendered":"https:\/\/www.tucomarca.com\/wordpress\/segunda\/?p=241529"},"modified":"2024-10-23T13:43:19","modified_gmt":"2024-10-23T11:43:19","slug":"prop-de-400-corredors-participen-en-la-novena-edicio-del-trail-de-bunyol","status":"publish","type":"post","link":"https:\/\/tucomarca.whitekongsoftware.com\/ca\/prop-de-400-corredors-participen-en-la-novena-edicio-del-trail-de-bunyol\/","title":{"rendered":"Prop de 400 corredors participen en la novena edici\u00f3 del Trail de Bunyol"},"content":{"rendered":"\n<p class=\"wp-block-paragraph\">El Passeig de de Sant Llu\u00eds de Bunyol ha sigut l&#8217;escenari de l&#8217;eixida i la meta de la novena edici\u00f3 del Trail de Bunyol organitzat pel Club Atletisme Correores de la localitat, amb la col\u00b7laboraci\u00f3 de l&#8217;Ajuntament  i en el qual han participat prop de 400 corredors.<\/p>\n\n\n\n<p class=\"wp-block-paragraph\">La carrera s&#8217;ha desenvolupat en tres modalitats: una carrera llarga de 21 km, un sprint Trail de 11,5 km i una caminada de 8 km, en aquesta \u00faltima van participar m\u00e9s de 100 persones, adaptades a diferents nivells de dificultat per a corredors i caminantes. La vesprada del dissabte tamb\u00e9 es va realitzar un Mini trail per a xiquets al parc del Planell, amb la participaci\u00f3 de 70 xiquets i xiquetes.<\/p>\n\n\n\n<p class=\"wp-block-paragraph\">La classificaci\u00f3 de les dues modalitats en competici\u00f3 ha sigut: en la carrera llarga, Juan Antonio Torres ha sigut el vencedor amb un temps d&#8217;1.56:15, seguit dels corredors del club local: V\u00edctor Mart\u00ednez (1.57:49), Javi Hurtado (2.09:22) i Luis Barbancho (2.12:25).<\/p>\n\n\n\n<p class=\"wp-block-paragraph\">En la categoria femenina Est\u00edbaliz Fern\u00e1ndez es va al\u00e7ar amb el primer lloc amb un temps de 2.41:12, seguida per Margarita Paucar (2.42:18) i Diu Tetere (2.57:53).<\/p>\n\n\n\n<p class=\"wp-block-paragraph\">En l&#8217;Sprint Trail, Aitor Climent va obtindre el triomf amb un temps de 57:36, seguit de Miguel Ib\u00e1\u00f1ez (59:51) i Pere Rodrigo (1.03:12).<\/p>\n\n\n\n<p class=\"wp-block-paragraph\">Amanda Garc\u00eda va guanyar en la categoria femenina amb un temps d&#8217;1.18:15, seguida de Gema Cambres, corredora local, amb un temps d&#8217;1.22:52, i la tercera a arribar a meta va ser Laura Mart\u00ednez (1.23:58).<\/p>\n\n\n\n<p class=\"wp-block-paragraph\">Fotos:<strong> RRSS Trail Bu\u00f1ol<\/strong><\/p>\n\n\n\n<figure class=\"wp-block-gallery has-nested-images columns-1 is-cropped wp-block-gallery-1 is-layout-flex wp-block-gallery-is-layout-flex\">\n<figure class=\"wp-block-image size-large\"><img loading=\"lazy\" decoding=\"async\" width=\"886\" height=\"672\" data-id=\"241516\" src=\"https:\/\/www.tucomarca.com\/wordpress\/segunda\/wp-content\/uploads\/2024\/10\/Trail24_1.jpg\" alt=\"\" class=\"wp-image-241516\" srcset=\"https:\/\/tucomarca.whitekongsoftware.com\/wp-content\/uploads\/2024\/10\/Trail24_1.jpg 886w, https:\/\/tucomarca.whitekongsoftware.com\/wp-content\/uploads\/2024\/10\/Trail24_1-300x228.jpg 300w, https:\/\/tucomarca.whitekongsoftware.com\/wp-content\/uploads\/2024\/10\/Trail24_1-768x583.jpg 768w, https:\/\/tucomarca.whitekongsoftware.com\/wp-content\/uploads\/2024\/10\/Trail24_1-80x60.jpg 80w\" sizes=\"auto, (max-width: 886px) 100vw, 886px\" \/><\/figure>\n\n\n\n<figure class=\"wp-block-image size-large\"><img loading=\"lazy\" decoding=\"async\" width=\"886\" height=\"665\" data-id=\"241518\" src=\"https:\/\/www.tucomarca.com\/wordpress\/segunda\/wp-content\/uploads\/2024\/10\/Trail24_2.jpg\" alt=\"\" class=\"wp-image-241518\" srcset=\"https:\/\/tucomarca.whitekongsoftware.com\/wp-content\/uploads\/2024\/10\/Trail24_2.jpg 886w, https:\/\/tucomarca.whitekongsoftware.com\/wp-content\/uploads\/2024\/10\/Trail24_2-300x225.jpg 300w, https:\/\/tucomarca.whitekongsoftware.com\/wp-content\/uploads\/2024\/10\/Trail24_2-768x576.jpg 768w, https:\/\/tucomarca.whitekongsoftware.com\/wp-content\/uploads\/2024\/10\/Trail24_2-678x509.jpg 678w, https:\/\/tucomarca.whitekongsoftware.com\/wp-content\/uploads\/2024\/10\/Trail24_2-326x245.jpg 326w, https:\/\/tucomarca.whitekongsoftware.com\/wp-content\/uploads\/2024\/10\/Trail24_2-80x60.jpg 80w\" sizes=\"auto, (max-width: 886px) 100vw, 886px\" \/><\/figure>\n\n\n\n<figure class=\"wp-block-image size-full\"><img loading=\"lazy\" decoding=\"async\" width=\"886\" height=\"560\" data-id=\"241522\" src=\"http:\/\/www.tucomarca.com\/wordpress\/segunda\/wp-content\/uploads\/2024\/10\/Trail24_4.jpg\" alt=\"\" class=\"wp-image-241522\" srcset=\"https:\/\/tucomarca.whitekongsoftware.com\/wp-content\/uploads\/2024\/10\/Trail24_4.jpg 886w, https:\/\/tucomarca.whitekongsoftware.com\/wp-content\/uploads\/2024\/10\/Trail24_4-300x190.jpg 300w, https:\/\/tucomarca.whitekongsoftware.com\/wp-content\/uploads\/2024\/10\/Trail24_4-768x485.jpg 768w\" sizes=\"auto, (max-width: 886px) 100vw, 886px\" \/><\/figure>\n\n\n\n<figure class=\"wp-block-image size-large\"><img loading=\"lazy\" decoding=\"async\" width=\"886\" height=\"602\" data-id=\"241524\" src=\"https:\/\/www.tucomarca.com\/wordpress\/segunda\/wp-content\/uploads\/2024\/10\/Trail24_5.jpg\" alt=\"\" class=\"wp-image-241524\" srcset=\"https:\/\/tucomarca.whitekongsoftware.com\/wp-content\/uploads\/2024\/10\/Trail24_5.jpg 886w, https:\/\/tucomarca.whitekongsoftware.com\/wp-content\/uploads\/2024\/10\/Trail24_5-300x204.jpg 300w, https:\/\/tucomarca.whitekongsoftware.com\/wp-content\/uploads\/2024\/10\/Trail24_5-768x522.jpg 768w\" sizes=\"auto, (max-width: 886px) 100vw, 886px\" \/><\/figure>\n<\/figure>\n","protected":false},"excerpt":{"rendered":"<div class=\"mh-excerpt\">El Passeig de de Sant Llu\u00eds de Bunyol ha sigut l&#8217;escenari de l&#8217;eixida i la meta de la novena edici\u00f3 del Trail de Bunyol organitzat pel Club Atletisme Correores de la localitat, amb la col\u00b7laboraci\u00f3 <a class=\"mh-excerpt-more\" href=\"https:\/\/tucomarca.whitekongsoftware.com\/ca\/prop-de-400-corredors-participen-en-la-novena-edicio-del-trail-de-bunyol\/\" title=\"Prop de 400 corredors participen en la novena edici\u00f3 del Trail de Bunyol\">[+] <\/a><\/div>\n","protected":false},"author":12,"featured_media":241521,"comment_status":"open","ping_status":"open","sticky":false,"template":"","format":"gallery","meta":{"footnotes":""},"categories":[11018,10911,11003,10894,10912,10896],"tags":[10913,21432,10914],"class_list":["post-241529","post","type-post","status-publish","format-gallery","has-post-thumbnail","category-atletisme","category-bunol-ca","category-sports","category-la-comarca-ca","category-la-hoya-ca","category-seccion-ca","tag-bunol-ca","tag-ix-trail-bunol-ca","tag-la-hoya-de-bunol-chiva-ca","post_format-post-format-gallery"],"_links":{"self":[{"href":"https:\/\/tucomarca.whitekongsoftware.com\/ca\/wp-json\/wp\/v2\/posts\/241529","targetHints":{"allow":["GET"]}}],"collection":[{"href":"https:\/\/tucomarca.whitekongsoftware.com\/ca\/wp-json\/wp\/v2\/posts"}],"about":[{"href":"https:\/\/tucomarca.whitekongsoftware.com\/ca\/wp-json\/wp\/v2\/types\/post"}],"author":[{"embeddable":true,"href":"https:\/\/tucomarca.whitekongsoftware.com\/ca\/wp-json\/wp\/v2\/users\/12"}],"replies":[{"embeddable":true,"href":"https:\/\/tucomarca.whitekongsoftware.com\/ca\/wp-json\/wp\/v2\/comments?post=241529"}],"version-history":[{"count":0,"href":"https:\/\/tucomarca.whitekongsoftware.com\/ca\/wp-json\/wp\/v2\/posts\/241529\/revisions"}],"wp:featuredmedia":[{"embeddable":true,"href":"https:\/\/tucomarca.whitekongsoftware.com\/ca\/wp-json\/wp\/v2\/media\/241521"}],"wp:attachment":[{"href":"https:\/\/tucomarca.whitekongsoftware.com\/ca\/wp-json\/wp\/v2\/media?parent=241529"}],"wp:term":[{"taxonomy":"category","embeddable":true,"href":"https:\/\/tucomarca.whitekongsoftware.com\/ca\/wp-json\/wp\/v2\/categories?post=241529"},{"taxonomy":"post_tag","embeddable":true,"href":"https:\/\/tucomarca.whitekongsoftware.com\/ca\/wp-json\/wp\/v2\/tags?post=241529"}],"curies":[{"name":"wp","href":"https:\/\/api.w.org\/{rel}","templated":true}]}}