{"id":241421,"date":"2024-10-24T11:00:00","date_gmt":"2024-10-24T09:00:00","guid":{"rendered":"https:\/\/www.tucomarca.com\/wordpress\/segunda\/?p=241421"},"modified":"2024-10-24T15:57:47","modified_gmt":"2024-10-24T13:57:47","slug":"la-penya-taurina-el-torico-de-xiva-celebra-la-seua-gala-de-lliurament-de-premis-aquest-dissabte","status":"publish","type":"post","link":"https:\/\/tucomarca.whitekongsoftware.com\/ca\/la-penya-taurina-el-torico-de-xiva-celebra-la-seua-gala-de-lliurament-de-premis-aquest-dissabte\/","title":{"rendered":"La Penya Taurina &#8216;El Torico&#8217; de Xiva celebra la seua Gala de lliurament de premis aquest dissabte"},"content":{"rendered":"\n<p class=\"wp-block-paragraph\">Dissabte que ve 26 d&#8217;octubre, a partir de les 19.00 h, el Teatre Astoria de Xiva acollir\u00e0 l&#8217;esperada Gala de Lliurament de Premis organitzada per la Penya Taurina El Torico. Ser\u00e0 una vesprada de celebraci\u00f3 en la qual es reconeixer\u00e0 el talent i la participaci\u00f3 en diversos concursos que han sigut part de les festivitats locals.<\/p>\n\n\n\n<p class=\"wp-block-paragraph\">Durant la gala es premiaran als guanyadors dels concursos de Penyes abillades, Penyes abillades infantils, Fotografia, i Ramaderies. L&#8217;esdeveniment promet ser un espai de reconeixement a la creativitat i tradici\u00f3 de la cultura taurina a Xiva.<\/p>\n\n\n\n<p class=\"wp-block-paragraph\">La Penya Taurina convida a tots els ve\u00efns i participants a unir-se a aquesta jornada especial, en la qual no faltaran moments d&#8217;emoci\u00f3 i celebraci\u00f3 per a tota la comunitat. T&#8217;esperem!<\/p>\n","protected":false},"excerpt":{"rendered":"<div class=\"mh-excerpt\">Dissabte que ve 26 d&#8217;octubre, a partir de les 19.00 h, el Teatre Astoria de Xiva acollir\u00e0 l&#8217;esperada Gala de Lliurament de Premis organitzada per la Penya Taurina El Torico. Ser\u00e0 una vesprada de celebraci\u00f3 <a class=\"mh-excerpt-more\" href=\"https:\/\/tucomarca.whitekongsoftware.com\/ca\/la-penya-taurina-el-torico-de-xiva-celebra-la-seua-gala-de-lliurament-de-premis-aquest-dissabte\/\" title=\"La Penya Taurina &#8216;El Torico&#8217; de Xiva celebra la seua Gala de lliurament de premis aquest dissabte\">[+] <\/a><\/div>\n","protected":false},"author":13,"featured_media":241419,"comment_status":"open","ping_status":"open","sticky":false,"template":"","format":"standard","meta":{"footnotes":""},"categories":[11019,10894,10912,11007,10896,10975],"tags":[11195,21427,10914],"class_list":["post-241421","post","type-post","status-publish","format-standard","has-post-thumbnail","category-agenda-ca","category-la-comarca-ca","category-la-hoya-ca","category-ocio-y-cultura-ca","category-seccion-ca","category-chiva-ca","tag-chiva-ca","tag-chiva-torico-ca","tag-la-hoya-de-bunol-chiva-ca"],"_links":{"self":[{"href":"https:\/\/tucomarca.whitekongsoftware.com\/ca\/wp-json\/wp\/v2\/posts\/241421","targetHints":{"allow":["GET"]}}],"collection":[{"href":"https:\/\/tucomarca.whitekongsoftware.com\/ca\/wp-json\/wp\/v2\/posts"}],"about":[{"href":"https:\/\/tucomarca.whitekongsoftware.com\/ca\/wp-json\/wp\/v2\/types\/post"}],"author":[{"embeddable":true,"href":"https:\/\/tucomarca.whitekongsoftware.com\/ca\/wp-json\/wp\/v2\/users\/13"}],"replies":[{"embeddable":true,"href":"https:\/\/tucomarca.whitekongsoftware.com\/ca\/wp-json\/wp\/v2\/comments?post=241421"}],"version-history":[{"count":0,"href":"https:\/\/tucomarca.whitekongsoftware.com\/ca\/wp-json\/wp\/v2\/posts\/241421\/revisions"}],"wp:featuredmedia":[{"embeddable":true,"href":"https:\/\/tucomarca.whitekongsoftware.com\/ca\/wp-json\/wp\/v2\/media\/241419"}],"wp:attachment":[{"href":"https:\/\/tucomarca.whitekongsoftware.com\/ca\/wp-json\/wp\/v2\/media?parent=241421"}],"wp:term":[{"taxonomy":"category","embeddable":true,"href":"https:\/\/tucomarca.whitekongsoftware.com\/ca\/wp-json\/wp\/v2\/categories?post=241421"},{"taxonomy":"post_tag","embeddable":true,"href":"https:\/\/tucomarca.whitekongsoftware.com\/ca\/wp-json\/wp\/v2\/tags?post=241421"}],"curies":[{"name":"wp","href":"https:\/\/api.w.org\/{rel}","templated":true}]}}