{"id":241409,"date":"2024-10-23T08:30:00","date_gmt":"2024-10-23T06:30:00","guid":{"rendered":"https:\/\/www.tucomarca.com\/wordpress\/segunda\/?p=241409"},"modified":"2024-10-23T13:45:44","modified_gmt":"2024-10-23T11:45:44","slug":"els-fia-motorsport-games-celebren-la-cerimonia-inaugural-a-valencia-abans-de-linici-de-la-competicio-en-el-circuit","status":"publish","type":"post","link":"https:\/\/tucomarca.whitekongsoftware.com\/ca\/els-fia-motorsport-games-celebren-la-cerimonia-inaugural-a-valencia-abans-de-linici-de-la-competicio-en-el-circuit\/","title":{"rendered":"Els FIA Motorsport Games celebren la cerim\u00f2nia inaugural a Val\u00e8ncia abans de l\u2019inici de la competici\u00f3 en el Circuit"},"content":{"rendered":"\n<h3 class=\"wp-block-heading\">La Ciutat de les Arts i les Ci\u00e8ncies acollir\u00e0 la gala d\u2019obertura el dimecres a les 19:30 hores.<\/h3>\n\n\n\n<h3 class=\"wp-block-heading\">Val\u00e8ncia \u00e9s la seu de la tercera edici\u00f3 de les \u2018olimp\u00edades\u2019 de l\u2019automobilisme del 23 al 27 d\u2019octubre.<\/h3>\n\n\n\n<p class=\"wp-block-paragraph\">Els FIA Motorsport Games celebren esta setmana a Val\u00e8ncia la seua tercera edici\u00f3 amb un complet calendari d\u2019activitats en un total de 26 disciplines d\u2019automobilisme.<\/p>\n\n\n\n<p class=\"wp-block-paragraph\">El Circuit Ricardo Tormo ser\u00e0 l\u2019escenari principal dels FIA Motorsport Games en una setmana en la qual Val\u00e8ncia \u00e9s l\u2019epicentre del m\u00f3n del motor amb una competici\u00f3 que s\u2019allargar\u00e0 fins al diumenge 27 d\u2019octubre i que, a m\u00e9s del tra\u00e7at de Cheste, tindr\u00e0 l\u2019Aspar Circuit i les carreteres dels voltants d\u2019Utiel i Requena com altres de les zones de competici\u00f3 per a les diferents categories. Aix\u00ed mateix, la Ciutat de les Arts i les Ci\u00e8ncies acollir\u00e0 la competici\u00f3 d\u2019<em>e-sports<\/em>.<\/p>\n\n\n\n<p class=\"wp-block-paragraph\">La inauguraci\u00f3 oficial de la tercera edici\u00f3 d\u2019estos \u2018jocs ol\u00edmpics\u2019 del motor tindr\u00e0 lloc el dimecres 23 d\u2019octubre. L\u2019acte comen\u00e7ar\u00e0 a les 19:30 hores en la Ciutat de les Arts i les Ci\u00e8ncies de Val\u00e8ncia, un lloc en el qual tamb\u00e9 se celebrar\u00e0 la cerim\u00f2nia de clausura el diumenge 27 d\u2019octubre a partir de les 20:30 hores.<\/p>\n\n\n\n<p class=\"wp-block-paragraph\">En esta cerim\u00f2nia inaugural, els 86 pa\u00efsos participants desfilaran per un dels punts m\u00e9s emblem\u00e0tics de la ciutat de Val\u00e8ncia i, en el cas d\u2019Espanya, desfilaran un total de 27 pilots abanderats per Luis Moya.<\/p>\n\n\n\n<p class=\"wp-block-paragraph\"><strong>Cinc moments clau<\/strong><\/p>\n\n\n\n<p class=\"wp-block-paragraph\">L\u2019acci\u00f3 en pista comen\u00e7ar\u00e0 el dijous i el Circuit Ricardo Tormo acollir\u00e0 les competicions de Drifting, F\u00f3rmula 4, GT, G Sprint, Single Make GT i Turismes. S\u2019espera que al voltant de 10.000 espectadors s\u2019acosten cada dia de competici\u00f3 al tra\u00e7at valenci\u00e0 per a disfrutar d\u2019un esdeveniment \u00fanic i que se celebra per primera vegada en el nostre pa\u00eds.<\/p>\n\n\n\n<p class=\"wp-block-paragraph\">En l\u2019ampli programa d\u2019activitats dels FIA Motorsport Games destaquen alguns moments clau. Un dels punts m\u00e9s interessants en la modalitat de k\u00e0rting ser\u00e0 la final de Karting Endurance, una prova de resist\u00e8ncia de 4 hores en la qual l\u2019equip espanyol dels valencians Jos\u00e9 Manuel P\u00e9rez Aicart, Germ\u00e1n S\u00e1nchez i la catalana Bel\u00e9n Garc\u00eda compta amb opcions de medalla. La prova es disputar\u00e0 en l\u2019Aspar Circuit el dissabte a la vesprada a partir de les 14:45 hores.<\/p>\n\n\n\n<p class=\"wp-block-paragraph\">El mateix dissabte els millors pilots de GT de les diferents nacionalitats es voran les cares en el Circuit Ricardo Tormo en la prova llarga de GT de 16:30 a 17:30 hores amb eixida llan\u00e7ada.<\/p>\n\n\n\n<p class=\"wp-block-paragraph\">El plat fort del cap de setmana arribar\u00e0 el diumenge amb les carreres de Turismes a les 09:45 hores i de F\u00f3rmula 4 a les 13:25 hores en el Circuit Ricardo Tormo que celebrar\u00e0 la lluita per les medalles de les tres categories de ral\u00b7lis en una superespecial en la qual participaran els tres millors de cada modalitat per a definir el resultat final.<\/p>\n\n\n\n<p class=\"wp-block-paragraph\">Les entrades per a assistir a l\u2019esdeveniment estan a la venda en la&nbsp;<a href=\"https:\/\/entradas.circuitvalencia.com\/circuitvalencia\/events\/37082?hl=ca-ES-valencia\">web del Circuit Ricardo Tormo<\/a>.<\/p>\n","protected":false},"excerpt":{"rendered":"<div class=\"mh-excerpt\">La Ciutat de les Arts i les Ci\u00e8ncies acollir\u00e0 la gala d\u2019obertura el dimecres a les 19:30 hores. Val\u00e8ncia \u00e9s la seu de la tercera edici\u00f3 de les \u2018olimp\u00edades\u2019 de l\u2019automobilisme del 23 al 27 <a class=\"mh-excerpt-more\" href=\"https:\/\/tucomarca.whitekongsoftware.com\/ca\/els-fia-motorsport-games-celebren-la-cerimonia-inaugural-a-valencia-abans-de-linici-de-la-competicio-en-el-circuit\/\" title=\"Els FIA Motorsport Games celebren la cerim\u00f2nia inaugural a Val\u00e8ncia abans de l\u2019inici de la competici\u00f3 en el Circuit\">[+] <\/a><\/div>\n","protected":false},"author":13,"featured_media":241407,"comment_status":"open","ping_status":"open","sticky":false,"template":"","format":"standard","meta":{"footnotes":""},"categories":[11019,11003,10894,10912,11011,10896,10974],"tags":[11071,11074,10914,11888],"class_list":["post-241409","post","type-post","status-publish","format-standard","has-post-thumbnail","category-agenda-ca","category-sports","category-la-comarca-ca","category-la-hoya-ca","category-motociclismo-ca","category-seccion-ca","category-cheste-ca","tag-cheste","tag-deportes-ca","tag-la-hoya-de-bunol-chiva-ca","tag-motociclismo-ca"],"_links":{"self":[{"href":"https:\/\/tucomarca.whitekongsoftware.com\/ca\/wp-json\/wp\/v2\/posts\/241409","targetHints":{"allow":["GET"]}}],"collection":[{"href":"https:\/\/tucomarca.whitekongsoftware.com\/ca\/wp-json\/wp\/v2\/posts"}],"about":[{"href":"https:\/\/tucomarca.whitekongsoftware.com\/ca\/wp-json\/wp\/v2\/types\/post"}],"author":[{"embeddable":true,"href":"https:\/\/tucomarca.whitekongsoftware.com\/ca\/wp-json\/wp\/v2\/users\/13"}],"replies":[{"embeddable":true,"href":"https:\/\/tucomarca.whitekongsoftware.com\/ca\/wp-json\/wp\/v2\/comments?post=241409"}],"version-history":[{"count":0,"href":"https:\/\/tucomarca.whitekongsoftware.com\/ca\/wp-json\/wp\/v2\/posts\/241409\/revisions"}],"wp:featuredmedia":[{"embeddable":true,"href":"https:\/\/tucomarca.whitekongsoftware.com\/ca\/wp-json\/wp\/v2\/media\/241407"}],"wp:attachment":[{"href":"https:\/\/tucomarca.whitekongsoftware.com\/ca\/wp-json\/wp\/v2\/media?parent=241409"}],"wp:term":[{"taxonomy":"category","embeddable":true,"href":"https:\/\/tucomarca.whitekongsoftware.com\/ca\/wp-json\/wp\/v2\/categories?post=241409"},{"taxonomy":"post_tag","embeddable":true,"href":"https:\/\/tucomarca.whitekongsoftware.com\/ca\/wp-json\/wp\/v2\/tags?post=241409"}],"curies":[{"name":"wp","href":"https:\/\/api.w.org\/{rel}","templated":true}]}}