{"id":241369,"date":"2024-10-24T10:15:00","date_gmt":"2024-10-24T08:15:00","guid":{"rendered":"https:\/\/www.tucomarca.com\/wordpress\/segunda\/?p=241369"},"modified":"2024-10-24T15:55:46","modified_gmt":"2024-10-24T13:55:46","slug":"jornada-formativa-del-projecte-emys-a-setaigues","status":"publish","type":"post","link":"https:\/\/tucomarca.whitekongsoftware.com\/ca\/jornada-formativa-del-projecte-emys-a-setaigues\/","title":{"rendered":"Jornada formativa del Projecte Emys a Setaig\u00fce\u200bs"},"content":{"rendered":"\n<p class=\"wp-block-paragraph\">El pr\u00f2xim dissabte, 26 d\u2019octubre, Acci\u00f3 Ecologista-Agr\u00f3 organitza una jornada formativa i informativa sobre la possibilitat de realitzar per primera vegada el <a href=\"https:\/\/accioecologista-agro.org\/projecte-emys-informe-massamagrell-2024\/\">Projecte Emys<\/a>, el major voluntariat del Pa\u00eds Valenci\u00e0 per a la conservaci\u00f3 de les nostres tortugues aut\u00f2ctones, a Setaig\u00fces. Concretament al riu Suc.<\/p>\n\n\n\n<p class=\"wp-block-paragraph\">Eixe dia presentarem la metodologia que emprem en esta iniciativa de ci\u00e8ncia ciutadana per capturar i marcar les dues esp\u00e8cies de tortugues aut\u00f2ctones que viuen en les masses d\u2019aigua dol\u00e7a valencianes: la tortuga d\u2019estany europea (<em>Emys orbicularis<\/em>) i la tortuga d\u2019aigua ib\u00e8rica (<em>Mauremys leprosa<\/em>). A m\u00e9s a m\u00e9s, aprofitarem per visitar la zona de prospecci\u00f3 i acordar els millors llocs on instal\u00b7lar les trampes.<\/p>\n\n\n\n<p class=\"wp-block-paragraph\">Si est\u00e0s interessada en participar en el voluntariat i contribuir al seguiment anual d\u2019estos r\u00e8ptils, no cal que t\u2019inscrigues pr\u00e8viament. Nom\u00e9s has d\u2019acudir el 26 d\u2019octubre a les 10.30 hores al CEIP Vicente Aleixandre (C\/ Victorio Sanchez y Trinidad Balaguer, 2). Per a m\u00e9s informaci\u00f3 pots enviar un correu electr\u00f2nic a projecteemys@gmail.com. T\u2019esperem!!!<\/p>\n\n\n\n<p class=\"wp-block-paragraph\">Esta activitat emmarcada en la catorzena edici\u00f3 del Projecte Emys, compta amb la col\u00b7laboraci\u00f3 de la Generalitat Valenciana, de Caixa Popular, l&#8217;Ajuntament de Setaig\u00fces i de Natura Siete Aguas, l\u2019Associaci\u00f3\u200b per a la cura i la defensa de la natura de Setaig\u00fces\u200b.\u200b&nbsp;<\/p>\n\n\n\n<figure class=\"wp-block-image size-large\"><img loading=\"lazy\" decoding=\"async\" width=\"1024\" height=\"731\" src=\"https:\/\/www.tucomarca.com\/wordpress\/segunda\/wp-content\/uploads\/2024\/10\/VoluntariatSetaigues-1024x731.png\" alt=\"\" class=\"wp-image-241379\" srcset=\"https:\/\/tucomarca.whitekongsoftware.com\/wp-content\/uploads\/2024\/10\/VoluntariatSetaigues-1024x731.png 1024w, https:\/\/tucomarca.whitekongsoftware.com\/wp-content\/uploads\/2024\/10\/VoluntariatSetaigues-300x214.png 300w, https:\/\/tucomarca.whitekongsoftware.com\/wp-content\/uploads\/2024\/10\/VoluntariatSetaigues-768x549.png 768w, https:\/\/tucomarca.whitekongsoftware.com\/wp-content\/uploads\/2024\/10\/VoluntariatSetaigues-1536x1097.png 1536w, https:\/\/tucomarca.whitekongsoftware.com\/wp-content\/uploads\/2024\/10\/VoluntariatSetaigues-2048x1463.png 2048w\" sizes=\"auto, (max-width: 1024px) 100vw, 1024px\" \/><\/figure>\n","protected":false},"excerpt":{"rendered":"<div class=\"mh-excerpt\">El pr\u00f2xim dissabte, 26 d\u2019octubre, Acci\u00f3 Ecologista-Agr\u00f3 organitza una jornada formativa i informativa sobre la possibilitat de realitzar per primera vegada el Projecte Emys, el major voluntariat del Pa\u00eds Valenci\u00e0 per a la conservaci\u00f3 de <a class=\"mh-excerpt-more\" href=\"https:\/\/tucomarca.whitekongsoftware.com\/ca\/jornada-formativa-del-projecte-emys-a-setaigues\/\" title=\"Jornada formativa del Projecte Emys a Setaig\u00fce\u200bs\">[+] <\/a><\/div>\n","protected":false},"author":13,"featured_media":241367,"comment_status":"open","ping_status":"open","sticky":false,"template":"","format":"standard","meta":{"footnotes":""},"categories":[11019,10948,10894,10912,10903,10896,10979],"tags":[15877,10914,12166,11157],"class_list":["post-241369","post","type-post","status-publish","format-standard","has-post-thumbnail","category-agenda-ca","category-infraestructuras-ca","category-la-comarca-ca","category-la-hoya-ca","category-medio-ambiente-la-comarca-ca","category-seccion-ca","category-siete-aguas-ca","tag-ecologia-ca","tag-la-hoya-de-bunol-chiva-ca","tag-medio-ambiente-ca","tag-siete-aguas-ca"],"_links":{"self":[{"href":"https:\/\/tucomarca.whitekongsoftware.com\/ca\/wp-json\/wp\/v2\/posts\/241369","targetHints":{"allow":["GET"]}}],"collection":[{"href":"https:\/\/tucomarca.whitekongsoftware.com\/ca\/wp-json\/wp\/v2\/posts"}],"about":[{"href":"https:\/\/tucomarca.whitekongsoftware.com\/ca\/wp-json\/wp\/v2\/types\/post"}],"author":[{"embeddable":true,"href":"https:\/\/tucomarca.whitekongsoftware.com\/ca\/wp-json\/wp\/v2\/users\/13"}],"replies":[{"embeddable":true,"href":"https:\/\/tucomarca.whitekongsoftware.com\/ca\/wp-json\/wp\/v2\/comments?post=241369"}],"version-history":[{"count":0,"href":"https:\/\/tucomarca.whitekongsoftware.com\/ca\/wp-json\/wp\/v2\/posts\/241369\/revisions"}],"wp:featuredmedia":[{"embeddable":true,"href":"https:\/\/tucomarca.whitekongsoftware.com\/ca\/wp-json\/wp\/v2\/media\/241367"}],"wp:attachment":[{"href":"https:\/\/tucomarca.whitekongsoftware.com\/ca\/wp-json\/wp\/v2\/media?parent=241369"}],"wp:term":[{"taxonomy":"category","embeddable":true,"href":"https:\/\/tucomarca.whitekongsoftware.com\/ca\/wp-json\/wp\/v2\/categories?post=241369"},{"taxonomy":"post_tag","embeddable":true,"href":"https:\/\/tucomarca.whitekongsoftware.com\/ca\/wp-json\/wp\/v2\/tags?post=241369"}],"curies":[{"name":"wp","href":"https:\/\/api.w.org\/{rel}","templated":true}]}}