{"id":241363,"date":"2024-10-23T10:30:00","date_gmt":"2024-10-23T08:30:00","guid":{"rendered":"https:\/\/www.tucomarca.com\/wordpress\/segunda\/?p=241363"},"modified":"2024-10-23T10:43:13","modified_gmt":"2024-10-23T08:43:13","slug":"desmantellat-a-carlet-un-narcopiso-okupado-que-proveia-heroina-i-cocaina-base","status":"publish","type":"post","link":"https:\/\/tucomarca.whitekongsoftware.com\/ca\/desmantellat-a-carlet-un-narcopiso-okupado-que-proveia-heroina-i-cocaina-base\/","title":{"rendered":"Desmantellat a Carlet un narcopiso okupado que prove\u00efa hero\u00efna i coca\u00efna base\u00a0"},"content":{"rendered":"\n<h3 class=\"wp-block-heading\">Segons informen des de la Comand\u00e0ncia de la Gu\u00e0rdia Civil de Val\u00e8ncia, la detinguda sovintejava amb les drogues en pres\u00e8ncia del seu fill menor d&#8217;edat.<\/h3>\n\n\n\n<p class=\"wp-block-paragraph\">La Gu\u00e0rdia Civil de Val\u00e8ncia, en el marc de l&#8217;operaci\u00f3 \u201cLEGATEROS\u201d, det\u00e9 a una dona de 29 anys que traficava amb hero\u00efna i coca\u00efna base en pres\u00e8ncia del seu fill menor d&#8217;edat.<\/p>\n\n\n\n<p class=\"wp-block-paragraph\">La investigaci\u00f3 va comen\u00e7ar a principis d&#8217;estiu de 2024, dins d&#8217;un barri del municipi de Carlet en el qual s\u00f3n recurrents les actuacions policials destinades a reprendre el tr\u00e0nsit de subst\u00e0ncies prohibides. En concret, es va tindre coneixement d&#8217;un punt de venda molt actiu en un pis que estava okupado.<\/p>\n\n\n\n<p class=\"wp-block-paragraph\">L&#8217;activitat del sovintege suposa la degradaci\u00f3 del barri on t\u00e9 lloc, perqu\u00e8 augmenten altres delictes connexos, com ara els robatoris amb viol\u00e8ncia. Igualment augmenta la inseguretat per l&#8217;aflu\u00e8ncia de persones addictes a aquestes subst\u00e0ncies.<\/p>\n\n\n\n<p class=\"wp-block-paragraph\">Fruit de la investigaci\u00f3, es va poder comprovar que la persona darrere del punt de venda era una dona de 29 anys, que a m\u00e9s estava okupando un habitatge en contra de la voluntat del seu leg\u00edtim propietari. A m\u00e9s, els agents van observar que en moltes ocasions el fill menor d&#8217;edat d&#8217;aquesta dona presenciava els intercanvis i les labors de manipulaci\u00f3 de droga.<\/p>\n\n\n\n<p class=\"wp-block-paragraph\">Els pares d&#8217;eixa mateixa dona ja havien sigut investigats en altres ocasions en anys anteriors per eixa mateixa pr\u00e0ctica delictiva. Els gu\u00e0rdies civils encarregats de la investigaci\u00f3 van poder constatar la per\u00edcia i experi\u00e8ncia d&#8217;aquesta persona en el tr\u00e0fic de drogues malgrat la seua edat. Igualment van advertir que s&#8217;emprava diversos menors per a donar la veu d&#8217;alarma davant la proximitat de la pres\u00e8ncia policial.<\/p>\n\n\n\n<p class=\"wp-block-paragraph\">El dia 03 d&#8217;octubre es va practicar una entrada i registre en l&#8217;immoble. Dins es trobava l&#8217;ara detinguda, una dona de 29 anys juntament amb el seu fill menor d&#8217;edat. Es van aprehendre diverses quantitats de coca\u00efna i hero\u00efna en forma de roca, a m\u00e9s de b\u00e0scules i elements necessaris per a la posterior distribuci\u00f3 i comercialitzaci\u00f3.&nbsp;<\/p>\n\n\n\n<p class=\"wp-block-paragraph\">Igualment es va comprovar que eixe immoble mancava dels elements necessaris per a constituir un habitatge i s&#8217;utilitzava de manera exclusiva per a la venda de subst\u00e0ncies.<\/p>\n\n\n\n<p class=\"wp-block-paragraph\">Aquest operatiu s&#8217;emmarca dins del pla de la lluita contra les drogues de la Gu\u00e0rdia Civil, que tracta de desmantellar els punts de venda i sovintege, aix\u00ed com la desarticulaci\u00f3 de grups criminals i la detenci\u00f3 dels traficants.&nbsp;<\/p>\n\n\n\n<p class=\"wp-block-paragraph\">Les dilig\u00e8ncies van ser entregades en el Jutjat de Primera Inst\u00e0ncia i Instrucci\u00f3 n\u00famero 3 de Carlet.&nbsp;<\/p>\n","protected":false},"excerpt":{"rendered":"<div class=\"mh-excerpt\">Segons informen des de la Comand\u00e0ncia de la Gu\u00e0rdia Civil de Val\u00e8ncia, la detinguda sovintejava amb les drogues en pres\u00e8ncia del seu fill menor d&#8217;edat. La Gu\u00e0rdia Civil de Val\u00e8ncia, en el marc de l&#8217;operaci\u00f3 <a class=\"mh-excerpt-more\" href=\"https:\/\/tucomarca.whitekongsoftware.com\/ca\/desmantellat-a-carlet-un-narcopiso-okupado-que-proveia-heroina-i-cocaina-base\/\" title=\"Desmantellat a Carlet un narcopiso okupado que prove\u00efa hero\u00efna i coca\u00efna base\u00a0\">[+] <\/a><\/div>\n","protected":false},"author":1,"featured_media":241353,"comment_status":"open","ping_status":"open","sticky":false,"template":"","format":"standard","meta":{"footnotes":""},"categories":[10990,10898,10894,10904,10902,10896,10897],"tags":[],"class_list":["post-241363","post","type-post","status-publish","format-standard","has-post-thumbnail","category-carlet-ca","category-ventana-ca","category-la-comarca-ca","category-sin-categorizar-ca","category-la-ribera-ca","category-seccion-ca","category-sucesos-la-comarca-ca"],"_links":{"self":[{"href":"https:\/\/tucomarca.whitekongsoftware.com\/ca\/wp-json\/wp\/v2\/posts\/241363","targetHints":{"allow":["GET"]}}],"collection":[{"href":"https:\/\/tucomarca.whitekongsoftware.com\/ca\/wp-json\/wp\/v2\/posts"}],"about":[{"href":"https:\/\/tucomarca.whitekongsoftware.com\/ca\/wp-json\/wp\/v2\/types\/post"}],"author":[{"embeddable":true,"href":"https:\/\/tucomarca.whitekongsoftware.com\/ca\/wp-json\/wp\/v2\/users\/1"}],"replies":[{"embeddable":true,"href":"https:\/\/tucomarca.whitekongsoftware.com\/ca\/wp-json\/wp\/v2\/comments?post=241363"}],"version-history":[{"count":0,"href":"https:\/\/tucomarca.whitekongsoftware.com\/ca\/wp-json\/wp\/v2\/posts\/241363\/revisions"}],"wp:featuredmedia":[{"embeddable":true,"href":"https:\/\/tucomarca.whitekongsoftware.com\/ca\/wp-json\/wp\/v2\/media\/241353"}],"wp:attachment":[{"href":"https:\/\/tucomarca.whitekongsoftware.com\/ca\/wp-json\/wp\/v2\/media?parent=241363"}],"wp:term":[{"taxonomy":"category","embeddable":true,"href":"https:\/\/tucomarca.whitekongsoftware.com\/ca\/wp-json\/wp\/v2\/categories?post=241363"},{"taxonomy":"post_tag","embeddable":true,"href":"https:\/\/tucomarca.whitekongsoftware.com\/ca\/wp-json\/wp\/v2\/tags?post=241363"}],"curies":[{"name":"wp","href":"https:\/\/api.w.org\/{rel}","templated":true}]}}