{"id":241345,"date":"2024-10-23T09:00:00","date_gmt":"2024-10-23T07:00:00","guid":{"rendered":"https:\/\/www.tucomarca.com\/wordpress\/segunda\/?p=241345"},"modified":"2024-10-23T10:49:32","modified_gmt":"2024-10-23T08:49:32","slug":"lajuntament-de-bunyol-organitza-un-viatge-cultural-gratuit-a-valencia-per-a-majors-de-65-anys-el-proxim-20-de-novembre","status":"publish","type":"post","link":"https:\/\/tucomarca.whitekongsoftware.com\/ca\/lajuntament-de-bunyol-organitza-un-viatge-cultural-gratuit-a-valencia-per-a-majors-de-65-anys-el-proxim-20-de-novembre\/","title":{"rendered":"L&#8217;Ajuntament de Bunyol organitza un viatge cultural gratu\u00eft a Val\u00e8ncia per a majors de 65 anys el pr\u00f2xim 20 de novembre"},"content":{"rendered":"\n<h3 class=\"wp-block-heading\">L&#8217;Ajuntament de Bunyol llan\u00e7a una iniciativa cultural gratu\u00efta per als majors de 65 anys empadronats en la localitat.<\/h3>\n\n\n\n<h3 class=\"wp-block-heading\">El viatge cultural inclou menjar i visites.<\/h3>\n\n\n<div class=\"wp-block-image\">\n<figure class=\"alignleft size-large is-resized\"><img loading=\"lazy\" decoding=\"async\" width=\"725\" height=\"1024\" src=\"http:\/\/www.tucomarca.com\/wordpress\/segunda\/wp-content\/uploads\/2024\/10\/BunolViajeCultural65-725x1024.jpg\" alt=\"\" class=\"wp-image-241342\" style=\"width:359px;height:auto\" srcset=\"https:\/\/tucomarca.whitekongsoftware.com\/wp-content\/uploads\/2024\/10\/BunolViajeCultural65-725x1024.jpg 725w, https:\/\/tucomarca.whitekongsoftware.com\/wp-content\/uploads\/2024\/10\/BunolViajeCultural65-212x300.jpg 212w, https:\/\/tucomarca.whitekongsoftware.com\/wp-content\/uploads\/2024\/10\/BunolViajeCultural65-768x1085.jpg 768w, https:\/\/tucomarca.whitekongsoftware.com\/wp-content\/uploads\/2024\/10\/BunolViajeCultural65.jpg 886w\" sizes=\"auto, (max-width: 725px) 100vw, 725px\" \/><\/figure>\n<\/div>\n\n\n<p class=\"wp-block-paragraph\">L&#8217;Ajuntament de Bunyol ha llan\u00e7at una iniciativa totalment gratu\u00efta per als majors de 65 anys empadronats en la localitat. Les places s\u00f3n limitades. Tindr\u00e0 lloc el pr\u00f2xim 20 de novembre i es tracta d&#8217;una visita cultural a Val\u00e8ncia.<\/p>\n\n\n\n<p class=\"wp-block-paragraph\">Inclou menjar m\u00e9s visita a museus. S&#8217;anir\u00e0 al Palau de Batlia (sede presid\u00e8ncia de la Diputaci\u00f3 de Val\u00e8ncia), al Palau de la Generalitat Valenciana i a l&#8217;Esgl\u00e9sia de Sant Nicol\u00e1s.<\/p>\n\n\n\n<p class=\"wp-block-paragraph\">L&#8217;autob\u00fas eixir\u00e0 a les 9h des de la Pla\u00e7a 5 de Mar\u00e7 i a les 9.15h des de les Vendes. La volta ser\u00e0 a les 18.30h. Inclou menjar i totes les visites. Tot gratu\u00eftament. Les places s\u00f3n limitades.<\/p>\n\n\n\n<p class=\"wp-block-paragraph\">Si vols assistir has de reservar ja la teua pla\u00e7a telefonant al 600 403 193 o enviar un mail a alcaldia@bunyol.es<\/p>\n","protected":false},"excerpt":{"rendered":"<div class=\"mh-excerpt\">L&#8217;Ajuntament de Bunyol llan\u00e7a una iniciativa cultural gratu\u00efta per als majors de 65 anys empadronats en la localitat. El viatge cultural inclou menjar i visites. L&#8217;Ajuntament de Bunyol ha llan\u00e7at una iniciativa totalment gratu\u00efta per <a class=\"mh-excerpt-more\" href=\"https:\/\/tucomarca.whitekongsoftware.com\/ca\/lajuntament-de-bunyol-organitza-un-viatge-cultural-gratuit-a-valencia-per-a-majors-de-65-anys-el-proxim-20-de-novembre\/\" title=\"L&#8217;Ajuntament de Bunyol organitza un viatge cultural gratu\u00eft a Val\u00e8ncia per a majors de 65 anys el pr\u00f2xim 20 de novembre\">[+] <\/a><\/div>\n","protected":false},"author":12,"featured_media":241343,"comment_status":"open","ping_status":"open","sticky":false,"template":"","format":"standard","meta":{"footnotes":""},"categories":[11019,10911,10894,10912,11007,10896],"tags":[10913,10914,21425],"class_list":["post-241345","post","type-post","status-publish","format-standard","has-post-thumbnail","category-agenda-ca","category-bunol-ca","category-la-comarca-ca","category-la-hoya-ca","category-ocio-y-cultura-ca","category-seccion-ca","tag-bunol-ca","tag-la-hoya-de-bunol-chiva-ca","tag-viaje-cultural-ca"],"_links":{"self":[{"href":"https:\/\/tucomarca.whitekongsoftware.com\/ca\/wp-json\/wp\/v2\/posts\/241345","targetHints":{"allow":["GET"]}}],"collection":[{"href":"https:\/\/tucomarca.whitekongsoftware.com\/ca\/wp-json\/wp\/v2\/posts"}],"about":[{"href":"https:\/\/tucomarca.whitekongsoftware.com\/ca\/wp-json\/wp\/v2\/types\/post"}],"author":[{"embeddable":true,"href":"https:\/\/tucomarca.whitekongsoftware.com\/ca\/wp-json\/wp\/v2\/users\/12"}],"replies":[{"embeddable":true,"href":"https:\/\/tucomarca.whitekongsoftware.com\/ca\/wp-json\/wp\/v2\/comments?post=241345"}],"version-history":[{"count":0,"href":"https:\/\/tucomarca.whitekongsoftware.com\/ca\/wp-json\/wp\/v2\/posts\/241345\/revisions"}],"wp:featuredmedia":[{"embeddable":true,"href":"https:\/\/tucomarca.whitekongsoftware.com\/ca\/wp-json\/wp\/v2\/media\/241343"}],"wp:attachment":[{"href":"https:\/\/tucomarca.whitekongsoftware.com\/ca\/wp-json\/wp\/v2\/media?parent=241345"}],"wp:term":[{"taxonomy":"category","embeddable":true,"href":"https:\/\/tucomarca.whitekongsoftware.com\/ca\/wp-json\/wp\/v2\/categories?post=241345"},{"taxonomy":"post_tag","embeddable":true,"href":"https:\/\/tucomarca.whitekongsoftware.com\/ca\/wp-json\/wp\/v2\/tags?post=241345"}],"curies":[{"name":"wp","href":"https:\/\/api.w.org\/{rel}","templated":true}]}}