{"id":241274,"date":"2024-10-22T08:30:00","date_gmt":"2024-10-22T06:30:00","guid":{"rendered":"https:\/\/www.tucomarca.com\/wordpress\/segunda\/?p=241274"},"modified":"2024-10-22T20:26:03","modified_gmt":"2024-10-22T18:26:03","slug":"la-diputacio-reorganitza-el-seu-personal-per-a-ser-mes-eficac-i-anuncia-un-reglament-que-fara-mes-transparent-cada-proces","status":"publish","type":"post","link":"https:\/\/tucomarca.whitekongsoftware.com\/ca\/la-diputacio-reorganitza-el-seu-personal-per-a-ser-mes-eficac-i-anuncia-un-reglament-que-fara-mes-transparent-cada-proces\/","title":{"rendered":"La Diputaci\u00f3 reorganitza el seu personal per a ser m\u00e9s efica\u00e7 i anuncia un reglament que far\u00e0 m\u00e9s transparent cada proc\u00e9s"},"content":{"rendered":"\n<h3 class=\"wp-block-heading\">El ple d&#8217;octubre dona llum verda a una modificaci\u00f3 de l&#8217;RPT que elimina direccions sense treballadors, cobrix places vacants i refor\u00e7a departaments per a donar un millor servici als municipis. Nom\u00e9s el PSPV vota en contra.<\/h3>\n\n\n\n<h3 class=\"wp-block-heading\">El diputat Ricardo Gabald\u00f3n destaca el consens aconseguit, ja que \u201cnom\u00e9s un partit de cinc i un sindicat de quatre rebutgen esta modificaci\u00f3 que busca establir criteris objectius en l&#8217;organitzaci\u00f3 del personal\u201d.<\/h3>\n\n\n\n<p class=\"wp-block-paragraph\">La Diputaci\u00f3 de Val\u00e8ncia ha aprovat este dimarts una modificaci\u00f3 de la Relaci\u00f3 de Llocs de treball (RPT) que reorganitzar\u00e0 la seua plantilla a partir de l&#8217;1 de novembre amb criteris objectius que busquen una major efic\u00e0cia i la transpar\u00e8ncia de cadascun dels processos. En paraules del diputat d&#8217;Administraci\u00f3 General, Ricardo Gabald\u00f3n, \u201chem eliminat direccions que o tenien treballadors i hem refor\u00e7at departaments i servicis prioritaris en l&#8217;atenci\u00f3 que la instituci\u00f3 presta als municipis, com a primer resum d&#8217;un ampli procediment i una ingent tasca negociadora\u201d. Nom\u00e9s el PSPV ha votat en contra.<\/p>\n\n\n\n<p class=\"wp-block-paragraph\">Gabald\u00f3n ha deixat clar que els treballadors i treballadores \u201cs\u00f3n el principal actiu d&#8217;esta corporaci\u00f3, i tots ells i totes elles, sense distinci\u00f3, s\u00f3n prioritaris per a l&#8217;equip de govern\u201d. Sobre la base dels recursos propis, el diputat de Personal ha repassat alguns dels objectius de la modificaci\u00f3, amb una \u201cinversi\u00f3 moderada\u201d d&#8217;al voltant de mig mili\u00f3 d&#8217;euros.<\/p>\n\n\n\n<p class=\"wp-block-paragraph\">\u201cVolem que es complisquen els terminis de les oposicions; protegir els nostres empleats i millorar la capacitat operativa de cada departament; atraure talent extern en aquells llocs qualificats que no estiguen coberts, tenint en compte la reciprocitat amb altres administracions i havent-los oferit pr\u00e8viament en la casa; i suprimir els llocs no justificats de direccions sense personal al seu c\u00e0rrec on el treballador \u00e9s cap de si mateix\u201d, assenyala el diputat, que especifica que les direccions que es reorganitzen s\u00f3n les de Recursos Humans, Cooperaci\u00f3 Municipal, Contractaci\u00f3 i Assessoria Jur\u00eddica.<\/p>\n\n\n\n<p class=\"wp-block-paragraph\">En xifres, els canvis en l&#8217;RPT duts a terme per l&#8217;executiu que presidix Vicent Momp\u00f3 han servit per a crear 19 direccions i suprimir 11, refor\u00e7ant \u00e0rees com a Carreteres, Medi Ambient, Personal, Igualtat i Mem\u00f2ria Hist\u00f2rica, entre altres, i molt especialment els departaments que interactuen amb els ajuntaments. \u201cLa intenci\u00f3 \u00e9s oferir el millor servici als municipis i als ciutadans, reorganitzant els nostres recursos des de la legalitat i el sentit com\u00fa\u201d, apunta Gabald\u00f3n, qui ha explicat que cada sol\u00b7licitud dels caps de servici \u201cha sigut registrada en una fitxa amb la motivaci\u00f3 per a cobrir eixa pla\u00e7a i en qu\u00e8 pot millorar la gesti\u00f3; fitxes accessibles i transparents per a qui vulga consultar-les\u201d.<\/p>\n\n\n\n<p class=\"wp-block-paragraph\"><strong>Nou reglament<\/strong><\/p>\n\n\n\n<p class=\"wp-block-paragraph\">El responsable provincial de Personal, que ha tirat avant tamb\u00e9 en el ple dos modificacions per a millorar el servici de teletreball i el sistema de carrera professional, ha anunciat que el mes vinent portar\u00e0 davant la cambra un nou reglament que fixar\u00e0 \u201cun model estandarditzat que fuig de la discrecionalitat i establix els criteris uniformes per a tots els departaments, amb els mateixos terminis i el mateix funcionament que han de seguir els caps de servici a l&#8217;hora de sol\u00b7licitar la creaci\u00f3 o supressi\u00f3 de llocs\u201d.<\/p>\n\n\n\n<p class=\"wp-block-paragraph\">\u201cSer\u00e0 el primer reglament en este sentit i busca l&#8217;efici\u00e8ncia i la transpar\u00e8ncia, cobrir vacants, reduir els \u00edndexs de provisionalitat i adequar la instituci\u00f3 a la realitat actual i la dels municipis\u201d, insistix el diputat, que avan\u00e7a que al novembre tamb\u00e9 s&#8217;emportar\u00e0 a ple un protocol d&#8217;assetjament laboral fins ara inexistent.<\/p>\n\n\n\n<p class=\"wp-block-paragraph\">Ricardo Gabald\u00f3n ha fet refer\u00e8ncia a l&#8217;informe del secretari de la instituci\u00f3 en el qual es valora positivament \u201cl&#8217;\u00fas de fitxes que milloren els anteriors expedients i que aporten suficient informaci\u00f3, dins d&#8217;un exercici d&#8217;autoorganitzaci\u00f3 que s&#8217;ajusta a la legalitat vigent, respectant els principis d&#8217;igualtat, capacitat, publicitat en l&#8217;acc\u00e9s a la funci\u00f3 p\u00fablica i seguretat jur\u00eddica\u201d.<\/p>\n\n\n\n<p class=\"wp-block-paragraph\"><strong>Modificacions de l&#8217;RPT<\/strong><\/p>\n\n\n\n<p class=\"wp-block-paragraph\">Els vots a favor del PP, Ens Uneix i Vox i l&#8217;abstenci\u00f3 de Comprom\u00eds han tirat avant esta proposta que nom\u00e9s ha sigut rebutjada pel grup socialista. El seu portaveu, Carlos Fern\u00e1ndez Bielsa, ha q\u00fcestionat \u201cles presses de l&#8217;actual govern, que no ha comptat amb l&#8217;oposici\u00f3 i torna a fer canvis en la seua plantilla en benefici d&#8217;uns pocs, premiant a personal d&#8217;altres administracions que venen a la Diputaci\u00f3 a guanyar diners\u201d. Bielsa ha criticat alguns dels nous nomenaments, com la direcci\u00f3 de Personal, l&#8217;assessor jur\u00eddic de Presid\u00e8ncia i dos places de mec\u00e0nic-conductor, i ha apuntat que \u201cest\u00e0 per veure si alguns d&#8217;estos moviments s\u00f3n legals\u201d.<\/p>\n\n\n\n<p class=\"wp-block-paragraph\">El diputat de Personal s&#8217;ha rem\u00e9s a l&#8217;informe del secretari on \u201cno s&#8217;aprecia cap il\u00b7legalitat\u201d i ha respost al portaveu socialista amb dades: \u201cli refrescar\u00e9 la mem\u00f2ria, senyor Bielsa. A hores d&#8217;ara, este equip de govern ha realitzat dos modificacions de l&#8217;RPT per les set que vost\u00e9s van fer en el mateix per\u00edode entre 2015 i 2017; hem creat huit noves direccions per les 80 que vost\u00e9s van crear i les m\u00e9s de 200 que van acumular en una sola legislatura; i hem habilitat una dotzena de places per a personal d&#8217;altres administracions que venen a cobrir llocs qualificats dels quals no disposem, enfront de la contractaci\u00f3 discrecional de treballadors d&#8217;altres institucions que van realitzar vost\u00e9s quan governaven esta corporaci\u00f3\u201d.<\/p>\n\n\n\n<p class=\"wp-block-paragraph\">Gabald\u00f3n ha recordat a Bielsa, abans de finalitzar la seua intervenci\u00f3 en el ple, que el seu partit \u201cja va votar en contra de l&#8217;estabilitzaci\u00f3 dels treballadors d&#8217;esta instituci\u00f3 que vam proposar en el seu moment i que podia haver suposat la p\u00e8rdua del lloc de treball a eixes persones\u201d.<\/p>\n\n\n\n<p class=\"wp-block-paragraph\"><strong>Ajudes a educaci\u00f3 i innovaci\u00f3<\/strong><\/p>\n\n\n\n<p class=\"wp-block-paragraph\">El ple d&#8217;octubre de la Diputaci\u00f3 ha aprovat igualment una subvenci\u00f3 nominativa de 48.000 euros per a l&#8217;habilitaci\u00f3 de l&#8217;aula de 2 a 3 anys en el CEIP F\u00e9lix Olmos de Favara, a trav\u00e9s d&#8217;una modificaci\u00f3 pressupost\u00e0ria en els comptes d&#8217;enguany.<\/p>\n\n\n\n<p class=\"wp-block-paragraph\">A m\u00e9s, el diputat d&#8217;Innovaci\u00f3, Juan Ram\u00f3n Adsuara, ha presentat una proposta de subvenci\u00f3 directa a la Universitat de Val\u00e8ncia per a la creaci\u00f3 i finan\u00e7ament de les despeses de funcionament de la C\u00e0tedra Territoris Intel\u00b7ligents, per un import de 200.000 euros. La iniciativa ha tirat avant i permetr\u00e0 el desenvolupament i implantaci\u00f3 de solucions tecnol\u00f2giques sostenibles en els municipis de la prov\u00edncia.<\/p>\n","protected":false},"excerpt":{"rendered":"<div class=\"mh-excerpt\">El ple d&#8217;octubre dona llum verda a una modificaci\u00f3 de l&#8217;RPT que elimina direccions sense treballadors, cobrix places vacants i refor\u00e7a departaments per a donar un millor servici als municipis. Nom\u00e9s el PSPV vota en <a class=\"mh-excerpt-more\" href=\"https:\/\/tucomarca.whitekongsoftware.com\/ca\/la-diputacio-reorganitza-el-seu-personal-per-a-ser-mes-eficac-i-anuncia-un-reglament-que-fara-mes-transparent-cada-proces\/\" title=\"La Diputaci\u00f3 reorganitza el seu personal per a ser m\u00e9s efica\u00e7 i anuncia un reglament que far\u00e0 m\u00e9s transparent cada proc\u00e9s\">[+] <\/a><\/div>\n","protected":false},"author":12,"featured_media":241273,"comment_status":"open","ping_status":"open","sticky":false,"template":"","format":"standard","meta":{"footnotes":""},"categories":[10898,10948,10894,10904,10947,10909,10896,11059],"tags":[11246,19427,18825],"class_list":["post-241274","post","type-post","status-publish","format-standard","has-post-thumbnail","category-ventana-ca","category-infraestructuras-ca","category-la-comarca-ca","category-sin-categorizar-ca","category-politica","category-requena-utiel-ca","category-seccion-ca","category-utiel-ca","tag-diputacio-de-valencia-ca","tag-ricardo-gabaldon-ca","tag-vicent-mompo-ca"],"_links":{"self":[{"href":"https:\/\/tucomarca.whitekongsoftware.com\/ca\/wp-json\/wp\/v2\/posts\/241274","targetHints":{"allow":["GET"]}}],"collection":[{"href":"https:\/\/tucomarca.whitekongsoftware.com\/ca\/wp-json\/wp\/v2\/posts"}],"about":[{"href":"https:\/\/tucomarca.whitekongsoftware.com\/ca\/wp-json\/wp\/v2\/types\/post"}],"author":[{"embeddable":true,"href":"https:\/\/tucomarca.whitekongsoftware.com\/ca\/wp-json\/wp\/v2\/users\/12"}],"replies":[{"embeddable":true,"href":"https:\/\/tucomarca.whitekongsoftware.com\/ca\/wp-json\/wp\/v2\/comments?post=241274"}],"version-history":[{"count":0,"href":"https:\/\/tucomarca.whitekongsoftware.com\/ca\/wp-json\/wp\/v2\/posts\/241274\/revisions"}],"wp:featuredmedia":[{"embeddable":true,"href":"https:\/\/tucomarca.whitekongsoftware.com\/ca\/wp-json\/wp\/v2\/media\/241273"}],"wp:attachment":[{"href":"https:\/\/tucomarca.whitekongsoftware.com\/ca\/wp-json\/wp\/v2\/media?parent=241274"}],"wp:term":[{"taxonomy":"category","embeddable":true,"href":"https:\/\/tucomarca.whitekongsoftware.com\/ca\/wp-json\/wp\/v2\/categories?post=241274"},{"taxonomy":"post_tag","embeddable":true,"href":"https:\/\/tucomarca.whitekongsoftware.com\/ca\/wp-json\/wp\/v2\/tags?post=241274"}],"curies":[{"name":"wp","href":"https:\/\/api.w.org\/{rel}","templated":true}]}}