{"id":241233,"date":"2024-10-22T13:00:00","date_gmt":"2024-10-22T11:00:00","guid":{"rendered":"https:\/\/www.tucomarca.com\/wordpress\/segunda\/?p=241233"},"modified":"2024-10-22T20:35:47","modified_gmt":"2024-10-22T18:35:47","slug":"naatlia-enguix-amplia-la-memoria-a-lescola-a-alumnat-dfp-i-avanca-que-en-2025-les-dones-protagonitzaran-el-certamen","status":"publish","type":"post","link":"https:\/\/tucomarca.whitekongsoftware.com\/ca\/naatlia-enguix-amplia-la-memoria-a-lescola-a-alumnat-dfp-i-avanca-que-en-2025-les-dones-protagonitzaran-el-certamen\/","title":{"rendered":"Nat\u00e0lia Enguix amplia \u2018La Mem\u00f2ria a l\u2019Escola\u2019 a alumnat d&#8217;FP i avan\u00e7a que en 2025 les dones protagonitzaran el certamen"},"content":{"rendered":"\n<h3 class=\"wp-block-heading\"><strong>La vicepresidenta primera de la Diputaci\u00f3 entrega el primer premi de l&#8217;edici\u00f3 d&#8217;enguany a Irene Mart\u00edn i Mar\u00eda Romero de \u00c1vila, del Col\u00b7legi Pureza de Mar\u00eda-Cid, pel seu treball \u2018Desde y hacia Valencia: Los desplazados en la Comunitat Valenciana\u2019<\/strong>.<\/h3>\n\n\n\n<h3 class=\"wp-block-heading\"><strong>En la gala de la Benefic\u00e8ncia han sigut reconeguts tamb\u00e9 els treballs d&#8217;alumnes de l&#8217;IES Jaume I d&#8217;Ontinyent, l&#8217;IES Clara Campoamor d&#8217;Alaqu\u00e0s, l&#8217;IES la Hoya de Bu\u00f1ol i l&#8217;IES Las Norias de Monforte del Cid<\/strong>.<\/h3>\n\n\n\n<h3 class=\"wp-block-heading\"><strong>El tema proposat en la convocat\u00f2ria de 2024 han sigut els moviments de poblaci\u00f3 for\u00e7ats per conflictes durant els segles XIX i XX. \u201c\u00c9s el nostre deure que la hist\u00f2ria es conte tal com va passar\u201d, afirma Enguix<\/strong>.<\/h3>\n\n\n\n<p class=\"wp-block-paragraph\">La vicepresidenta primera de la Diputaci\u00f3 de Val\u00e8ncia, Nat\u00e0lia Enguix, va avan\u00e7ar este dilluns que el programa \u2018La Mem\u00f2ria a l\u2019Escola\u2019 s&#8217;ampliar\u00e0 a alumnat d&#8217;FP b\u00e0sica i que l&#8217;edici\u00f3 de 2025 tindr\u00e0 com a tema \u2018Les dones, les primeres guardianes de la mem\u00f2ria\u2019. Enguix va realitzar l&#8217;anunci durant l&#8217;entrega dels premis d&#8217;enguany, que han reconegut set treballs presentats per cinc centres educatius. El m\u00e0xim guard\u00f3 ha sigut per a Irene Mart\u00edn i Mar\u00eda Romero de \u00c1vila, alumnes del col\u00b7legi Pureza de Mar\u00eda-Cid, pel projecte \u2018Desde y hacia Valencia: Los desplazados en la Comunitat Valenciana\u2019.<\/p>\n\n\n\n<p class=\"wp-block-paragraph\">La vicepresidenta Enguix, acompanyada per les diputades Roc\u00edo Gil, Dolors Gimeno i Lola Celda, i els diputats Paco Teruel i Avelino Mascarell, va agrair l&#8217;esfor\u00e7 de tots i totes les participants en la cinquena edici\u00f3 de \u2018La Mem\u00f2ria a l\u2019Escola\u2019 i va donar l&#8217;enhorabona a les guanyadores d&#8217;un certamen centrat en els moviments de poblaci\u00f3 for\u00e7ats per conflictes durant els segles XIX i XX. \u201c\u00c9s el nostre deure que la hist\u00f2ria es conte tal i com va passar i que tinga eixe component did\u00e0ctic\u201d, va assenyalar la responsable provincial de Mem\u00f2ria Democr\u00e0tica.<\/p>\n\n\n\n<p class=\"wp-block-paragraph\">Nat\u00e0lia Enguix va destacar durant la seua intervenci\u00f3, posterior a l&#8217;entrega dels premis, que \u201cla mem\u00f2ria \u00e9s una assignatura pendent per a moltes generacions\u201d. La vicepresidenta va posar en valor \u201cel treball que realitzen els docents a les escoles valencianes en la formaci\u00f3 de futures generacions en valors democr\u00e0tics, en la defensa d&#8217;un model social que protegisca el que tant va costar aconseguir als nostres avantpassats, si b\u00e9 encara queden desigualtats que hem d&#8217;erradicar i drets per aconseguir\u201d.<\/p>\n\n\n\n<p class=\"wp-block-paragraph\"><strong>Cinc centres premiats<\/strong><\/p>\n\n\n\n<p class=\"wp-block-paragraph\">Amb la vista posada en eixe horitz\u00f3 educatiu, la delegaci\u00f3 que dirigix Enguix organitza el programa \u2018La Mem\u00f2ria a l\u2019Escola\u2019, que enguany ha abordat temes com l&#8217;exili dels xiquets espanyols a R\u00fassia, el genocidi armeni o la dictadura de Nicolae Ceau\u0219escu, a trav\u00e9s de projectes que \u201cens han perm\u00e9s constatar la posada en valor i l&#8217;inter\u00e9s per part dels centres d&#8217;Educaci\u00f3 Secund\u00e0ria per con\u00e9ixer el passat, aprendre d&#8217;ell, i projectar un futur millor per a tots en el qual la mem\u00f2ria democr\u00e0tica es configura com un dels eixos principals en la consolidaci\u00f3 de l&#8217;Estat de Dret\u201d, apunta Nat\u00e0lia Enguix.<\/p>\n\n\n\n<p class=\"wp-block-paragraph\">El primer premi ha recaigut en el v\u00eddeo documental presentat per Irene Mart\u00edn i Mar\u00eda Romero de \u00c1vila, baix la tutoria de Pablo Saturnino. El treball del Col\u00b7legi Pureza de Mar\u00eda-Cid gira entorn dels despla\u00e7ats valencians per la Guerra Civil espanyola, vinculant l&#8217;episodi amb situacions similars viscudes en altres pa\u00efsos i en cronologies diferents com la Guerra Civil del L\u00edban i la guerra a Ucra\u00efna. Les alumnes i el seu tutor es repartiran els 4.000 euros del premi, que van rebre de mans de la mateixa Enguix.<\/p>\n\n\n\n<p class=\"wp-block-paragraph\">Els segons premis han sigut per a \u2018Armenia: fragmentos de una historia olvidada\u2019, de Larisa Avestisyan (IES Jaume I d&#8217;Ontinyent); i \u2018Voces del exilio\u2019, de Sof\u00eda Mont\u00f3n, Nuria Sevilla i Celia Sevilla (IES Clara Campoamor d&#8217;Alaqu\u00e0s). Els tercers premis han recaigut en \u2018Tiempos de Silencio\u2019, de Luc\u00eda Ruiz, Roc\u00edo Sierra i Carla Heredia (IES La Hoya de Bu\u00f1ol); \u2018De Bucaresti a Ontinyent\u2019, de Carla Bartha i Iris Ana-Maria C\u00e4luean (IES Jaume I d&#8217;Ontinyent); \u2018El exilio en la infancia. Los ni\u00f1os de Rusia durante la Guerra Civil Espa\u00f1ola\u2019, d&#8217;\u00c1ngela L\u00f3pez i Marta Ferr\u00e1ndiz (IES las Norias de Monforte del Cid); i \u2018La traves\u00eda de Neus Catal\u00e0\u2019, de Carlota Serrano (IES las Norias de Monforte del Cid).<\/p>\n\n\n\n<p class=\"wp-block-paragraph\"><strong>Guardianes de la mem\u00f2ria<\/strong><\/p>\n\n\n\n<p class=\"wp-block-paragraph\">La responsable provincial va aprofitar l&#8217;acte per a animar a l&#8217;alumnat i als centres escolars a presentar-se a la pr\u00f2xima edici\u00f3 del concurs i continuar incrementant la participaci\u00f3 que ja ha crescut de manera considerable en esta cinquena edici\u00f3. \u201cVos avance que la convocat\u00f2ria es publicar\u00e0 pr\u00f2ximament amb el tema \u2018Les dones, les primeres guardianes de la mem\u00f2ria\u2019 i que podran participar alumnes d&#8217;FP b\u00e0sica a m\u00e9s dels de 4t de l&#8217;ESO i 1r i 2n de Batxillerat\u201d, va apuntar Enguix.<\/p>\n\n\n\n<p class=\"wp-block-paragraph\">En paraules de la vicepresidenta, \u201cla intenci\u00f3 \u00e9s que aprofundiu en el coneixement de les vostres mares, iaies i bes\u00e0vies i que tingueu molt present que van ser elles, en la majoria de casos, les que van viure eixe exili interior tan dolor\u00f3s, malgrat la qual cosa van mantindre viva la mem\u00f2ria sent fidels al record dels seus sers estimats\u201d. \u201cSegur que el nivell dels treballs \u00e9s tan bo o millor que els de la present edici\u00f3 i que eixe coneixement de la hist\u00f2ria que ens envolta es continua refor\u00e7ant amb l&#8217;aprenentatge de compet\u00e8ncies tecnol\u00f2giques, liter\u00e0ries, art\u00edstiques i socials, que \u00e9s un altre dels objectius del programa\u201d.<\/p>\n\n\n\n<p class=\"wp-block-paragraph\">La inversi\u00f3 de la Diputaci\u00f3 en localitzaci\u00f3, exhumaci\u00f3 i identificaci\u00f3 de restes de les v\u00edctimes, aix\u00ed com en la recuperaci\u00f3 d&#8217;infraestructures memorialistes, sumades a les subvencions per a associacions, superen enguany el mili\u00f3 d&#8217;euros. L&#8217;acci\u00f3 de la instituci\u00f3 en mat\u00e8ria de Mem\u00f2ria es completa amb un altre tipus d&#8217;iniciatives enfocades a l&#8217;educaci\u00f3, com \u2018La mem\u00f2ria a les biblioteques\u2019, la publicaci\u00f3 de llibres, l&#8217;organitzaci\u00f3 de xarrades i confer\u00e8ncies, nous portals webs i estos premis dirigits a l&#8217;alumnat dels centres educatius valencians.<\/p>\n\n\n\n<p class=\"wp-block-paragraph\">Com a curiositat, els premis entregats a l&#8217;alumnat i els tutors s\u00f3n xicotetes oliveres que simbolitzen la vict\u00f2ria, la pau i, en algunes tradicions, la mem\u00f2ria per la longevitat de l&#8217;arbre. \u201cAnimem als guanyadors a trasplantar en els seus centres estos arbres per a estendre l&#8217;arrel de la mem\u00f2ria que hui ha reconegut els vostres treballs\u201d.<\/p>\n\n\n\n<figure class=\"wp-block-gallery has-nested-images columns-1 is-cropped wp-block-gallery-1 is-layout-flex wp-block-gallery-is-layout-flex\">\n<figure class=\"wp-block-image size-large\"><img loading=\"lazy\" decoding=\"async\" width=\"945\" height=\"630\" data-id=\"241187\" src=\"https:\/\/www.tucomarca.com\/wordpress\/segunda\/wp-content\/uploads\/2024\/10\/EnguixMemoriaEscola06.jpg\" alt=\"\" class=\"wp-image-241187\" srcset=\"https:\/\/tucomarca.whitekongsoftware.com\/wp-content\/uploads\/2024\/10\/EnguixMemoriaEscola06.jpg 945w, https:\/\/tucomarca.whitekongsoftware.com\/wp-content\/uploads\/2024\/10\/EnguixMemoriaEscola06-300x200.jpg 300w, https:\/\/tucomarca.whitekongsoftware.com\/wp-content\/uploads\/2024\/10\/EnguixMemoriaEscola06-768x512.jpg 768w\" sizes=\"auto, (max-width: 945px) 100vw, 945px\" \/><\/figure>\n\n\n\n<figure class=\"wp-block-image size-large\"><img loading=\"lazy\" decoding=\"async\" width=\"945\" height=\"630\" data-id=\"241191\" src=\"https:\/\/www.tucomarca.com\/wordpress\/segunda\/wp-content\/uploads\/2024\/10\/EnguixMemoriaEscola05.jpg\" alt=\"\" class=\"wp-image-241191\" srcset=\"https:\/\/tucomarca.whitekongsoftware.com\/wp-content\/uploads\/2024\/10\/EnguixMemoriaEscola05.jpg 945w, https:\/\/tucomarca.whitekongsoftware.com\/wp-content\/uploads\/2024\/10\/EnguixMemoriaEscola05-300x200.jpg 300w, https:\/\/tucomarca.whitekongsoftware.com\/wp-content\/uploads\/2024\/10\/EnguixMemoriaEscola05-768x512.jpg 768w\" sizes=\"auto, (max-width: 945px) 100vw, 945px\" \/><\/figure>\n\n\n\n<figure class=\"wp-block-image size-large\"><img loading=\"lazy\" decoding=\"async\" width=\"945\" height=\"630\" data-id=\"241193\" src=\"https:\/\/www.tucomarca.com\/wordpress\/segunda\/wp-content\/uploads\/2024\/10\/EnguixMemoriaEscola04.jpg\" alt=\"\" class=\"wp-image-241193\" srcset=\"https:\/\/tucomarca.whitekongsoftware.com\/wp-content\/uploads\/2024\/10\/EnguixMemoriaEscola04.jpg 945w, https:\/\/tucomarca.whitekongsoftware.com\/wp-content\/uploads\/2024\/10\/EnguixMemoriaEscola04-300x200.jpg 300w, https:\/\/tucomarca.whitekongsoftware.com\/wp-content\/uploads\/2024\/10\/EnguixMemoriaEscola04-768x512.jpg 768w\" sizes=\"auto, (max-width: 945px) 100vw, 945px\" \/><\/figure>\n\n\n\n<figure class=\"wp-block-image size-large\"><img loading=\"lazy\" decoding=\"async\" width=\"945\" height=\"630\" data-id=\"241195\" src=\"https:\/\/www.tucomarca.com\/wordpress\/segunda\/wp-content\/uploads\/2024\/10\/EnguixMemoriaEscola01.jpg\" alt=\"\" class=\"wp-image-241195\" srcset=\"https:\/\/tucomarca.whitekongsoftware.com\/wp-content\/uploads\/2024\/10\/EnguixMemoriaEscola01.jpg 945w, https:\/\/tucomarca.whitekongsoftware.com\/wp-content\/uploads\/2024\/10\/EnguixMemoriaEscola01-300x200.jpg 300w, https:\/\/tucomarca.whitekongsoftware.com\/wp-content\/uploads\/2024\/10\/EnguixMemoriaEscola01-768x512.jpg 768w\" sizes=\"auto, (max-width: 945px) 100vw, 945px\" \/><\/figure>\n\n\n\n<figure class=\"wp-block-image size-large\"><img loading=\"lazy\" decoding=\"async\" width=\"945\" height=\"630\" data-id=\"241197\" src=\"https:\/\/www.tucomarca.com\/wordpress\/segunda\/wp-content\/uploads\/2024\/10\/EnguixMemoriaEscola03.jpg\" alt=\"\" class=\"wp-image-241197\" srcset=\"https:\/\/tucomarca.whitekongsoftware.com\/wp-content\/uploads\/2024\/10\/EnguixMemoriaEscola03.jpg 945w, https:\/\/tucomarca.whitekongsoftware.com\/wp-content\/uploads\/2024\/10\/EnguixMemoriaEscola03-300x200.jpg 300w, https:\/\/tucomarca.whitekongsoftware.com\/wp-content\/uploads\/2024\/10\/EnguixMemoriaEscola03-768x512.jpg 768w\" sizes=\"auto, (max-width: 945px) 100vw, 945px\" \/><\/figure>\n\n\n\n<figure class=\"wp-block-image size-large\"><img loading=\"lazy\" decoding=\"async\" width=\"945\" height=\"630\" data-id=\"241199\" src=\"https:\/\/www.tucomarca.com\/wordpress\/segunda\/wp-content\/uploads\/2024\/10\/EnguixMemoriaEscola02.jpg\" alt=\"\" class=\"wp-image-241199\" srcset=\"https:\/\/tucomarca.whitekongsoftware.com\/wp-content\/uploads\/2024\/10\/EnguixMemoriaEscola02.jpg 945w, https:\/\/tucomarca.whitekongsoftware.com\/wp-content\/uploads\/2024\/10\/EnguixMemoriaEscola02-300x200.jpg 300w, https:\/\/tucomarca.whitekongsoftware.com\/wp-content\/uploads\/2024\/10\/EnguixMemoriaEscola02-768x512.jpg 768w\" sizes=\"auto, (max-width: 945px) 100vw, 945px\" \/><\/figure>\n\n\n\n<figure class=\"wp-block-image size-large\"><img loading=\"lazy\" decoding=\"async\" width=\"945\" height=\"630\" data-id=\"241201\" src=\"https:\/\/www.tucomarca.com\/wordpress\/segunda\/wp-content\/uploads\/2024\/10\/EnguixMemoriaEscola08.jpg\" alt=\"\" class=\"wp-image-241201\" srcset=\"https:\/\/tucomarca.whitekongsoftware.com\/wp-content\/uploads\/2024\/10\/EnguixMemoriaEscola08.jpg 945w, https:\/\/tucomarca.whitekongsoftware.com\/wp-content\/uploads\/2024\/10\/EnguixMemoriaEscola08-300x200.jpg 300w, https:\/\/tucomarca.whitekongsoftware.com\/wp-content\/uploads\/2024\/10\/EnguixMemoriaEscola08-768x512.jpg 768w\" sizes=\"auto, (max-width: 945px) 100vw, 945px\" \/><\/figure>\n<\/figure>\n","protected":false},"excerpt":{"rendered":"<div class=\"mh-excerpt\">La vicepresidenta primera de la Diputaci\u00f3 entrega el primer premi de l&#8217;edici\u00f3 d&#8217;enguany a Irene Mart\u00edn i Mar\u00eda Romero de \u00c1vila, del Col\u00b7legi Pureza de Mar\u00eda-Cid, pel seu treball \u2018Desde y hacia Valencia: Los desplazados <a class=\"mh-excerpt-more\" href=\"https:\/\/tucomarca.whitekongsoftware.com\/ca\/naatlia-enguix-amplia-la-memoria-a-lescola-a-alumnat-dfp-i-avanca-que-en-2025-les-dones-protagonitzaran-el-certamen\/\" title=\"Nat\u00e0lia Enguix amplia \u2018La Mem\u00f2ria a l\u2019Escola\u2019 a alumnat d&#8217;FP i avan\u00e7a que en 2025 les dones protagonitzaran el certamen\">[+] <\/a><\/div>\n","protected":false},"author":13,"featured_media":241190,"comment_status":"open","ping_status":"open","sticky":false,"template":"","format":"gallery","meta":{"footnotes":""},"categories":[20600,10911,10898,10894,10904,20456,10912,11007,10896],"tags":[21009,16620,20262],"class_list":["post-241233","post","type-post","status-publish","format-gallery","has-post-thumbnail","category-area-memoria-democratica-ca","category-bunol-ca","category-ventana-ca","category-la-comarca-ca","category-sin-categorizar-ca","category-la-diputacio-de-valencia-informa-ca","category-la-hoya-ca","category-ocio-y-cultura-ca","category-seccion-ca","tag-la-diputacio-de-valencia-ca","tag-memoria-democratica-ca","tag-natalia-enguix-ca","post_format-post-format-gallery"],"_links":{"self":[{"href":"https:\/\/tucomarca.whitekongsoftware.com\/ca\/wp-json\/wp\/v2\/posts\/241233","targetHints":{"allow":["GET"]}}],"collection":[{"href":"https:\/\/tucomarca.whitekongsoftware.com\/ca\/wp-json\/wp\/v2\/posts"}],"about":[{"href":"https:\/\/tucomarca.whitekongsoftware.com\/ca\/wp-json\/wp\/v2\/types\/post"}],"author":[{"embeddable":true,"href":"https:\/\/tucomarca.whitekongsoftware.com\/ca\/wp-json\/wp\/v2\/users\/13"}],"replies":[{"embeddable":true,"href":"https:\/\/tucomarca.whitekongsoftware.com\/ca\/wp-json\/wp\/v2\/comments?post=241233"}],"version-history":[{"count":0,"href":"https:\/\/tucomarca.whitekongsoftware.com\/ca\/wp-json\/wp\/v2\/posts\/241233\/revisions"}],"wp:featuredmedia":[{"embeddable":true,"href":"https:\/\/tucomarca.whitekongsoftware.com\/ca\/wp-json\/wp\/v2\/media\/241190"}],"wp:attachment":[{"href":"https:\/\/tucomarca.whitekongsoftware.com\/ca\/wp-json\/wp\/v2\/media?parent=241233"}],"wp:term":[{"taxonomy":"category","embeddable":true,"href":"https:\/\/tucomarca.whitekongsoftware.com\/ca\/wp-json\/wp\/v2\/categories?post=241233"},{"taxonomy":"post_tag","embeddable":true,"href":"https:\/\/tucomarca.whitekongsoftware.com\/ca\/wp-json\/wp\/v2\/tags?post=241233"}],"curies":[{"name":"wp","href":"https:\/\/api.w.org\/{rel}","templated":true}]}}