{"id":241181,"date":"2024-10-22T08:00:00","date_gmt":"2024-10-22T06:00:00","guid":{"rendered":"https:\/\/www.tucomarca.com\/wordpress\/segunda\/?p=241181"},"modified":"2024-10-22T20:12:12","modified_gmt":"2024-10-22T18:12:12","slug":"el-ivc-i-la-mostra-de-valencia-reediten-el-llibre-helena-cortesina-una-cineasta-pionera-a-espanya-direne-de-lucas-ramon","status":"publish","type":"post","link":"https:\/\/tucomarca.whitekongsoftware.com\/ca\/el-ivc-i-la-mostra-de-valencia-reediten-el-llibre-helena-cortesina-una-cineasta-pionera-a-espanya-direne-de-lucas-ramon\/","title":{"rendered":"El IVC i la Mostra de Val\u00e8ncia reediten el llibre \u2018Helena Cortesina. Una cineasta pionera a Espanya\u2019, d&#8217;Irene de Lucas Ram\u00f3n"},"content":{"rendered":"\n<h3 class=\"wp-block-heading\">La valenciana Helena Cortesina va ser la primera dona a produir i dirigir un llargmetratge a Espanya.<\/h3>\n\n\n\n<h3 class=\"wp-block-heading\">La nova edici\u00f3 inclou un llibret amb material promocional del llargmetratge \u2018Flor d&#8217;Espanya\u2019, la pel\u00b7l\u00edcula que va dirigir i va produir Cortesina en 1921.<\/h3>\n\n\n\n<p class=\"wp-block-paragraph\">La Conselleria d&#8217;Educaci\u00f3, Cultura, Universitats i Ocupaci\u00f3, a trav\u00e9s de la Filmoteca del Institut Valenci\u00e0 de Cultura, i la Mostra de Val\u00e8ncia-Cinema del Mediterrani han reeditat el llibre \u2018Helena Cortesina. Una cineasta pionera a Espanya\u2019, escrit per la cineasta i cr\u00edtica de cinema Irene de Lucas Ram\u00f3n.&nbsp;<\/p>\n\n\n\n<p class=\"wp-block-paragraph\">El director general del Institut Valenci\u00e0 de Cultura, \u00c1lvaro L\u00f3pez-Jamar, ha assenyalat que, \u201camb la reedici\u00f3 d&#8217;aquest llibre, tant el IVC com la Mostra de Val\u00e8ncia volen recordar a una figura molt destacada de la cultura valenciana durant les primeres d\u00e8cades del segle XX, que va ser tamb\u00e9 una de les grans pioneres del cinema espanyol.&nbsp;<\/p>\n\n\n\n<p class=\"wp-block-paragraph\">Helena Cortesina s&#8217;ha mantingut en l&#8217;oblit durant molts anys, malgrat ser la primera dona a dirigir i produir un llargmetratge a Espanya i una artista polifac\u00e8tica, vitalista i incansable, que des de molt jove va triomfar en el teatre, la dansa i el cinema\u201d.&nbsp;<\/p>\n\n\n\n<p class=\"wp-block-paragraph\">Sobre la reedici\u00f3 del llibre, el director art\u00edstic de la Mostra de Val\u00e8ncia, Eduardo Guillot, ha destacat que, \u201ctenint en compte la rellev\u00e0ncia de la troballa de la Filmoteca Valenciana i l&#8217;enorme inter\u00e9s que va suscitar l&#8217;estudi d&#8217;Irene de Lucas dedicat a Helena Cortesina que Mostra de Val\u00e8ncia i el IVC van publicar en 2023, ens semblava molt oport\u00fa realitzar aquesta nova edici\u00f3 actualitzada i que el llibre passe a formar part de les col\u00b7leccions de La Filmoteca, la qual cosa permetr\u00e0 que tinga una nova vida i servisca per a continuar difonent la figura de la cineasta valenciana, objectiu principal del projecte des del principi\u201d.<\/p>\n\n\n\n<p class=\"wp-block-paragraph\">La nova edici\u00f3 inclou un llibret amb material promocional del llargmetratge \u2018Flor d&#8217;Espanya&#8217;, la pel\u00b7l\u00edcula que va dirigir i va produir Cortesina en 1921. El llibret va ser trobat recentment per l&#8217;Arxiu F\u00edlmic de la Filmoteca Valenciana.&nbsp;<\/p>\n\n\n\n<p class=\"wp-block-paragraph\">Amb portada del c\u00e8lebre cartellista valenci\u00e0 Luis Dub\u00f3n, el llibret va ser impr\u00e9s per l&#8217;empresa Sacadura Ltd, que va comprar els drets de distribuci\u00f3 de la pel\u00b7l\u00edcula. &nbsp;&nbsp;<\/p>\n\n\n\n<p class=\"wp-block-paragraph\">El llibret inclou un tractament detallat de l&#8217;argument, amb menci\u00f3 a noms de personatges i refer\u00e8ncies a intrigues i trames de la hist\u00f2ria que es desconeixien fins ara.&nbsp;<\/p>\n\n\n\n<p class=\"wp-block-paragraph\">Tamb\u00e9 es reprodueix una conversa dels protagonistes amb quatre l\u00ednies de di\u00e0legs dels cartons, ja que la pel\u00b7l\u00edcula era muda, i diverses imatges in\u00e8dites del film. En aquest fullet promocional figuren un fragment d&#8217;un article de premsa del Mercantil Valenci\u00e0 i una entrevista amb Jos\u00e9 Mar\u00eda Granada, guionista de la pel\u00b7l\u00edcula.&nbsp;<\/p>\n\n\n\n<p class=\"wp-block-paragraph\">Sobre \u2018Flor d&#8217;Espanya\u2019, Irene de Lucas ha recordat que \u201cles actrius productores no sempre dirigien, per\u00f2 ella s&#8217;atreveix a fer-ho i a m\u00e9s protagonitza el film.&nbsp;En la nostra investigaci\u00f3 hem descobert que la pel\u00b7l\u00edcula es va estrenar primer a Cuba en 1922 i a Puerto Rico en 1923. Despr\u00e9s va estar en cartell sis anys a Espanya i el va ajudar a aconseguir el seu objectiu: Cortesina va entrar en el circuit teatral com a actriu gr\u00e0cies al reconeixement que li va donar aquesta cinta\u201d.<\/p>\n\n\n\n<p class=\"wp-block-paragraph\"><strong>Una biografia apassionant<\/strong><\/p>\n\n\n\n<p class=\"wp-block-paragraph\">Elena Cort\u00e9s Altabas, m\u00e9s coneguda com a Helena Cortesina (Val\u00e8ncia, 17 de juliol de 1903 &#8211; Buenos Aires, 7 de mar\u00e7 de 1984), va ser ballarina, actriu de cinema i teatre, empres\u00e0ria teatral i una de les primeres directores i productores de cinema espanyoles. Dona molt avan\u00e7ada per a la seua \u00e8poca, va anar tamb\u00e9 model de Sorolla i amiga de Federico Garc\u00eda Lorca i d&#8217;altres autors de la generaci\u00f3 del 27.&nbsp;<\/p>\n\n\n\n<p class=\"wp-block-paragraph\">Va debutar en la dansa amb tot just tretze anys, va protagonitzar el seu primer film i va crear la seua pr\u00f2pia productora de cinema amb d\u00e8sset. En la primavera de 1921 va produir, va dirigir i va protagonitzar la seua primera i \u00fanica pel\u00b7l\u00edcula com a cineasta, \u2018Flor d&#8217;Espanya\u2019, amb d\u00edhuit anys acabats de complir.&nbsp;<\/p>\n\n\n\n<p class=\"wp-block-paragraph\">La seua aventura cinematogr\u00e0fica no tindria continu\u00eftat, per\u00f2 seria determinant en la seua traject\u00f2ria art\u00edstica, perqu\u00e8 el cinema va ser el trampol\u00ed professional que necessitava per a ingressar en companyies teatrals de renom, dedicant-se, d&#8217;ara en avant, fonamentalment a l&#8217;\u00e0mbit teatral.<\/p>\n\n\n\n<p class=\"wp-block-paragraph\">Sobre la figura de la cineasta valenciana, Irene de Lucas ha assenyalat que \u201cCortesina \u00e9s una persona especialment moderna per a l&#8217;\u00e8poca. Per exemple, mai es va casar malgrat tindre fills, a m\u00e9s de ser una artista completa: ballarina primer, despr\u00e9s actriu de cinema, directora i productora&#8221;.<\/p>\n\n\n\n<p class=\"wp-block-paragraph\">&#8220;Per si no fora suficient, crea dues empreses teatrals. El m\u00e9s sorprenent \u00e9s aquesta aud\u00e0cia i la seua capacitat de reinventar-se en un context molt complicat. Durant la Guerra Civil mor la seua primera filla, marxa a l&#8217;exili embarassada i aconsegueix, malgrat tot, que la seua carrera no deixe de cr\u00e9ixer\u201d, ha explicat.<\/p>\n\n\n\n<p class=\"wp-block-paragraph\"><strong>Sobre l&#8217;autora<\/strong><\/p>\n\n\n\n<p class=\"wp-block-paragraph\">Irene de Lucas Ram\u00f3n \u00e9s llicenciada en Comunicaci\u00f3 Audiovisual i doctora per la Universitat de Val\u00e8ncia. Directora i guionista de cinema, ha sigut premiada en festivals nacionals i internacionals pels seus curtmetratges \u2018Le Jeu de Dames\u2019 (2008) i \u2018La Marelle\u2019 (2012). Ha participat en l&#8217;organitzaci\u00f3 de diversos festivals de cinema i ha cobert l&#8217;edici\u00f3 d&#8217;altres varis per a diferents publicacions.&nbsp;<\/p>\n\n\n\n<p class=\"wp-block-paragraph\">\u00c9s autora de nombrosos articles d&#8217;an\u00e0lisi cinematogr\u00e0fica en revistes especialitzades i col\u00b7labora regularment en els monogr\u00e0fics de les revistes Shangrila i Solaris. Entre els seus llibres figuren \u2018Els Oblidats. La viol\u00e8ncia dels exclosos\u2019 (2008) i \u2018Alice Guy en l&#8217;origen del cinema\u2019 (2011).<\/p>\n","protected":false},"excerpt":{"rendered":"<div class=\"mh-excerpt\">La valenciana Helena Cortesina va ser la primera dona a produir i dirigir un llargmetratge a Espanya. La nova edici\u00f3 inclou un llibret amb material promocional del llargmetratge \u2018Flor d&#8217;Espanya\u2019, la pel\u00b7l\u00edcula que va dirigir <a class=\"mh-excerpt-more\" href=\"https:\/\/tucomarca.whitekongsoftware.com\/ca\/el-ivc-i-la-mostra-de-valencia-reediten-el-llibre-helena-cortesina-una-cineasta-pionera-a-espanya-direne-de-lucas-ramon\/\" title=\"El IVC i la Mostra de Val\u00e8ncia reediten el llibre \u2018Helena Cortesina. Una cineasta pionera a Espanya\u2019, d&#8217;Irene de Lucas Ram\u00f3n\">[+] <\/a><\/div>\n","protected":false},"author":13,"featured_media":241179,"comment_status":"open","ping_status":"open","sticky":false,"template":"","format":"standard","meta":{"footnotes":""},"categories":[10904,11007,10896],"tags":[13274,17761,11199,15856],"class_list":["post-241181","post","type-post","status-publish","format-standard","has-post-thumbnail","category-sin-categorizar-ca","category-ocio-y-cultura-ca","category-seccion-ca","tag-institut-valencia-de-cultura-ca","tag-ivc-ca","tag-la-comunitat-ca","tag-ocio-y-cultura-ca"],"_links":{"self":[{"href":"https:\/\/tucomarca.whitekongsoftware.com\/ca\/wp-json\/wp\/v2\/posts\/241181","targetHints":{"allow":["GET"]}}],"collection":[{"href":"https:\/\/tucomarca.whitekongsoftware.com\/ca\/wp-json\/wp\/v2\/posts"}],"about":[{"href":"https:\/\/tucomarca.whitekongsoftware.com\/ca\/wp-json\/wp\/v2\/types\/post"}],"author":[{"embeddable":true,"href":"https:\/\/tucomarca.whitekongsoftware.com\/ca\/wp-json\/wp\/v2\/users\/13"}],"replies":[{"embeddable":true,"href":"https:\/\/tucomarca.whitekongsoftware.com\/ca\/wp-json\/wp\/v2\/comments?post=241181"}],"version-history":[{"count":0,"href":"https:\/\/tucomarca.whitekongsoftware.com\/ca\/wp-json\/wp\/v2\/posts\/241181\/revisions"}],"wp:featuredmedia":[{"embeddable":true,"href":"https:\/\/tucomarca.whitekongsoftware.com\/ca\/wp-json\/wp\/v2\/media\/241179"}],"wp:attachment":[{"href":"https:\/\/tucomarca.whitekongsoftware.com\/ca\/wp-json\/wp\/v2\/media?parent=241181"}],"wp:term":[{"taxonomy":"category","embeddable":true,"href":"https:\/\/tucomarca.whitekongsoftware.com\/ca\/wp-json\/wp\/v2\/categories?post=241181"},{"taxonomy":"post_tag","embeddable":true,"href":"https:\/\/tucomarca.whitekongsoftware.com\/ca\/wp-json\/wp\/v2\/tags?post=241181"}],"curies":[{"name":"wp","href":"https:\/\/api.w.org\/{rel}","templated":true}]}}