{"id":241151,"date":"2024-10-21T10:35:00","date_gmt":"2024-10-21T08:35:00","guid":{"rendered":"https:\/\/www.tucomarca.com\/wordpress\/segunda\/el-partido-popular-de-bunol-anuncia-que-la-generalitat-triplica-la-subvencion-al-conservatorio-san-rafael\/"},"modified":"2024-10-21T22:16:52","modified_gmt":"2024-10-21T20:16:52","slug":"el-partido-popular-de-bunol-anuncia-que-la-generalitat-triplica-la-subvencion-al-conservatorio-san-rafael","status":"publish","type":"post","link":"https:\/\/tucomarca.whitekongsoftware.com\/ca\/el-partido-popular-de-bunol-anuncia-que-la-generalitat-triplica-la-subvencion-al-conservatorio-san-rafael\/","title":{"rendered":"El Partit Popular de Bunyol anuncia que la Generalitat triplica la subvencion al Conservatori Sant Rafael"},"content":{"rendered":"\n<p class=\"wp-block-paragraph\">Des del Partit Popular de Bunyol anuncien &#8220;la concessi\u00f3 d&#8217;una subvenci\u00f3 de 212.787,98 euros al Conservatori Professional de M\u00fasica Sant Rafael, una quantitat que triplica els 77.003,46 euros rebuts l&#8217;any passat. Aquest notable increment reflecteix el comprom\u00eds del Partit Popular de la Comunitat Valenciana (PPCV) amb l&#8217;educaci\u00f3 i la cultura en el nostre municipi, aix\u00ed com el treball diligent realitzat pel PP de Bunyol per a assegurar majors recursos per als nostres ve\u00efns&#8221;, assegura l&#8217;agrupaci\u00f3.<\/p>\n\n\n\n<p class=\"wp-block-paragraph\">Tamb\u00e9 afigen que aquest suport econ\u00f2mic &#8220;no sols ajudar\u00e0 a cobrir les elevades despeses de funcionament del conservatori, sin\u00f3 que permetr\u00e0 continuar millorant la qualitat educativa que gaudeixen els estudiants de Bunyol i de tota la comarca. La subvenci\u00f3 representa una aposta decidida pel futur del conservatori, que \u00e9s un pilar fonamental per a la formaci\u00f3 musical de joves talents a la prov\u00edncia de val\u00e8ncia.&#8221;<\/p>\n\n\n\n<p class=\"wp-block-paragraph\">Des del Partit Popular de Bunyol asseguren &#8220;estar conven\u00e7uts que aquest augment del finan\u00e7ament contribuir\u00e0 a afermar el paper del Conservatori Sant Rafael com a referent cultural i educatiu, permetent que continue sent un espai d&#8217;excel\u00b7l\u00e8ncia per a l&#8217;ensenyament musical&#8221;.<\/p>\n\n\n\n<p class=\"wp-block-paragraph\">&#8220;Aquest \u00e8xit posa de manifest el bon fer en la gesti\u00f3 per part del PP, aix\u00ed com el suport decidit del govern auton\u00f2mic liderat pel PPCV, que continua demostrant el seu comprom\u00eds amb el benestar i la millora de la qualitat de vida dels ciutadans de Bunyol. El nostre partit continuar\u00e0 treballant per a atraure m\u00e9s inversions i recursos que afavorisquen el desenvolupament del nostre municipi en tots els seus \u00e0mbits&#8221;, han finalitzat des de l&#8217;agrupaci\u00f3 pol\u00edtica.<\/p>\n","protected":false},"excerpt":{"rendered":"<div class=\"mh-excerpt\">Des del Partit Popular de Bunyol anuncien &#8220;la concessi\u00f3 d&#8217;una subvenci\u00f3 de 212.787,98 euros al Conservatori Professional de M\u00fasica Sant Rafael, una quantitat que triplica els 77.003,46 euros rebuts l&#8217;any passat. Aquest notable increment reflecteix <a class=\"mh-excerpt-more\" href=\"https:\/\/tucomarca.whitekongsoftware.com\/ca\/el-partido-popular-de-bunol-anuncia-que-la-generalitat-triplica-la-subvencion-al-conservatorio-san-rafael\/\" title=\"El Partit Popular de Bunyol anuncia que la Generalitat triplica la subvencion al Conservatori Sant Rafael\">[+] <\/a><\/div>\n","protected":false},"author":13,"featured_media":102049,"comment_status":"open","ping_status":"open","sticky":false,"template":"","format":"standard","meta":{"footnotes":""},"categories":[10911,10948,10894,10912,10947,10896],"tags":[10913,12903,10914,11140],"class_list":["post-241151","post","type-post","status-publish","format-standard","has-post-thumbnail","category-bunol-ca","category-infraestructuras-ca","category-la-comarca-ca","category-la-hoya-ca","category-politica","category-seccion-ca","tag-bunol-ca","tag-infraestructuras-ca","tag-la-hoya-de-bunol-chiva-ca","tag-politica-ca"],"_links":{"self":[{"href":"https:\/\/tucomarca.whitekongsoftware.com\/ca\/wp-json\/wp\/v2\/posts\/241151","targetHints":{"allow":["GET"]}}],"collection":[{"href":"https:\/\/tucomarca.whitekongsoftware.com\/ca\/wp-json\/wp\/v2\/posts"}],"about":[{"href":"https:\/\/tucomarca.whitekongsoftware.com\/ca\/wp-json\/wp\/v2\/types\/post"}],"author":[{"embeddable":true,"href":"https:\/\/tucomarca.whitekongsoftware.com\/ca\/wp-json\/wp\/v2\/users\/13"}],"replies":[{"embeddable":true,"href":"https:\/\/tucomarca.whitekongsoftware.com\/ca\/wp-json\/wp\/v2\/comments?post=241151"}],"version-history":[{"count":0,"href":"https:\/\/tucomarca.whitekongsoftware.com\/ca\/wp-json\/wp\/v2\/posts\/241151\/revisions"}],"wp:featuredmedia":[{"embeddable":true,"href":"https:\/\/tucomarca.whitekongsoftware.com\/ca\/wp-json\/wp\/v2\/media\/102049"}],"wp:attachment":[{"href":"https:\/\/tucomarca.whitekongsoftware.com\/ca\/wp-json\/wp\/v2\/media?parent=241151"}],"wp:term":[{"taxonomy":"category","embeddable":true,"href":"https:\/\/tucomarca.whitekongsoftware.com\/ca\/wp-json\/wp\/v2\/categories?post=241151"},{"taxonomy":"post_tag","embeddable":true,"href":"https:\/\/tucomarca.whitekongsoftware.com\/ca\/wp-json\/wp\/v2\/tags?post=241151"}],"curies":[{"name":"wp","href":"https:\/\/api.w.org\/{rel}","templated":true}]}}