{"id":241105,"date":"2024-10-22T09:10:00","date_gmt":"2024-10-22T07:10:00","guid":{"rendered":"https:\/\/www.tucomarca.com\/wordpress\/segunda\/?p=241105"},"modified":"2024-10-22T20:52:55","modified_gmt":"2024-10-22T18:52:55","slug":"ruta-guiada-pels-llocs-mes-emblematics-de-xest","status":"publish","type":"post","link":"https:\/\/tucomarca.whitekongsoftware.com\/ca\/ruta-guiada-pels-llocs-mes-emblematics-de-xest\/","title":{"rendered":"Ruta guiada pels llocs m\u00e9s emblem\u00e0tics de Xest"},"content":{"rendered":"\n<p class=\"wp-block-paragraph\">Aquest diumenge 20 d&#8217;octubre, la Regidoria de Turisme va organitzar una ruta guiada pels llocs m\u00e9s emblem\u00e0tics de Xest, de la m\u00e0 d&#8217;I\u00f1aki Apr\u00e1iz Zan\u00f3n, estudiant d&#8217;Hist\u00f2ria de l&#8217;Art i ve\u00ed de la localitat.<\/p>\n\n\n\n<p class=\"wp-block-paragraph\">A les 12.00, m\u00e9s de 40 persones es van reunir en la pla\u00e7a del Lugarico Vell per a comen\u00e7ar un tour des d&#8217;aquest lloc hist\u00f2ric, clau per a con\u00e9ixer els or\u00edgens de Xest.<\/p>\n\n\n\n<p class=\"wp-block-paragraph\">\u201cI\u00f1aki ja va oferir un visita guiada a l&#8217;Esgl\u00e9sia a l&#8217;abril i parlant amb ell sobre curiositats de Xest que jo desconeixia se&#8217;m va oc\u00f3rrer la idea de fer un tour en les festes d&#8217;octubre, i la veritat \u00e9s que ha sigut un \u00e8xit, crec que a tots i a totes ens ha encantat l&#8217;enfocament tan am\u00e9 que li ha donat, oferint-nos dades molt curioses sobre el nostre benvolgut poble\u201d, destacava la Regidora de Turisme, Brenda Jim\u00e9nez.<\/p>\n\n\n\n<p class=\"wp-block-paragraph\">El tour va rec\u00f3rrer llocs com el Molino del Nap, la pla\u00e7a del Castell, les cases senyorials del carrer Xiva, el Mercat, l&#8217;Esgl\u00e9sia o la Casa Valterra, entre altres punts inter\u00e9s.<\/p>\n\n\n\n<p class=\"wp-block-paragraph\">\u201cEl disseny del recorregut va ser un proc\u00e9s reflexiu en el qual vaig buscar incloure els llocs m\u00e9s significatius des del punt de vista hist\u00f2ric del nostre poble, ja que a Xest cada rac\u00f3 t\u00e9 la seua pr\u00f2pia hist\u00f2ria, que mereix ser coneguda i benvolguda. Les hist\u00f2ries compartides, els detalls hist\u00f2rics i la connexi\u00f3 emocional que s&#8217;estableix amb el patrimoni local van generar un ambient molt participatiu i am\u00e9. Al final del tour, diversos participants van comentar que es van sentir m\u00e9s vinculats a Xest i que valoraven encara m\u00e9s la riquesa cultural que ofereix\u201d, subratllava Apr\u00e1iz. \u201cVull expressar el meu m\u00e9s sincer agra\u00efment a l&#8217;Ajuntament de Xest per confiar en mi per a dur a terme aquesta activitat\u201d.<\/p>\n\n\n\n<p class=\"wp-block-paragraph\">La visita va finalitzar en la pla\u00e7a de l&#8217;Esgl\u00e9sia, amb una ovaci\u00f3 per al guia i una foto de grup per al record.<\/p>\n\n\n\n<p class=\"wp-block-paragraph\">\u201cAgra\u00efsc a I\u00f1aki que altruistament haja col\u00b7laborat amb l&#8217;Ajuntament en aquesta activitat, compartint amb nosaltres els seus coneixements sobre cadascun dels llocs de Xest que hem visitat i sobre la seua hist\u00f2ria\u201d, apuntava l&#8217;alcalde, Jos\u00e9 Morell.<\/p>\n\n\n\n<figure class=\"wp-block-gallery has-nested-images columns-1 is-cropped wp-block-gallery-1 is-layout-flex wp-block-gallery-is-layout-flex\">\n<figure class=\"wp-block-image size-large\"><img loading=\"lazy\" decoding=\"async\" width=\"1024\" height=\"683\" data-id=\"241100\" src=\"https:\/\/www.tucomarca.com\/wordpress\/segunda\/wp-content\/uploads\/2024\/10\/24102o_Tour-emblematico_2-1024x683.jpg\" alt=\"\" class=\"wp-image-241100\" srcset=\"https:\/\/tucomarca.whitekongsoftware.com\/wp-content\/uploads\/2024\/10\/24102o_Tour-emblematico_2-1024x683.jpg 1024w, https:\/\/tucomarca.whitekongsoftware.com\/wp-content\/uploads\/2024\/10\/24102o_Tour-emblematico_2-300x200.jpg 300w, https:\/\/tucomarca.whitekongsoftware.com\/wp-content\/uploads\/2024\/10\/24102o_Tour-emblematico_2-768x512.jpg 768w, https:\/\/tucomarca.whitekongsoftware.com\/wp-content\/uploads\/2024\/10\/24102o_Tour-emblematico_2-1536x1024.jpg 1536w, https:\/\/tucomarca.whitekongsoftware.com\/wp-content\/uploads\/2024\/10\/24102o_Tour-emblematico_2-2048x1365.jpg 2048w\" sizes=\"auto, (max-width: 1024px) 100vw, 1024px\" \/><\/figure>\n\n\n\n<figure class=\"wp-block-image size-large\"><img loading=\"lazy\" decoding=\"async\" width=\"1024\" height=\"683\" data-id=\"241097\" src=\"https:\/\/www.tucomarca.com\/wordpress\/segunda\/wp-content\/uploads\/2024\/10\/24102o_Tour-emblematico_3-1024x683.jpg\" alt=\"\" class=\"wp-image-241097\" srcset=\"https:\/\/tucomarca.whitekongsoftware.com\/wp-content\/uploads\/2024\/10\/24102o_Tour-emblematico_3-1024x683.jpg 1024w, https:\/\/tucomarca.whitekongsoftware.com\/wp-content\/uploads\/2024\/10\/24102o_Tour-emblematico_3-300x200.jpg 300w, https:\/\/tucomarca.whitekongsoftware.com\/wp-content\/uploads\/2024\/10\/24102o_Tour-emblematico_3-768x512.jpg 768w, https:\/\/tucomarca.whitekongsoftware.com\/wp-content\/uploads\/2024\/10\/24102o_Tour-emblematico_3-1536x1024.jpg 1536w, https:\/\/tucomarca.whitekongsoftware.com\/wp-content\/uploads\/2024\/10\/24102o_Tour-emblematico_3-2048x1366.jpg 2048w\" sizes=\"auto, (max-width: 1024px) 100vw, 1024px\" \/><\/figure>\n<\/figure>\n","protected":false},"excerpt":{"rendered":"<div class=\"mh-excerpt\">Aquest diumenge 20 d&#8217;octubre, la Regidoria de Turisme va organitzar una ruta guiada pels llocs m\u00e9s emblem\u00e0tics de Xest, de la m\u00e0 d&#8217;I\u00f1aki Apr\u00e1iz Zan\u00f3n, estudiant d&#8217;Hist\u00f2ria de l&#8217;Art i ve\u00ed de la localitat. A <a class=\"mh-excerpt-more\" href=\"https:\/\/tucomarca.whitekongsoftware.com\/ca\/ruta-guiada-pels-llocs-mes-emblematics-de-xest\/\" title=\"Ruta guiada pels llocs m\u00e9s emblem\u00e0tics de Xest\">[+] <\/a><\/div>\n","protected":false},"author":13,"featured_media":241103,"comment_status":"open","ping_status":"open","sticky":false,"template":"","format":"image","meta":{"footnotes":""},"categories":[10894,10912,11007,10896,10974],"tags":[11071,10914,15856],"class_list":["post-241105","post","type-post","status-publish","format-image","has-post-thumbnail","category-la-comarca-ca","category-la-hoya-ca","category-ocio-y-cultura-ca","category-seccion-ca","category-cheste-ca","tag-cheste","tag-la-hoya-de-bunol-chiva-ca","tag-ocio-y-cultura-ca","post_format-post-format-image"],"_links":{"self":[{"href":"https:\/\/tucomarca.whitekongsoftware.com\/ca\/wp-json\/wp\/v2\/posts\/241105","targetHints":{"allow":["GET"]}}],"collection":[{"href":"https:\/\/tucomarca.whitekongsoftware.com\/ca\/wp-json\/wp\/v2\/posts"}],"about":[{"href":"https:\/\/tucomarca.whitekongsoftware.com\/ca\/wp-json\/wp\/v2\/types\/post"}],"author":[{"embeddable":true,"href":"https:\/\/tucomarca.whitekongsoftware.com\/ca\/wp-json\/wp\/v2\/users\/13"}],"replies":[{"embeddable":true,"href":"https:\/\/tucomarca.whitekongsoftware.com\/ca\/wp-json\/wp\/v2\/comments?post=241105"}],"version-history":[{"count":0,"href":"https:\/\/tucomarca.whitekongsoftware.com\/ca\/wp-json\/wp\/v2\/posts\/241105\/revisions"}],"wp:featuredmedia":[{"embeddable":true,"href":"https:\/\/tucomarca.whitekongsoftware.com\/ca\/wp-json\/wp\/v2\/media\/241103"}],"wp:attachment":[{"href":"https:\/\/tucomarca.whitekongsoftware.com\/ca\/wp-json\/wp\/v2\/media?parent=241105"}],"wp:term":[{"taxonomy":"category","embeddable":true,"href":"https:\/\/tucomarca.whitekongsoftware.com\/ca\/wp-json\/wp\/v2\/categories?post=241105"},{"taxonomy":"post_tag","embeddable":true,"href":"https:\/\/tucomarca.whitekongsoftware.com\/ca\/wp-json\/wp\/v2\/tags?post=241105"}],"curies":[{"name":"wp","href":"https:\/\/api.w.org\/{rel}","templated":true}]}}