{"id":241082,"date":"2024-10-21T11:05:00","date_gmt":"2024-10-21T09:05:00","guid":{"rendered":"https:\/\/www.tucomarca.com\/wordpress\/segunda\/?p=241082"},"modified":"2024-10-21T17:15:18","modified_gmt":"2024-10-21T15:15:18","slug":"ricardo-gabaldon-destaca-de-la-xxvii-fira-utiel-gastronomica-la-gran-afluencia-de-visitants-i-lamplia-oferta-gastronomica-i-ludica","status":"publish","type":"post","link":"https:\/\/tucomarca.whitekongsoftware.com\/ca\/ricardo-gabaldon-destaca-de-la-xxvii-fira-utiel-gastronomica-la-gran-afluencia-de-visitants-i-lamplia-oferta-gastronomica-i-ludica\/","title":{"rendered":"Ricardo Gabald\u00f3n destaca de la XXVII Fira Utiel Gastron\u00f2mica la gran aflu\u00e8ncia de visitants i l&#8217;\u00e0mplia oferta gastron\u00f2mica i l\u00fadica"},"content":{"rendered":"\n<h3 class=\"wp-block-heading\">Ahir la clausura va comptar amb el&nbsp; fermall d&#8217;or de l&#8217;actuaci\u00f3 de l&#8217;orquestra Panorama que reunia a centenars de persones expectants amb el seu impressionant espectacle.<\/h3>\n\n\n\n<h3 class=\"wp-block-heading\">Aquest cap de setmana, milers de visitants han pogut gaudir de la gran varietat de degustacions que oferien m\u00e9s d&#8217;una trentena d&#8217;expositors i de les diferents activitats paral\u00b7leles com showcooking, tastos comentada, concursos de gastronomia, m\u00fasica en directe i visites guiades.<\/h3>\n\n\n\n<p class=\"wp-block-paragraph\">Ahir el Passeig de l&#8217;Albereda congregava a centenars de persones per a acomiadar la Fira Utiel Gastron\u00f2mica en gran, amb el macroespectacle de l&#8217;Orquestra Panorama.<\/p>\n\n\n\n<p class=\"wp-block-paragraph\">Un extraordinari xou amb el&nbsp; que es posava la guinda al past\u00eds d&#8217;aquest&nbsp; XXVII edici\u00f3 en la qual tornen a superar-se les expectatives.&nbsp;<\/p>\n\n\n\n<p class=\"wp-block-paragraph\"><em>\u201cHem rebut a milers de persones en un cap de setmana extraordinari en el qual ens ha acompanyat el bon temps i\u00a0 hem pogut compartir amb tots els visitants la nostra rica cultura gastron\u00f2mica amb degustacions per a tots els p\u00fablics. A m\u00e9s hem oferit un programa d&#8217;actes diversificat per a majors i xicotets amb novetats que han comptat amb molt bon acolliment com el Concurs GastroChef J\u00fanior o Concurs de Tall de Pernil Amateur. Els expositors han mostrat la seua satisfacci\u00f3 per la\u00a0 gran resposta del p\u00fablic i l&#8217;augment en la\u00a0 venda de degustacions. Des de l&#8217;Ajuntament d&#8217;Utiel volem traslladar el nostre agra\u00efment a tots els participants de la fira, tant expositors com col\u00b7laboradors, per la seua implicaci\u00f3 i contribuci\u00f3 al fet que Utiel Gastron\u00f2mica continue creixent i es convertisca en un referent gastron\u00f2mic i tur\u00edstic a nivell auton\u00f2mic amb el qual posar en valor les nostres senyes d&#8217;identitat \u201d <\/em>remarcava l&#8217;alcalde d&#8217;Utiel, Ricardo Gabald\u00f3n.<\/p>\n\n\n\n<p class=\"wp-block-paragraph\">II Fira de Maquin\u00e0ria Agr\u00edcola, exposici\u00f3 de vehicles cl\u00e0ssics i de ral\u00b7li,&nbsp; maridatges, showcookings, tastos comentats, concursos de gastronomia, m\u00fasica en directe \u2026 Un ampli programa d&#8217;actes en el qual tots els p\u00fablics han tingut l&#8217;oportunitat de ser part\u00edcips.<\/p>\n\n\n\n<p class=\"wp-block-paragraph\">Precisament l&#8217;alta participaci\u00f3 ha sigut la t\u00f2nica que ha marcat l&#8217;edici\u00f3 dels diferents concursos programats. La I edici\u00f3 de Gastrochef J\u00fanior va comptar amb un total de 17 xiquets i xiquetes dels diferents col\u00b7legis d&#8217;Utiel que van gaudir aprenent a elaborar plats t\u00edpics com el ajorarierro i van donar curs al seu imaginacion i creativitat culin\u00e0ria . Els guanyadors d&#8217;aquesta primera edici\u00f3 van ser Blanca L\u00f3pez Gonz\u00e1lez, Llig Pres\u00f3 Garc\u00eda, Zoe Pres\u00f3 Garc\u00eda, Sa\u00fal Jimenez Rodriguez i Enma G\u00f3mez Nu\u00e9valos.<\/p>\n\n\n\n<p class=\"wp-block-paragraph\">En el <strong>Concurs de Tall de Pernil Amaterur\u00a0<\/strong> participaven 9 concursants, sent seleccionats 2 d&#8217;ells,\u00a0 Hern\u00e1n i Sergio,\u00a0 per a competir en la<strong> final del concurs de talladors de pernil professionals .<\/strong><\/p>\n\n\n\n<p class=\"wp-block-paragraph\">El primer premi requeia en Pedro Ortega de Valladolid; el segon guard\u00f3 per a Rafael Bernat de Val\u00e8ncia que tamb\u00e9 s&#8217;emportava el reconeixement a \u201cMillor plat creatiu\u201d i el tercer premi va marxar a Terol per a Virg\u00ednia Vasile.&nbsp;<\/p>\n\n\n\n<p class=\"wp-block-paragraph\">El\u00a0 <strong>XVI Concurs de Cuina Amateur \u201cUtiel Gastron\u00f2mica<\/strong>&#8221; tornava a deixar-nos delicioses elaboracions.\u00a0 Ahir s&#8217;entregaven els premis en la T\u00f3mbola de l&#8217;Albereda amb els seg\u00fcent guardonats:<\/p>\n\n\n\n<p class=\"wp-block-paragraph\">En modalitat de plat tradicional:<\/p>\n\n\n\n<p class=\"wp-block-paragraph\">&#8211; 1r Premi&nbsp; Premi Ruth Gisbert Catal\u00e1 amb Wont\u00f3n de calls.<br>&#8211; 2n Premi Sheila S\u00e1nchez P\u00e9rez amb Pollastre Empistado.<br>&#8211; 3.er Premi Falla Porta de les Eres amb Arr\u00f2s amb embotit.<\/p>\n\n\n\n<p class=\"wp-block-paragraph\">En la modalitat de plat lliure:<\/p>\n\n\n\n<p class=\"wp-block-paragraph\">&#8211; 1r Premi: Amics del bon yantar amb Gaspatxos sinarque\u00f1os.<br>&#8211; 2n Premi: Isabel G\u00f3mez Caballero amb Galetes de Coco.<br>&#8211; 3.er Premi: Falla Carrer del Remei amb Gaspatxos amb fongs.<\/p>\n\n\n\n<p class=\"wp-block-paragraph\">Tamb\u00e9 es feia p\u00fablic el premi&nbsp; de vot popular del VIII Concurs Fotogr\u00e0fic \u201cM&#8217;agrada la Fira\u201d resultant triada&nbsp; les obra \u201cSomiant amb la Fira\u201d d&#8217;Ana Serrano Mart\u00ednez<\/p>\n\n\n\n<p class=\"wp-block-paragraph\">Despr\u00e9s del lliurament de premis, el colof\u00f3 de la fira va arribar amb l&#8217;espectacular Orquestra Panorama que feia parada a Utiel dins de la seua Tour nacional amb un xou impressionant que deixava bocabadats a tots els asistentes.la clausura es va celebrar en l&#8217;escenari amb l&#8217;alcalde d&#8217;Utiel, Ricardo Gabald\u00f3n, acompanyat de membres de la corporaci\u00f3 i del Diputat Nacional, Fernando de Rosa i la Vicepresidenta 2a&nbsp; de la Diputaci\u00f3 de Val\u00e8ncia, Remedios Mazzorali.<\/p>\n\n\n\n<p class=\"wp-block-paragraph\"><em>\u201cSens dubte ha sigut un fermall d&#8217;or per a acomiadar un cap de setmana extraordinari. Clausurem la XXVII Fira Utiel Gastron\u00f2mica i la II Fira de Maquin\u00e0ria Agr\u00edcola\u00a0 amb molt\u00a0 bon sabor de boca i la mirada posada ja en la seg\u00fcent edici\u00f3 amb molta il\u00b7lusi\u00f3 i ganes de continuar innovant de cara al pr\u00f2xim any\u201d destaca l&#8217;alcalde d&#8217;Utiel, Ricardo Gabald\u00f3n.<\/em><\/p>\n\n\n\n<figure class=\"wp-block-gallery has-nested-images columns-default is-cropped wp-block-gallery-1 is-layout-flex wp-block-gallery-is-layout-flex\">\n<figure class=\"wp-block-image size-large\"><img loading=\"lazy\" decoding=\"async\" width=\"1024\" height=\"768\" data-id=\"241077\" src=\"https:\/\/www.tucomarca.com\/wordpress\/segunda\/wp-content\/uploads\/2024\/10\/BALANCE-UTIEL-GASTRONOMICA-2024-12-1024x768.jpeg\" alt=\"\" class=\"wp-image-241077\" srcset=\"https:\/\/tucomarca.whitekongsoftware.com\/wp-content\/uploads\/2024\/10\/BALANCE-UTIEL-GASTRONOMICA-2024-12-1024x768.jpeg 1024w, https:\/\/tucomarca.whitekongsoftware.com\/wp-content\/uploads\/2024\/10\/BALANCE-UTIEL-GASTRONOMICA-2024-12-300x225.jpeg 300w, https:\/\/tucomarca.whitekongsoftware.com\/wp-content\/uploads\/2024\/10\/BALANCE-UTIEL-GASTRONOMICA-2024-12-768x576.jpeg 768w, https:\/\/tucomarca.whitekongsoftware.com\/wp-content\/uploads\/2024\/10\/BALANCE-UTIEL-GASTRONOMICA-2024-12-1536x1152.jpeg 1536w, https:\/\/tucomarca.whitekongsoftware.com\/wp-content\/uploads\/2024\/10\/BALANCE-UTIEL-GASTRONOMICA-2024-12-678x509.jpeg 678w, https:\/\/tucomarca.whitekongsoftware.com\/wp-content\/uploads\/2024\/10\/BALANCE-UTIEL-GASTRONOMICA-2024-12-326x245.jpeg 326w, https:\/\/tucomarca.whitekongsoftware.com\/wp-content\/uploads\/2024\/10\/BALANCE-UTIEL-GASTRONOMICA-2024-12-80x60.jpeg 80w, https:\/\/tucomarca.whitekongsoftware.com\/wp-content\/uploads\/2024\/10\/BALANCE-UTIEL-GASTRONOMICA-2024-12.jpeg 2000w\" sizes=\"auto, (max-width: 1024px) 100vw, 1024px\" \/><\/figure>\n\n\n\n<figure class=\"wp-block-image size-large\"><img loading=\"lazy\" decoding=\"async\" width=\"1024\" height=\"1024\" data-id=\"241075\" src=\"https:\/\/www.tucomarca.com\/wordpress\/segunda\/wp-content\/uploads\/2024\/10\/BALANCE-UTIEL-GASTRONOMICA-2024-14-1024x1024.jpeg\" alt=\"\" class=\"wp-image-241075\" srcset=\"https:\/\/tucomarca.whitekongsoftware.com\/wp-content\/uploads\/2024\/10\/BALANCE-UTIEL-GASTRONOMICA-2024-14-1024x1024.jpeg 1024w, https:\/\/tucomarca.whitekongsoftware.com\/wp-content\/uploads\/2024\/10\/BALANCE-UTIEL-GASTRONOMICA-2024-14-300x300.jpeg 300w, https:\/\/tucomarca.whitekongsoftware.com\/wp-content\/uploads\/2024\/10\/BALANCE-UTIEL-GASTRONOMICA-2024-14-290x290.jpeg 290w, https:\/\/tucomarca.whitekongsoftware.com\/wp-content\/uploads\/2024\/10\/BALANCE-UTIEL-GASTRONOMICA-2024-14-768x768.jpeg 768w, https:\/\/tucomarca.whitekongsoftware.com\/wp-content\/uploads\/2024\/10\/BALANCE-UTIEL-GASTRONOMICA-2024-14-1536x1536.jpeg 1536w, https:\/\/tucomarca.whitekongsoftware.com\/wp-content\/uploads\/2024\/10\/BALANCE-UTIEL-GASTRONOMICA-2024-14.jpeg 2048w\" sizes=\"auto, (max-width: 1024px) 100vw, 1024px\" \/><\/figure>\n<\/figure>\n","protected":false},"excerpt":{"rendered":"<div class=\"mh-excerpt\">Ahir la clausura va comptar amb el&nbsp; fermall d&#8217;or de l&#8217;actuaci\u00f3 de l&#8217;orquestra Panorama que reunia a centenars de persones expectants amb el seu impressionant espectacle. Aquest cap de setmana, milers de visitants han pogut <a class=\"mh-excerpt-more\" href=\"https:\/\/tucomarca.whitekongsoftware.com\/ca\/ricardo-gabaldon-destaca-de-la-xxvii-fira-utiel-gastronomica-la-gran-afluencia-de-visitants-i-lamplia-oferta-gastronomica-i-ludica\/\" title=\"Ricardo Gabald\u00f3n destaca de la XXVII Fira Utiel Gastron\u00f2mica la gran aflu\u00e8ncia de visitants i l&#8217;\u00e0mplia oferta gastron\u00f2mica i l\u00fadica\">[+] <\/a><\/div>\n","protected":false},"author":13,"featured_media":241080,"comment_status":"open","ping_status":"open","sticky":false,"template":"","format":"standard","meta":{"footnotes":""},"categories":[11006,10898,10894,11007,10909,10896,11059],"tags":[15839,15856,10910,11174],"class_list":["post-241082","post","type-post","status-publish","format-standard","has-post-thumbnail","category-canal-vinos","category-ventana-ca","category-la-comarca-ca","category-ocio-y-cultura-ca","category-requena-utiel-ca","category-seccion-ca","category-utiel-ca","tag-gastronomia-ca","tag-ocio-y-cultura-ca","tag-requena-utiel-ca","tag-utiel-ca"],"_links":{"self":[{"href":"https:\/\/tucomarca.whitekongsoftware.com\/ca\/wp-json\/wp\/v2\/posts\/241082","targetHints":{"allow":["GET"]}}],"collection":[{"href":"https:\/\/tucomarca.whitekongsoftware.com\/ca\/wp-json\/wp\/v2\/posts"}],"about":[{"href":"https:\/\/tucomarca.whitekongsoftware.com\/ca\/wp-json\/wp\/v2\/types\/post"}],"author":[{"embeddable":true,"href":"https:\/\/tucomarca.whitekongsoftware.com\/ca\/wp-json\/wp\/v2\/users\/13"}],"replies":[{"embeddable":true,"href":"https:\/\/tucomarca.whitekongsoftware.com\/ca\/wp-json\/wp\/v2\/comments?post=241082"}],"version-history":[{"count":0,"href":"https:\/\/tucomarca.whitekongsoftware.com\/ca\/wp-json\/wp\/v2\/posts\/241082\/revisions"}],"wp:featuredmedia":[{"embeddable":true,"href":"https:\/\/tucomarca.whitekongsoftware.com\/ca\/wp-json\/wp\/v2\/media\/241080"}],"wp:attachment":[{"href":"https:\/\/tucomarca.whitekongsoftware.com\/ca\/wp-json\/wp\/v2\/media?parent=241082"}],"wp:term":[{"taxonomy":"category","embeddable":true,"href":"https:\/\/tucomarca.whitekongsoftware.com\/ca\/wp-json\/wp\/v2\/categories?post=241082"},{"taxonomy":"post_tag","embeddable":true,"href":"https:\/\/tucomarca.whitekongsoftware.com\/ca\/wp-json\/wp\/v2\/tags?post=241082"}],"curies":[{"name":"wp","href":"https:\/\/api.w.org\/{rel}","templated":true}]}}