{"id":240827,"date":"2024-10-19T12:00:00","date_gmt":"2024-10-19T10:00:00","guid":{"rendered":"https:\/\/www.tucomarca.com\/wordpress\/segunda\/?p=240827"},"modified":"2024-10-19T15:51:37","modified_gmt":"2024-10-19T13:51:37","slug":"la-diputacio-promou-la-formacio-destudiants-a-brusselles-per-a-captar-fons-europeus-en-els-municipis-valencians","status":"publish","type":"post","link":"https:\/\/tucomarca.whitekongsoftware.com\/ca\/la-diputacio-promou-la-formacio-destudiants-a-brusselles-per-a-captar-fons-europeus-en-els-municipis-valencians\/","title":{"rendered":"La Diputaci\u00f3 promou la formaci\u00f3 d&#8217;estudiants a Brussel\u00b7les per a captar fons europeus en els municipis valencians"},"content":{"rendered":"\n<h3 class=\"wp-block-heading\">La corporaci\u00f3 firma un conveni de col\u00b7laboraci\u00f3 amb la Fundaci\u00f3 Comunitat Valenciana Regi\u00f3 Europea per a impulsar les pr\u00e0ctiques formatives de joves valencians en organismes amb seu en la capital belga.<\/h3>\n\n\n\n<h3 class=\"wp-block-heading\">L&#8217;objectiu de l&#8217;acord, firmat per les vicepresidentes Nat\u00e0lia Enguix i Reme Mazzolari, i el diputat d&#8217;Innovaci\u00f3, Juan Ram\u00f3n Adsuara, \u00e9s que els estudiants tornen per a formar part de les oficines comarcals de la Diputaci\u00f3.<\/h3>\n\n\n\n<p class=\"wp-block-paragraph\">La Diputaci\u00f3 de Val\u00e8ncia impulsar\u00e0 un programa de beques perqu\u00e8 estudiants d&#8217;universitats valencianes realitzen pr\u00e0ctiques formatives en organismes amb seu a Brussel\u00b7les, amb l&#8217;objectiu de crear una xarxa de t\u00e8cnics especialistes en captaci\u00f3 de fons europeus. Durant la seua visita a la capital de la Uni\u00f3 Europea, la vicepresidenta primera de la corporaci\u00f3, Nat\u00e0lia Enguix; la vicepresidenta segona, Reme Mazzolari; i el diputat d&#8217;Innovaci\u00f3 i Fons Europeus, Juan Ram\u00f3n Adsuara, han firmat un acord amb la Fundaci\u00f3 Comunitat Valenciana Regi\u00f3 Europea (FCVRE), en concret amb el secretari auton\u00f2mic de Representaci\u00f3 davant la Uni\u00f3 Europea i les Comunitats Aut\u00f2nomes, Pablo Broseta.<\/p>\n\n\n\n<figure class=\"wp-block-image size-large\"><img loading=\"lazy\" decoding=\"async\" width=\"1024\" height=\"673\" src=\"http:\/\/www.tucomarca.com\/wordpress\/segunda\/wp-content\/uploads\/2024\/10\/EnguixBruselasMazz2-1024x673.jpg\" alt=\"\" class=\"wp-image-240824\" srcset=\"https:\/\/tucomarca.whitekongsoftware.com\/wp-content\/uploads\/2024\/10\/EnguixBruselasMazz2-1024x673.jpg 1024w, https:\/\/tucomarca.whitekongsoftware.com\/wp-content\/uploads\/2024\/10\/EnguixBruselasMazz2-300x197.jpg 300w, https:\/\/tucomarca.whitekongsoftware.com\/wp-content\/uploads\/2024\/10\/EnguixBruselasMazz2-768x505.jpg 768w, https:\/\/tucomarca.whitekongsoftware.com\/wp-content\/uploads\/2024\/10\/EnguixBruselasMazz2.jpg 1181w\" sizes=\"auto, (max-width: 1024px) 100vw, 1024px\" \/><\/figure>\n\n\n\n<p class=\"wp-block-paragraph\">Gr\u00e0cies a esta col\u00b7laboraci\u00f3 amb la Fundaci\u00f3, a la qual la Diputaci\u00f3 ha atorgat una subvenci\u00f3 de 25.000 euros, els joves valencians podran treballar en institucions de la Uni\u00f3 Europea, i aprendre all\u00ed el funcionament dels diferents programes de la Comissi\u00f3 Europea, a fi de que puguen adquirir experi\u00e8ncia i millorar, a la seua volta, les seues opcions d&#8217;ocupaci\u00f3.<\/p>\n\n\n\n<p class=\"wp-block-paragraph\">El que es pret\u00e9n des de la Diputaci\u00f3 de Val\u00e8ncia amb l&#8217;impuls d&#8217;estes beques \u00e9s que els alumnes, una vegada formats, tornen a la prov\u00edncia per a passar a formar part de les oficines comarcals de la corporaci\u00f3. Des d&#8217;all\u00ed ajudaran els municipis a captar i gestionar els fons europeus corresponents als programes de la Comissi\u00f3.<\/p>\n\n\n\n<p class=\"wp-block-paragraph\">\u201cEl que volem \u00e9s que les oficines comarcals es convertisquen en un punt d&#8217;encontre entre els ajuntaments valencians i Europa, i per a aix\u00f2 resulta fonamental comptar amb t\u00e8cnics especialitzats en programes comunitaris. Aix\u00f2 beneficiar\u00e0 sobretot als pobles xicotets, que s\u00f3n els que tenen m\u00e9s dificultats per a accedir als fons europeus\u201d, ha destacat Nat\u00e0lia Enguix.<\/p>\n\n\n\n<p class=\"wp-block-paragraph\"><strong>Col\u00b7laboraci\u00f3 universit\u00e0ria<\/strong><\/p>\n\n\n\n<p class=\"wp-block-paragraph\">Gr\u00e0cies a l&#8217;acord de col\u00b7laboraci\u00f3 amb la Diputaci\u00f3, la Fundaci\u00f3 Comunitat Valenciana Regi\u00f3 Europea no sols far\u00e0 el paper de receptor principal dels alumnes del programa, sin\u00f3 que a m\u00e9s actuar\u00e0 com a entitat intermedi\u00e0ria entre les universitats p\u00fabliques valencianes i entitats i organitzacions amb seu a Brussel\u00b7les per a realitzar accions de suport i seguiment dels joves despla\u00e7ats. Tamb\u00e9 col\u00b7laborar\u00e0 amb les universitats valencianes per a la prospecci\u00f3 de possibles destins.<\/p>\n\n\n\n<p class=\"wp-block-paragraph\">\u201c\u00c9s necessari comptar amb personal especialitzat en fons europeus amb l&#8217;objectiu d&#8217;incrementar les opcions de captar fons en el territori tant a nivell p\u00fablic com privat, i el que fem amb este acord \u00e9s enlla\u00e7ar eixa necessitat amb el programa de beques i retenci\u00f3 de talent. Es tracta d&#8217;enviar joves a Europa i que tornen a la nostra prov\u00edncia amb experi\u00e8ncia i coneixement\u201d, ha afegit Juan Ram\u00f3n Adsuara.<\/p>\n\n\n\n<p class=\"wp-block-paragraph\">A part del programa Eurobecas 2025, l&#8217;acord entre les dos entitats inclou la realitzaci\u00f3 d&#8217;una s\u00e8rie d&#8217;activitats encaminades a defensar i promoure els interessos de la Diputaci\u00f3 en l&#8217;\u00e0mbit europeu. Amb aix\u00f2, es perseguix potenciar la participaci\u00f3 dels municipis de la prov\u00edncia de Val\u00e8ncia com a actors actius en el proc\u00e9s europeu, en les pol\u00edtiques desenvolupades per la Uni\u00f3 Europea i impulsar el coneixement d&#8217;estes especialment en aquelles q\u00fcestions relacionades amb les mat\u00e8ries de la seua compet\u00e8ncia.<\/p>\n\n\n\n<p class=\"wp-block-paragraph\"><strong>Trobada amb joves valencians<\/strong><\/p>\n\n\n\n<p class=\"wp-block-paragraph\">N\u00e0talia Enguix, Reme Mazzolari i Juan Ram\u00f3n Adsuara han aprofitat la seua visita a Brussel\u00b7les per a mantindre una trobada amb joves valencians, als quals han exposat les principals accions de la Diputaci\u00f3 de Val\u00e8ncia relacionades amb la gesti\u00f3 i la retenci\u00f3 del talent jove. Els tres han remarcat que des de la Diputaci\u00f3 en els \u00faltims anys s&#8217;han vingut desenvolupant diferents iniciatives emmarcades en el programa de Gesti\u00f3 del Talent, que consistix en el disseny de mesures de formaci\u00f3, capacitaci\u00f3 i adquisici\u00f3 d&#8217;habilitats i destreses professionals amb l&#8217;objectiu d&#8217;afavorir, d&#8217;una banda, l&#8217;ocupabilitat dels joves valencians i, al mateix temps, fomentar la innovaci\u00f3 i la generaci\u00f3 d&#8217;activitat emprenedora vinculada al territori per a retindre el talent.<\/p>\n\n\n\n<p class=\"wp-block-paragraph\">Un dels programes m\u00e9s rellevants que posa en marxa la corporaci\u00f3 provincial \u00e9s Innobeca. \u201cSuposa que els joves realitzen pr\u00e0ctiques formatives en les entitats locals realitzant projectes innovadors per a millorar les seues opcions d&#8217;ocupabilitat i als ajuntaments disposar d&#8217;un estoc de projectes innovadors a implementar en el seu territori\u201d, ha explicat Juan Ram\u00f3n Adsuara.<\/p>\n\n\n\n<p class=\"wp-block-paragraph\">Una altra de les grans potes sobre la qual se sustenta la pol\u00edtica d&#8217;atracci\u00f3 de talent jove a la prov\u00edncia \u00e9s la Xarxa Valenciana per la Retenci\u00f3 del Talent Jove. En este sentit, la vicepresidenta primera, Nat\u00e0lia Enguix, ha afirmat que \u201cl&#8217;objectiu principal de la xarxa \u00e9s la retenci\u00f3 de les persones el talent de les quals pot revertir en un creixement social i econ\u00f2mic de la prov\u00edncia, mitjan\u00e7ant la posada en marxa de ferramentes i iniciatives que els permeten entrar en contacte amb la trama empresarial i institucional, de manera que les idees i projectes dels joves arriben als sectors productius\u201d.<\/p>\n\n\n\n<p class=\"wp-block-paragraph\">Per part seua, la vicepresidenta segona i diputada de Carreteres, Reme Mazzolari, va explicar als estudiants que &#8220;en el dia a dia de la Diputaci\u00f3 existixen multitud de din\u00e0miques de treball i ferramentes innovadores en les quals el talent jove podria aportar un gran valor afegit&#8221;, i va posar com a exemple &#8220;la ferramenta que s&#8217;utilitza per a la gesti\u00f3 integral de la xarxa provincial de carreteres, que va ser expressament desenvolupada sobre la base de les necessitats t\u00e8cniques i operatives de l&#8217;\u00e0rea&#8221;.<\/p>\n\n\n\n<p class=\"wp-block-paragraph\">Finalment, han desgranat el que suposa l&#8217;acord amb la FCVRE a l&#8217;efecte de fomentar l&#8217;ecosistema innovador valenci\u00e0. Gr\u00e0cies al conveni, s&#8217;establixen estrat\u00e8gies de col\u00b7laboraci\u00f3 mitjan\u00e7ant el suport d&#8217;empreses emergents valencianes per a buscar finan\u00e7ament europeu. A m\u00e9s, s&#8217;organitzaran agendes institucionals presencials i en l\u00ednia per a l&#8217;intercanvi de bones pr\u00e0ctiques a nivell europeu i un major coneixement dels programes de la comissi\u00f3 dirigits al sector empresarial.<\/p>\n","protected":false},"excerpt":{"rendered":"<div class=\"mh-excerpt\">La corporaci\u00f3 firma un conveni de col\u00b7laboraci\u00f3 amb la Fundaci\u00f3 Comunitat Valenciana Regi\u00f3 Europea per a impulsar les pr\u00e0ctiques formatives de joves valencians en organismes amb seu en la capital belga. L&#8217;objectiu de l&#8217;acord, firmat <a class=\"mh-excerpt-more\" href=\"https:\/\/tucomarca.whitekongsoftware.com\/ca\/la-diputacio-promou-la-formacio-destudiants-a-brusselles-per-a-captar-fons-europeus-en-els-municipis-valencians\/\" title=\"La Diputaci\u00f3 promou la formaci\u00f3 d&#8217;estudiants a Brussel\u00b7les per a captar fons europeus en els municipis valencians\">[+] <\/a><\/div>\n","protected":false},"author":12,"featured_media":240823,"comment_status":"open","ping_status":"open","sticky":false,"template":"","format":"standard","meta":{"footnotes":""},"categories":[20527,10898,10904,20456,10947,10896],"tags":[14155,16345,11246,21414,20404],"class_list":["post-240827","post","type-post","status-publish","format-standard","has-post-thumbnail","category-cooperacio-internacional","category-ventana-ca","category-sin-categorizar-ca","category-la-diputacio-de-valencia-informa-ca","category-politica","category-seccion-ca","tag-bruselas-ca","tag-cooperacion-internacional-ca","tag-diputacio-de-valencia-ca","tag-fundacio-comunitat-valenciana-regio-europea-ca","tag-natalia-enguix-2-ca"],"_links":{"self":[{"href":"https:\/\/tucomarca.whitekongsoftware.com\/ca\/wp-json\/wp\/v2\/posts\/240827","targetHints":{"allow":["GET"]}}],"collection":[{"href":"https:\/\/tucomarca.whitekongsoftware.com\/ca\/wp-json\/wp\/v2\/posts"}],"about":[{"href":"https:\/\/tucomarca.whitekongsoftware.com\/ca\/wp-json\/wp\/v2\/types\/post"}],"author":[{"embeddable":true,"href":"https:\/\/tucomarca.whitekongsoftware.com\/ca\/wp-json\/wp\/v2\/users\/12"}],"replies":[{"embeddable":true,"href":"https:\/\/tucomarca.whitekongsoftware.com\/ca\/wp-json\/wp\/v2\/comments?post=240827"}],"version-history":[{"count":0,"href":"https:\/\/tucomarca.whitekongsoftware.com\/ca\/wp-json\/wp\/v2\/posts\/240827\/revisions"}],"wp:featuredmedia":[{"embeddable":true,"href":"https:\/\/tucomarca.whitekongsoftware.com\/ca\/wp-json\/wp\/v2\/media\/240823"}],"wp:attachment":[{"href":"https:\/\/tucomarca.whitekongsoftware.com\/ca\/wp-json\/wp\/v2\/media?parent=240827"}],"wp:term":[{"taxonomy":"category","embeddable":true,"href":"https:\/\/tucomarca.whitekongsoftware.com\/ca\/wp-json\/wp\/v2\/categories?post=240827"},{"taxonomy":"post_tag","embeddable":true,"href":"https:\/\/tucomarca.whitekongsoftware.com\/ca\/wp-json\/wp\/v2\/tags?post=240827"}],"curies":[{"name":"wp","href":"https:\/\/api.w.org\/{rel}","templated":true}]}}