{"id":240732,"date":"2024-10-18T10:00:00","date_gmt":"2024-10-18T08:00:00","guid":{"rendered":"https:\/\/www.tucomarca.com\/wordpress\/segunda\/?p=240732"},"modified":"2024-10-18T18:42:27","modified_gmt":"2024-10-18T16:42:27","slug":"el-conseller-dagricultura-miguel-barrachina-inaugura-aquesta-vesprada-la-xxvii-fira-utiel-gastronomica","status":"publish","type":"post","link":"https:\/\/tucomarca.whitekongsoftware.com\/ca\/el-conseller-dagricultura-miguel-barrachina-inaugura-aquesta-vesprada-la-xxvii-fira-utiel-gastronomica\/","title":{"rendered":"El Conseller d&#8217;Agricultura, Miguel Barrachina, inaugura aquesta vesprada la XXVII Fira Utiel Gastron\u00f2mica"},"content":{"rendered":"\n<h3 class=\"wp-block-heading\">A les 20.00 hores, tindr\u00e0 lloc l&#8217;acte d&#8217;obertura oficial amb l&#8217;alcalde d&#8217;Utiel, Ricardo Gabald\u00f3n i el responsable d&#8217;agricultura de la Generalitat, Miguel Barrachina, al qual acompanyaran secretaris auton\u00f2mics i directors generals del Consell.<\/h3>\n\n\n\n<h3 class=\"wp-block-heading\">Un total de 35 expositors oferiran la millor gastron\u00f3mia de la terra durant aquest cap de setmana.<\/h3>\n\n\n\n<h3 class=\"wp-block-heading\">A l&#8217;oferta gastron\u00f2mica se sumen activitats paral\u00b7leles com showcooking, tastos comentats , concursos de gastronomia, m\u00fasica en directe i visites guiades.<\/h3>\n\n\n\n<p class=\"wp-block-paragraph\">Fins diumenge que ve, 20 d&#8217;octubre, el Passeig de l&#8217;Albereda es converteix en un extraordinari aparador&nbsp; de sabors i aromes amb les&nbsp; millors degustacions&nbsp; de la terra i&nbsp; activitats paral\u00b7leles per a totes les edats.<\/p>\n\n\n\n<p class=\"wp-block-paragraph\">La fira ha avan\u00e7at la seua obertura a aquest mat\u00ed per a oferir una programaci\u00f3 m\u00e9s \u00e0mplia amb esdeveniments nous com el Concurs GastroChef o la modalitat de Tall de Pernil Amateur.<\/p>\n\n\n\n<p class=\"wp-block-paragraph\">A les 20.00 hores, tindr\u00e0 lloc l&#8217;acte d&#8217;inauguraci\u00f3 oficial de la XXVII Fira Utiel Gastron\u00f2mica i II Fira de Maquin\u00e0ria Agr\u00edcola amb l&#8217;alcalde d&#8217;Utiel, Ricardo Gabald\u00f3n i el conseller d&#8217;Agricultura,&nbsp; Ramaderia i Pesca,Miguel Barrachina al qual acompanyaran els&nbsp; Secretaris Auton\u00f2mics d&#8217;Ocupaci\u00f3 i d&#8217;Igualtat i Diversitat, Antonio Galva\u00f1 i Asunci\u00f3n Quinz\u00e1 i els Directors Generals de Producci\u00f3 Agr\u00edcola i Ramadera i Energia i Mines, M\u00aa \u00c1ngeles Ram\u00f3n-Llin i Manuel Arg\u00fcelles.<\/p>\n\n\n\n<p class=\"wp-block-paragraph\">Aquesta XXVII edici\u00f3 augmenta la participaci\u00f3 d&#8217;expositors , amb un total de 35 participants, per a oferir una gran varietat de degustacions als visitants amb fusi\u00f3 cuina tradicional i gurmet. A m\u00e9s, aquesta edici\u00f3 dona la benvinguda a nous concursos gastron\u00f2mics per a incloure a tots els p\u00fablics i es programen activitats paral\u00b7leles com les exhibicions de showcooking de prestigiosos xefs, maridatges especials , tastos de vi comentades i sessions de m\u00fasica en directe amb reconeguts grups com l&#8217;actuaci\u00f3 de l&#8217;Orquestra Panorama el diumenge 20 d&#8217;octubre a les 19 hores, com acomiadar aquesta XXVII edici\u00f3 de la Fira Utiel Gastron\u00f2mica.<\/p>\n\n\n\n<figure class=\"wp-block-gallery has-nested-images columns-2 is-cropped wp-block-gallery-1 is-layout-flex wp-block-gallery-is-layout-flex\">\n<figure class=\"wp-block-image size-large\"><img loading=\"lazy\" decoding=\"async\" width=\"1024\" height=\"877\" data-id=\"240725\" src=\"https:\/\/www.tucomarca.com\/wordpress\/segunda\/wp-content\/uploads\/2024\/10\/UtielGastronomica03-1024x877.jpg\" alt=\"\" class=\"wp-image-240725\" srcset=\"https:\/\/tucomarca.whitekongsoftware.com\/wp-content\/uploads\/2024\/10\/UtielGastronomica03-1024x877.jpg 1024w, https:\/\/tucomarca.whitekongsoftware.com\/wp-content\/uploads\/2024\/10\/UtielGastronomica03-300x257.jpg 300w, https:\/\/tucomarca.whitekongsoftware.com\/wp-content\/uploads\/2024\/10\/UtielGastronomica03-768x658.jpg 768w, https:\/\/tucomarca.whitekongsoftware.com\/wp-content\/uploads\/2024\/10\/UtielGastronomica03.jpg 1284w\" sizes=\"auto, (max-width: 1024px) 100vw, 1024px\" \/><\/figure>\n\n\n\n<figure class=\"wp-block-image size-large\"><img loading=\"lazy\" decoding=\"async\" width=\"1024\" height=\"884\" data-id=\"240723\" src=\"https:\/\/www.tucomarca.com\/wordpress\/segunda\/wp-content\/uploads\/2024\/10\/UtielGastronomica02-1024x884.jpg\" alt=\"\" class=\"wp-image-240723\" srcset=\"https:\/\/tucomarca.whitekongsoftware.com\/wp-content\/uploads\/2024\/10\/UtielGastronomica02-1024x884.jpg 1024w, https:\/\/tucomarca.whitekongsoftware.com\/wp-content\/uploads\/2024\/10\/UtielGastronomica02-300x259.jpg 300w, https:\/\/tucomarca.whitekongsoftware.com\/wp-content\/uploads\/2024\/10\/UtielGastronomica02-768x663.jpg 768w, https:\/\/tucomarca.whitekongsoftware.com\/wp-content\/uploads\/2024\/10\/UtielGastronomica02.jpg 1284w\" sizes=\"auto, (max-width: 1024px) 100vw, 1024px\" \/><\/figure>\n\n\n\n<figure class=\"wp-block-image size-large\"><img loading=\"lazy\" decoding=\"async\" width=\"1024\" height=\"390\" data-id=\"240721\" src=\"https:\/\/www.tucomarca.com\/wordpress\/segunda\/wp-content\/uploads\/2024\/10\/UtielGastronomica01-1024x390.png\" alt=\"\" class=\"wp-image-240721\" srcset=\"https:\/\/tucomarca.whitekongsoftware.com\/wp-content\/uploads\/2024\/10\/UtielGastronomica01-1024x390.png 1024w, https:\/\/tucomarca.whitekongsoftware.com\/wp-content\/uploads\/2024\/10\/UtielGastronomica01-300x114.png 300w, https:\/\/tucomarca.whitekongsoftware.com\/wp-content\/uploads\/2024\/10\/UtielGastronomica01-768x292.png 768w, https:\/\/tucomarca.whitekongsoftware.com\/wp-content\/uploads\/2024\/10\/UtielGastronomica01.png 1230w\" sizes=\"auto, (max-width: 1024px) 100vw, 1024px\" \/><\/figure>\n<\/figure>\n","protected":false},"excerpt":{"rendered":"<div class=\"mh-excerpt\">A les 20.00 hores, tindr\u00e0 lloc l&#8217;acte d&#8217;obertura oficial amb l&#8217;alcalde d&#8217;Utiel, Ricardo Gabald\u00f3n i el responsable d&#8217;agricultura de la Generalitat, Miguel Barrachina, al qual acompanyaran secretaris auton\u00f2mics i directors generals del Consell. Un total <a class=\"mh-excerpt-more\" href=\"https:\/\/tucomarca.whitekongsoftware.com\/ca\/el-conseller-dagricultura-miguel-barrachina-inaugura-aquesta-vesprada-la-xxvii-fira-utiel-gastronomica\/\" title=\"El Conseller d&#8217;Agricultura, Miguel Barrachina, inaugura aquesta vesprada la XXVII Fira Utiel Gastron\u00f2mica\">[+] <\/a><\/div>\n","protected":false},"author":13,"featured_media":240730,"comment_status":"open","ping_status":"open","sticky":false,"template":"","format":"standard","meta":{"footnotes":""},"categories":[11019,10905,10948,10894,11007,10909,10896,11059],"tags":[11309,15856,10910,11174],"class_list":["post-240732","post","type-post","status-publish","format-standard","has-post-thumbnail","category-agenda-ca","category-agricultura-la-comarca-ca","category-infraestructuras-ca","category-la-comarca-ca","category-ocio-y-cultura-ca","category-requena-utiel-ca","category-seccion-ca","category-utiel-ca","tag-agricultura-ca","tag-ocio-y-cultura-ca","tag-requena-utiel-ca","tag-utiel-ca"],"_links":{"self":[{"href":"https:\/\/tucomarca.whitekongsoftware.com\/ca\/wp-json\/wp\/v2\/posts\/240732","targetHints":{"allow":["GET"]}}],"collection":[{"href":"https:\/\/tucomarca.whitekongsoftware.com\/ca\/wp-json\/wp\/v2\/posts"}],"about":[{"href":"https:\/\/tucomarca.whitekongsoftware.com\/ca\/wp-json\/wp\/v2\/types\/post"}],"author":[{"embeddable":true,"href":"https:\/\/tucomarca.whitekongsoftware.com\/ca\/wp-json\/wp\/v2\/users\/13"}],"replies":[{"embeddable":true,"href":"https:\/\/tucomarca.whitekongsoftware.com\/ca\/wp-json\/wp\/v2\/comments?post=240732"}],"version-history":[{"count":0,"href":"https:\/\/tucomarca.whitekongsoftware.com\/ca\/wp-json\/wp\/v2\/posts\/240732\/revisions"}],"wp:featuredmedia":[{"embeddable":true,"href":"https:\/\/tucomarca.whitekongsoftware.com\/ca\/wp-json\/wp\/v2\/media\/240730"}],"wp:attachment":[{"href":"https:\/\/tucomarca.whitekongsoftware.com\/ca\/wp-json\/wp\/v2\/media?parent=240732"}],"wp:term":[{"taxonomy":"category","embeddable":true,"href":"https:\/\/tucomarca.whitekongsoftware.com\/ca\/wp-json\/wp\/v2\/categories?post=240732"},{"taxonomy":"post_tag","embeddable":true,"href":"https:\/\/tucomarca.whitekongsoftware.com\/ca\/wp-json\/wp\/v2\/tags?post=240732"}],"curies":[{"name":"wp","href":"https:\/\/api.w.org\/{rel}","templated":true}]}}