{"id":240704,"date":"2024-10-18T12:00:00","date_gmt":"2024-10-18T10:00:00","guid":{"rendered":"https:\/\/www.tucomarca.com\/wordpress\/segunda\/?p=240704"},"modified":"2024-10-18T12:39:57","modified_gmt":"2024-10-18T10:39:57","slug":"lalcalde-dutiel-la-diputada-de-benestar-social-i-la-vicerectora-de-la-universitat-de-valencia-inauguren-la-nova-seu-de-formacio-universitaria-a-utiel","status":"publish","type":"post","link":"https:\/\/tucomarca.whitekongsoftware.com\/ca\/lalcalde-dutiel-la-diputada-de-benestar-social-i-la-vicerectora-de-la-universitat-de-valencia-inauguren-la-nova-seu-de-formacio-universitaria-a-utiel\/","title":{"rendered":"L&#8217;alcalde d&#8217;Utiel, la Diputada de Benestar Social i la Vicerectora de la Universitat de Val\u00e8ncia inauguren la nova seu de formaci\u00f3 universit\u00e0ria a Utiel"},"content":{"rendered":"\n<h3 class=\"wp-block-heading\">Dilluns que ve comen\u00e7aran els microcredencials amb els quals els participants obtindran certificacions oficials de la Universitat de Val\u00e8ncia.<\/h3>\n\n\n\n<h3 class=\"wp-block-heading\">L&#8217;acte inaugural va comptar amb dues magistrals pon\u00e8ncies sobre dues troballes arqueol\u00f2giques que opten ser el vi m\u00e9s antic del m\u00f3n.<\/h3>\n\n\n\n<p class=\"wp-block-paragraph\">La Casa de Cultura d&#8217;Utiel obria ahir les seues portes com a nova seu de la Universitat de Val\u00e8ncia (UV) per a impartir formaci\u00f3 espec\u00edfica en microcredencials i activitats culturals.<\/p>\n\n\n\n<p class=\"wp-block-paragraph\">L&#8217;alcalde &nbsp; d&#8217;Utiel, Ricardo Gabald\u00f3n , la Diputada de Benestar Social, Immaculada Gonz\u00e1lez i la Vicerectora de la Universitat de Val\u00e8ncia, Esther Alba, van ser els encarregats de descobrir la placa commemorativa de la nova seu a Utiel, situada a la Casa de Cultura. D&#8217;aquesta manera, Utiel&nbsp; passa a incorporar-se&nbsp; en el llistat dels \u00fanics 15 municipis que alberguen aquesta gran oportunitat educativa que permetr\u00e0 desenvolupar formaci\u00f3 universit\u00e0ria sense necessitat de traslladar-se a la capital valenciana.<\/p>\n\n\n\n<p class=\"wp-block-paragraph\">&nbsp;L&#8217;acte d&#8217;obertura se celebrava ahir a les 18 hores a la Casa de la Cultura d&#8217;Utiel i&nbsp; tamb\u00e9 va comptar amb la pres\u00e8ncia de la delegada de la rectora de la Universitat de Val\u00e8ncia, M\u00aa Dolores Pitach, el cap d&#8217;iniciatives d&#8217;Aules de la Universitat de Val\u00e8ncia, professor i investigador utielano, Miguel Requena i la Directora de Caixa Popular a Utiel , Inmaculada Iba\u00f1ez.<\/p>\n\n\n\n<p class=\"wp-block-paragraph\">Les activitats programades per als mesos d&#8217;octubre a desembre de 2024 han sigut organitzades per la Universitat de Val\u00e8ncia i l&#8217;Ajuntament d&#8217;Utiel, finan\u00e7ades per la Diputaci\u00f3 de Val\u00e8ncia i Caixa Popular i amb la col\u00b7laboraci\u00f3 de la Denominaci\u00f3 d&#8217;Origen Utiel-Requena, la Parr\u00f2quia d&#8217;Utiel i Radi Utiel.<\/p>\n\n\n\n<p class=\"wp-block-paragraph\">La directora de Caixa Popular a Utiel, Inmaculada Iba\u00f1ez, obria el torn d&#8217;intervencions i ha destacat que \u201c\u00e9s un orgull tindre una seu de la UV sent una poblaci\u00f3 m\u00e9s allunyada de Val\u00e8ncia capital\u201d i que \u201caquest tipus de mesures ajudaran a crear dinamisme i ser\u00e0 fruct\u00edfer per al poble\u201d.&nbsp;<\/p>\n\n\n\n<p class=\"wp-block-paragraph\">Per part seua, la Vicerectora de Cultura i Societat, Ester Alba, va destacar les aliances i xarxes que s&#8217;han generat amb la Diputaci\u00f3 de Val\u00e8ncia i l&#8217;Ajuntament d&#8217;Utiel i els seus respectius titulars, \u201cuns vincles necessaris per a poder generar projectes des de les institucions\u201d ha apuntat la responsable de la UV.<\/p>\n\n\n\n<p class=\"wp-block-paragraph\">Immaculada G onz\u00e1lez Martorell, diputada de Benestar Social, va posar en valor que \u201caquest \u00e9s l&#8217;inici d&#8217;un major desenvolupament educatiu, cultural i social a Utiel gr\u00e0cies a l&#8217;esfor\u00e7 de les institucions a acostar el m\u00f3n universitari a les seues ciutats, pobles i gent\u201d.&nbsp;<\/p>\n\n\n\n<p class=\"wp-block-paragraph\">Ricardo Gabald\u00f3n, l&#8217;alcalde d&#8217;Utiel, va tancar l&#8217;acte inaugural agraint la implicaci\u00f3 de la UV i la Diputaci\u00f3 de Val\u00e8ncia al costat d&#8217;altres agents col\u00b7laboradors perqu\u00e8 \u201cla seu de la Universitat de Val\u00e8ncia ja siga una realitat a Utiel i aquest siga l&#8217;inici d&#8217;un cam\u00ed que caminem tots junts&nbsp; amb una dilatada i pr\u00f2spera traject\u00f2ria\u201d.<\/p>\n\n\n\n<p class=\"wp-block-paragraph\">L&#8217;alcalde d&#8217;Utiel, Ricardo Gabald\u00f3n, va concloure remarcant que \u201cla posada en marxa d&#8217;aquest recurs educatiu suposa per a Utiel i tota la zona un important impuls que converteix el nostre municipi en referent educatiu i cultural a la comarca, avan\u00e7ant en un model de col\u00b7laboraci\u00f3 amb institucions que permet als ve\u00efns d&#8217;Utiel accedir a serveis d&#8217;alta qualitat sense necessitat de despla\u00e7ar-se fora del nostre municipi\u201d.<\/p>\n\n\n\n<p class=\"wp-block-paragraph\"><strong>Les dues troballes arqueol\u00f2gics que opten a convertir-se en el vi m\u00e9s antic del m\u00f3n<\/strong><\/p>\n\n\n\n<p class=\"wp-block-paragraph\">L&#8217;acte d&#8217;inauguraci\u00f3 va comptar amb un simposi excepcional per a llan\u00e7ar llum sobre quin vi liquide \u00e9s el m\u00e9s antic del m\u00f3n: el trobat en els atuells de Pompeia, o el de Sevilla.<\/p>\n\n\n\n<p class=\"wp-block-paragraph\">La nova seu de la Universitat de Val\u00e8ncia a Utiel acollia les pon\u00e8ncies \u201cEl vi trobat en la tomba de Marcus Venerius Secundio &nbsp;i de N\u00favia Amabilis en la &nbsp;necr\u00f2poli de Porta Sarno de Pompeia\u201d, a c\u00e0rrec de Lloren\u00e7 Alapont Mart\u00edn, arque\u00f2leg i director del projecte d&#8217;investigaci\u00f3 \u2018L&#8217;arqueologia de la mort a Pompeia\u2019), i \u201cUn vi per al m\u00e9s enll\u00e0. Rituals funeraris en el mausoleu rom\u00e0 de la c\/ Sevilla n\u00fam. 53 de Carmona (Sevilla, Espanya)\u201d, a c\u00e0rrec de Jacobo V\u00e1zquez Paz, arque\u00f2leg i deg\u00e0 del Col\u00b7legi oficial de Doctors i Llicenciats de Sevilla i Huelva.<\/p>\n\n\n\n<p class=\"wp-block-paragraph\">Amb totes dues confer\u00e8ncies la seu de la UV a Utiel arranca la seua programaci\u00f3 amb una tardor repleta d&#8217;activitats formatives i culturals entre les quals destaquen <a href=\"https:\/\/www.uv.es\/fundacio-general\/ca\/formacio\/formacio-continua.html\">els microcredenciasles amb certificaci\u00f3 acad\u00e8mica&nbsp; amb inscripcions obertes en Fundaci\u00f3 de la Universitat de Val\u00e8ncia<\/a>, aix\u00ed com <a href=\"https:\/\/www.utiel.es\/sites\/www.utiel.es\/files\/Programa%2520general%2520Microcredenciales%2520UV-Utiel.pdf\">confer\u00e8ncies, concerts i exposicions amb entrada gratu\u00efta<\/a> que es poden consultar en <a href=\"http:\/\/www.utiel.es\">www.utiel.es<\/a>.<\/p>\n\n\n\n<figure class=\"wp-block-gallery has-nested-images columns-1 is-cropped wp-block-gallery-1 is-layout-flex wp-block-gallery-is-layout-flex\">\n<figure class=\"wp-block-image size-large\"><img loading=\"lazy\" decoding=\"async\" width=\"1024\" height=\"768\" data-id=\"240687\" src=\"https:\/\/www.tucomarca.com\/wordpress\/segunda\/wp-content\/uploads\/2024\/10\/UNIVERSIDAD-VALENCIA-EN-UTIEL-7-1024x768.jpeg\" alt=\"\" class=\"wp-image-240687\" srcset=\"https:\/\/tucomarca.whitekongsoftware.com\/wp-content\/uploads\/2024\/10\/UNIVERSIDAD-VALENCIA-EN-UTIEL-7-1024x768.jpeg 1024w, https:\/\/tucomarca.whitekongsoftware.com\/wp-content\/uploads\/2024\/10\/UNIVERSIDAD-VALENCIA-EN-UTIEL-7-300x225.jpeg 300w, https:\/\/tucomarca.whitekongsoftware.com\/wp-content\/uploads\/2024\/10\/UNIVERSIDAD-VALENCIA-EN-UTIEL-7-768x576.jpeg 768w, https:\/\/tucomarca.whitekongsoftware.com\/wp-content\/uploads\/2024\/10\/UNIVERSIDAD-VALENCIA-EN-UTIEL-7-1536x1152.jpeg 1536w, https:\/\/tucomarca.whitekongsoftware.com\/wp-content\/uploads\/2024\/10\/UNIVERSIDAD-VALENCIA-EN-UTIEL-7-2048x1536.jpeg 2048w, https:\/\/tucomarca.whitekongsoftware.com\/wp-content\/uploads\/2024\/10\/UNIVERSIDAD-VALENCIA-EN-UTIEL-7-678x509.jpeg 678w, https:\/\/tucomarca.whitekongsoftware.com\/wp-content\/uploads\/2024\/10\/UNIVERSIDAD-VALENCIA-EN-UTIEL-7-326x245.jpeg 326w, https:\/\/tucomarca.whitekongsoftware.com\/wp-content\/uploads\/2024\/10\/UNIVERSIDAD-VALENCIA-EN-UTIEL-7-80x60.jpeg 80w\" sizes=\"auto, (max-width: 1024px) 100vw, 1024px\" \/><\/figure>\n\n\n\n<figure class=\"wp-block-image size-large\"><img loading=\"lazy\" decoding=\"async\" width=\"1024\" height=\"768\" data-id=\"240689\" src=\"https:\/\/www.tucomarca.com\/wordpress\/segunda\/wp-content\/uploads\/2024\/10\/UNIVERSIDAD-VALENCIA-EN-UTIEL-4-1024x768.jpeg\" alt=\"\" class=\"wp-image-240689\" srcset=\"https:\/\/tucomarca.whitekongsoftware.com\/wp-content\/uploads\/2024\/10\/UNIVERSIDAD-VALENCIA-EN-UTIEL-4-1024x768.jpeg 1024w, https:\/\/tucomarca.whitekongsoftware.com\/wp-content\/uploads\/2024\/10\/UNIVERSIDAD-VALENCIA-EN-UTIEL-4-300x225.jpeg 300w, https:\/\/tucomarca.whitekongsoftware.com\/wp-content\/uploads\/2024\/10\/UNIVERSIDAD-VALENCIA-EN-UTIEL-4-768x576.jpeg 768w, https:\/\/tucomarca.whitekongsoftware.com\/wp-content\/uploads\/2024\/10\/UNIVERSIDAD-VALENCIA-EN-UTIEL-4-1536x1152.jpeg 1536w, https:\/\/tucomarca.whitekongsoftware.com\/wp-content\/uploads\/2024\/10\/UNIVERSIDAD-VALENCIA-EN-UTIEL-4-2048x1536.jpeg 2048w, https:\/\/tucomarca.whitekongsoftware.com\/wp-content\/uploads\/2024\/10\/UNIVERSIDAD-VALENCIA-EN-UTIEL-4-678x509.jpeg 678w, https:\/\/tucomarca.whitekongsoftware.com\/wp-content\/uploads\/2024\/10\/UNIVERSIDAD-VALENCIA-EN-UTIEL-4-326x245.jpeg 326w, https:\/\/tucomarca.whitekongsoftware.com\/wp-content\/uploads\/2024\/10\/UNIVERSIDAD-VALENCIA-EN-UTIEL-4-80x60.jpeg 80w\" sizes=\"auto, (max-width: 1024px) 100vw, 1024px\" \/><\/figure>\n\n\n\n<figure class=\"wp-block-image size-large\"><img loading=\"lazy\" decoding=\"async\" width=\"1024\" height=\"576\" data-id=\"240695\" src=\"https:\/\/www.tucomarca.com\/wordpress\/segunda\/wp-content\/uploads\/2024\/10\/UNIVERSIDAD-DE-VALENCIA-EN-UTIEL-1024x576.jpg\" alt=\"\" class=\"wp-image-240695\" srcset=\"https:\/\/tucomarca.whitekongsoftware.com\/wp-content\/uploads\/2024\/10\/UNIVERSIDAD-DE-VALENCIA-EN-UTIEL-1024x576.jpg 1024w, https:\/\/tucomarca.whitekongsoftware.com\/wp-content\/uploads\/2024\/10\/UNIVERSIDAD-DE-VALENCIA-EN-UTIEL-300x169.jpg 300w, https:\/\/tucomarca.whitekongsoftware.com\/wp-content\/uploads\/2024\/10\/UNIVERSIDAD-DE-VALENCIA-EN-UTIEL-768x432.jpg 768w, https:\/\/tucomarca.whitekongsoftware.com\/wp-content\/uploads\/2024\/10\/UNIVERSIDAD-DE-VALENCIA-EN-UTIEL-1536x864.jpg 1536w, https:\/\/tucomarca.whitekongsoftware.com\/wp-content\/uploads\/2024\/10\/UNIVERSIDAD-DE-VALENCIA-EN-UTIEL-678x381.jpg 678w, https:\/\/tucomarca.whitekongsoftware.com\/wp-content\/uploads\/2024\/10\/UNIVERSIDAD-DE-VALENCIA-EN-UTIEL.jpg 1600w\" sizes=\"auto, (max-width: 1024px) 100vw, 1024px\" \/><\/figure>\n\n\n\n<figure class=\"wp-block-image size-large\"><img loading=\"lazy\" decoding=\"async\" width=\"1024\" height=\"768\" data-id=\"240691\" src=\"https:\/\/www.tucomarca.com\/wordpress\/segunda\/wp-content\/uploads\/2024\/10\/UNIVERSIDAD-VALENCIA-EN-UTIEL-3-1024x768.jpeg\" alt=\"\" class=\"wp-image-240691\" srcset=\"https:\/\/tucomarca.whitekongsoftware.com\/wp-content\/uploads\/2024\/10\/UNIVERSIDAD-VALENCIA-EN-UTIEL-3-1024x768.jpeg 1024w, https:\/\/tucomarca.whitekongsoftware.com\/wp-content\/uploads\/2024\/10\/UNIVERSIDAD-VALENCIA-EN-UTIEL-3-300x225.jpeg 300w, https:\/\/tucomarca.whitekongsoftware.com\/wp-content\/uploads\/2024\/10\/UNIVERSIDAD-VALENCIA-EN-UTIEL-3-768x576.jpeg 768w, https:\/\/tucomarca.whitekongsoftware.com\/wp-content\/uploads\/2024\/10\/UNIVERSIDAD-VALENCIA-EN-UTIEL-3-1536x1152.jpeg 1536w, https:\/\/tucomarca.whitekongsoftware.com\/wp-content\/uploads\/2024\/10\/UNIVERSIDAD-VALENCIA-EN-UTIEL-3-2048x1536.jpeg 2048w, https:\/\/tucomarca.whitekongsoftware.com\/wp-content\/uploads\/2024\/10\/UNIVERSIDAD-VALENCIA-EN-UTIEL-3-678x509.jpeg 678w, https:\/\/tucomarca.whitekongsoftware.com\/wp-content\/uploads\/2024\/10\/UNIVERSIDAD-VALENCIA-EN-UTIEL-3-326x245.jpeg 326w, https:\/\/tucomarca.whitekongsoftware.com\/wp-content\/uploads\/2024\/10\/UNIVERSIDAD-VALENCIA-EN-UTIEL-3-80x60.jpeg 80w\" sizes=\"auto, (max-width: 1024px) 100vw, 1024px\" \/><\/figure>\n<\/figure>\n","protected":false},"excerpt":{"rendered":"<div class=\"mh-excerpt\">Dilluns que ve comen\u00e7aran els microcredencials amb els quals els participants obtindran certificacions oficials de la Universitat de Val\u00e8ncia. L&#8217;acte inaugural va comptar amb dues magistrals pon\u00e8ncies sobre dues troballes arqueol\u00f2giques que opten ser el <a class=\"mh-excerpt-more\" href=\"https:\/\/tucomarca.whitekongsoftware.com\/ca\/lalcalde-dutiel-la-diputada-de-benestar-social-i-la-vicerectora-de-la-universitat-de-valencia-inauguren-la-nova-seu-de-formacio-universitaria-a-utiel\/\" title=\"L&#8217;alcalde d&#8217;Utiel, la Diputada de Benestar Social i la Vicerectora de la Universitat de Val\u00e8ncia inauguren la nova seu de formaci\u00f3 universit\u00e0ria a Utiel\">[+] <\/a><\/div>\n","protected":false},"author":13,"featured_media":240694,"comment_status":"open","ping_status":"open","sticky":false,"template":"","format":"gallery","meta":{"footnotes":""},"categories":[10898,10948,10894,10947,10909,10896,11059],"tags":[12903,10910,11174],"class_list":["post-240704","post","type-post","status-publish","format-gallery","has-post-thumbnail","category-ventana-ca","category-infraestructuras-ca","category-la-comarca-ca","category-politica","category-requena-utiel-ca","category-seccion-ca","category-utiel-ca","tag-infraestructuras-ca","tag-requena-utiel-ca","tag-utiel-ca","post_format-post-format-gallery"],"_links":{"self":[{"href":"https:\/\/tucomarca.whitekongsoftware.com\/ca\/wp-json\/wp\/v2\/posts\/240704","targetHints":{"allow":["GET"]}}],"collection":[{"href":"https:\/\/tucomarca.whitekongsoftware.com\/ca\/wp-json\/wp\/v2\/posts"}],"about":[{"href":"https:\/\/tucomarca.whitekongsoftware.com\/ca\/wp-json\/wp\/v2\/types\/post"}],"author":[{"embeddable":true,"href":"https:\/\/tucomarca.whitekongsoftware.com\/ca\/wp-json\/wp\/v2\/users\/13"}],"replies":[{"embeddable":true,"href":"https:\/\/tucomarca.whitekongsoftware.com\/ca\/wp-json\/wp\/v2\/comments?post=240704"}],"version-history":[{"count":0,"href":"https:\/\/tucomarca.whitekongsoftware.com\/ca\/wp-json\/wp\/v2\/posts\/240704\/revisions"}],"wp:featuredmedia":[{"embeddable":true,"href":"https:\/\/tucomarca.whitekongsoftware.com\/ca\/wp-json\/wp\/v2\/media\/240694"}],"wp:attachment":[{"href":"https:\/\/tucomarca.whitekongsoftware.com\/ca\/wp-json\/wp\/v2\/media?parent=240704"}],"wp:term":[{"taxonomy":"category","embeddable":true,"href":"https:\/\/tucomarca.whitekongsoftware.com\/ca\/wp-json\/wp\/v2\/categories?post=240704"},{"taxonomy":"post_tag","embeddable":true,"href":"https:\/\/tucomarca.whitekongsoftware.com\/ca\/wp-json\/wp\/v2\/tags?post=240704"}],"curies":[{"name":"wp","href":"https:\/\/api.w.org\/{rel}","templated":true}]}}