{"id":240668,"date":"2024-10-18T07:55:00","date_gmt":"2024-10-18T05:55:00","guid":{"rendered":"https:\/\/www.tucomarca.com\/wordpress\/segunda\/?p=240668"},"modified":"2024-10-18T19:04:55","modified_gmt":"2024-10-18T17:04:55","slug":"el-camino-del-cid-i-lejercito-de-tierra-collaboraran-per-a-difondre-la-ruta-cidiana-i-la-historia-militar-medieval","status":"publish","type":"post","link":"https:\/\/tucomarca.whitekongsoftware.com\/ca\/el-camino-del-cid-i-lejercito-de-tierra-collaboraran-per-a-difondre-la-ruta-cidiana-i-la-historia-militar-medieval\/","title":{"rendered":"El Camino del Cid i l&#8217;Ej\u00e9rcito de Tierra col\u00b7laboraran per a difondre la ruta cidiana i la hist\u00f2ria militar medieval"},"content":{"rendered":"\n<h3 class=\"wp-block-heading\">El president de la Diputaci\u00f3 de Val\u00e8ncia i del Consorcio Camino del Cid, Vicent Momp\u00f3, firma l&#8217;acord amb l&#8217;Instituto de Historia y Cultura Militar, que permetr\u00e0 cooperar en mat\u00e8ria d&#8217;investigaci\u00f3 i difusi\u00f3 cultural.<\/h3>\n\n\n\n<h3 class=\"wp-block-heading\">Momp\u00f3 destaca que \u201cel treball conjunt de les dos institucions servir\u00e0 per a saber m\u00e9s sobre la faceta militar del Cid i augmentar el coneixement de la ruta entre els valencians\u201d.<\/h3>\n\n\n\n<p class=\"wp-block-paragraph\">El Consorcio Camino del Cid i el Instituto de Historia y Cultura Militar del Ej\u00e9rcito de Tierra col\u00b7laboraran en la difusi\u00f3 de la ruta cidiana i de la hist\u00f2ria militar medieval. El president de la Diputaci\u00f3 de Val\u00e8ncia i del Consorcio Camino del Cid, Vicent Momp\u00f3, i el director de l&#8217;Instituto i General de Divisi\u00f3 Antonio Ruiz Ben\u00edtez, han firmat este dijous, en la seu del Centro de Historia y Cultura Militar de Val\u00e8ncia, l&#8217;acord de col\u00b7laboraci\u00f3 entre totes dos institucions.<\/p>\n\n\n\n<p class=\"wp-block-paragraph\">A trav\u00e9s d&#8217;este acord, es busca incrementar i difondre els coneixements en les \u00e0rees que compartixen els dos organismes, i que tenen a veure amb la faceta militar de Rodrigo D\u00edaz de Vivar, el cavaller medieval sobre el qual s&#8217;articula el Camino del Cid.<\/p>\n\n\n\n<p class=\"wp-block-paragraph\">El conveni permetr\u00e0 cooperar en les \u00e0rees d&#8217;investigaci\u00f3 hist\u00f2rica i patrimonial i en la realitzaci\u00f3 d&#8217;activitats conjuntes, com l&#8217;organitzaci\u00f3 de seminaris i esdeveniments similars, exposicions, l&#8217;edici\u00f3 conjunta de publicacions i diverses activitats de difusi\u00f3 i promoci\u00f3 cultural. Igualment, s&#8217;habilitar\u00e0 el segellament de la credencial del Camino del Cid en les seus dels organismes de l&#8217;Instituto que es determinen.<\/p>\n\n\n\n<p class=\"wp-block-paragraph\">\u201cGr\u00e0cies a este acord augmentarem la difusi\u00f3 i el coneixement del Camino del Cid, especialment entre els habitants de la prov\u00edncia de Val\u00e8ncia, la qual cosa beneficiar\u00e0 a tots els municipis pels quals passa la ruta\u201d, ha declarat Vicent Momp\u00f3. El president de la Diputaci\u00f3 de Val\u00e8ncia ha destacat que \u201cel treball conjunt de les dos institucions servir\u00e0, a m\u00e9s, per a descobrir nous aspectes de la faceta militar del Cid, una figura fonamental per a comprendre la hist\u00f2ria de la nostra terra\u201d.<\/p>\n\n\n\n<p class=\"wp-block-paragraph\">En l&#8217;acte tamb\u00e9 han sigut presents el subdirector de Patrimonio Hist\u00f3rico Cultural de l&#8217;IHYCM, General de Brigada Javier Mur; el sotsoficial major de l&#8217;IHYCM, Arturo Echevarr\u00eda; el coronel director del Centro de Historia y Cultura Militar de Val\u00e8ncia, Juan Carlos Espinosa; i el coronel director del Museo de Historia Militar de Val\u00e8ncia, Vicente Le\u00f3n.<\/p>\n\n\n\n<p class=\"wp-block-paragraph\"><strong>L&#8217;Instituto de Historia y Cultura Militar (IHYCM)<\/strong><\/p>\n\n\n\n<p class=\"wp-block-paragraph\">L&#8217;Instituto \u00e9s l&#8217;organisme de l\u2019Ej\u00e9rcito de Tierra de Espa\u00f1a, integrat en la Caserna General, responsable de la protecci\u00f3, investigaci\u00f3 i divulgaci\u00f3 del patrimoni hist\u00f2ric, cultural, documental i museogr\u00e0fic de les Forces Armades terrestres. D&#8217;ell depenen, entre altres, els Centros y Museos de Historia y Cultura militar, com els de Burgos i Val\u00e8ncia, en ple Camino del Cid, amb una \u00e0mplia programaci\u00f3 i interessants fons museogr\u00e0fics.<\/p>\n\n\n\n<p class=\"wp-block-paragraph\"><strong>El Camino del Cid: un passeig per la hist\u00f2ria medieval d&#8217;Espa\u00f1a<\/strong><\/p>\n\n\n\n<p class=\"wp-block-paragraph\">El Camino del Cid \u00e9s un itinerari tur\u00edstic cultural que seguix les petjades del personatge literari, hist\u00f2ric i llegendari per diferents rutes que travessen les prov\u00edncies de Burgos, Soria, Guadalajara, Zaragoza, Teruel, Castell\u00f3, Val\u00e8ncia i Alacant. Es tracta d&#8217;un itinerari d&#8217;evocaci\u00f3 medieval que compta amb un ric patrimoni hist\u00f2ric, art\u00edstic i natural, en el qual destaquen m\u00e9s de dos-centes construccions militars defensives, entre les quals es troben alguns dels castells m\u00e9s bonics d&#8217;Espa\u00f1a, com el de Gormaz, Molina de Arag\u00f3n o X\u00e0tiva.<\/p>\n","protected":false},"excerpt":{"rendered":"<div class=\"mh-excerpt\">El president de la Diputaci\u00f3 de Val\u00e8ncia i del Consorcio Camino del Cid, Vicent Momp\u00f3, firma l&#8217;acord amb l&#8217;Instituto de Historia y Cultura Militar, que permetr\u00e0 cooperar en mat\u00e8ria d&#8217;investigaci\u00f3 i difusi\u00f3 cultural. Momp\u00f3 destaca <a class=\"mh-excerpt-more\" href=\"https:\/\/tucomarca.whitekongsoftware.com\/ca\/el-camino-del-cid-i-lejercito-de-tierra-collaboraran-per-a-difondre-la-ruta-cidiana-i-la-historia-militar-medieval\/\" title=\"El Camino del Cid i l&#8217;Ej\u00e9rcito de Tierra col\u00b7laboraran per a difondre la ruta cidiana i la hist\u00f2ria militar medieval\">[+] <\/a><\/div>\n","protected":false},"author":12,"featured_media":240667,"comment_status":"open","ping_status":"open","sticky":false,"template":"","format":"standard","meta":{"footnotes":""},"categories":[10898,10948,10894,10904,11007,10896],"tags":[18459,11246,21410,18825],"class_list":["post-240668","post","type-post","status-publish","format-standard","has-post-thumbnail","category-ventana-ca","category-infraestructuras-ca","category-la-comarca-ca","category-sin-categorizar-ca","category-ocio-y-cultura-ca","category-seccion-ca","tag-camino-del-cid-ca","tag-diputacio-de-valencia-ca","tag-instituto-de-historia-y-cultura-militar-ca","tag-vicent-mompo-ca"],"_links":{"self":[{"href":"https:\/\/tucomarca.whitekongsoftware.com\/ca\/wp-json\/wp\/v2\/posts\/240668","targetHints":{"allow":["GET"]}}],"collection":[{"href":"https:\/\/tucomarca.whitekongsoftware.com\/ca\/wp-json\/wp\/v2\/posts"}],"about":[{"href":"https:\/\/tucomarca.whitekongsoftware.com\/ca\/wp-json\/wp\/v2\/types\/post"}],"author":[{"embeddable":true,"href":"https:\/\/tucomarca.whitekongsoftware.com\/ca\/wp-json\/wp\/v2\/users\/12"}],"replies":[{"embeddable":true,"href":"https:\/\/tucomarca.whitekongsoftware.com\/ca\/wp-json\/wp\/v2\/comments?post=240668"}],"version-history":[{"count":0,"href":"https:\/\/tucomarca.whitekongsoftware.com\/ca\/wp-json\/wp\/v2\/posts\/240668\/revisions"}],"wp:featuredmedia":[{"embeddable":true,"href":"https:\/\/tucomarca.whitekongsoftware.com\/ca\/wp-json\/wp\/v2\/media\/240667"}],"wp:attachment":[{"href":"https:\/\/tucomarca.whitekongsoftware.com\/ca\/wp-json\/wp\/v2\/media?parent=240668"}],"wp:term":[{"taxonomy":"category","embeddable":true,"href":"https:\/\/tucomarca.whitekongsoftware.com\/ca\/wp-json\/wp\/v2\/categories?post=240668"},{"taxonomy":"post_tag","embeddable":true,"href":"https:\/\/tucomarca.whitekongsoftware.com\/ca\/wp-json\/wp\/v2\/tags?post=240668"}],"curies":[{"name":"wp","href":"https:\/\/api.w.org\/{rel}","templated":true}]}}