{"id":240615,"date":"2024-10-17T11:55:00","date_gmt":"2024-10-17T09:55:00","guid":{"rendered":"https:\/\/www.tucomarca.com\/wordpress\/segunda\/?p=240615"},"modified":"2024-10-17T21:45:18","modified_gmt":"2024-10-17T19:45:18","slug":"xest-recapta-fons-per-a-ajudar-a-la-veina-de-godelleta-hospitalitzada-a-tailandia","status":"publish","type":"post","link":"https:\/\/tucomarca.whitekongsoftware.com\/ca\/xest-recapta-fons-per-a-ajudar-a-la-veina-de-godelleta-hospitalitzada-a-tailandia\/","title":{"rendered":"Xest recapta fons per a ajudar a la ve\u00efna de Godelleta hospitalitzada a Tail\u00e0ndia"},"content":{"rendered":"\n<p class=\"wp-block-paragraph\">L&#8217;Ajuntament de Xest aprofitar\u00e0 els actes festius programats en el marc de la celebraci\u00f3 de la LI Fiesta de la Verema per a unir-se a la recaudarci\u00f3n de fons per a ajudar a la fam\u00edlia d&#8217;\u00c1ngela Agudo, ve\u00efna de Godelleta hospitalitzada a Tail\u00e0ndia despr\u00e9s d&#8217;un accident amb moto que li va causar una greu lesi\u00f3 al cap.<\/p>\n\n\n\n<p class=\"wp-block-paragraph\">Des de llavors, la fam\u00edlia de l&#8217;afectada est\u00e0 demanant ajuda per a poder fer front als elevats costos hospitalaris i al trasllat a Espanya. El compte habilitat per la fam\u00edlia per a rebre els donatius \u00e9s la seg\u00fcent: ES87 2100 7399 6402 0011 6389.<\/p>\n\n\n\n<p class=\"wp-block-paragraph\">A Xest la recollida de fons ha comen\u00e7at aquesta vesprada, en el berenar de les persones jubilades i continuar\u00e0 en el tancament camperol i en la torr\u00e1 popular del dissabte, 19 d&#8217;octubre; en les paelles, el dissabte 26, i finalment, en la vesprada de bous programada per al 27 d&#8217;octubre. La recaptaci\u00f3 comptar\u00e0 amb la col\u00b7laboraci\u00f3 dels Clavaris 2025, dels xics i xiques de la Verema i de la Falla Ind\u00fastria i Comer\u00e7.<\/p>\n","protected":false},"excerpt":{"rendered":"<div class=\"mh-excerpt\">L&#8217;Ajuntament de Xest aprofitar\u00e0 els actes festius programats en el marc de la celebraci\u00f3 de la LI Fiesta de la Verema per a unir-se a la recaudarci\u00f3n de fons per a ajudar a la fam\u00edlia <a class=\"mh-excerpt-more\" href=\"https:\/\/tucomarca.whitekongsoftware.com\/ca\/xest-recapta-fons-per-a-ajudar-a-la-veina-de-godelleta-hospitalitzada-a-tailandia\/\" title=\"Xest recapta fons per a ajudar a la ve\u00efna de Godelleta hospitalitzada a Tail\u00e0ndia\">[+] <\/a><\/div>\n","protected":false},"author":12,"featured_media":240045,"comment_status":"open","ping_status":"open","sticky":false,"template":"","format":"standard","meta":{"footnotes":""},"categories":[10977,10894,10912,10896,10897,10974],"tags":[21407,11071,11087,10914],"class_list":["post-240615","post","type-post","status-publish","format-standard","has-post-thumbnail","category-godelleta-ca","category-la-comarca-ca","category-la-hoya-ca","category-seccion-ca","category-sucesos-la-comarca-ca","category-cheste-ca","tag-angela-agudo-ca","tag-cheste","tag-godelleta-ca","tag-la-hoya-de-bunol-chiva-ca"],"_links":{"self":[{"href":"https:\/\/tucomarca.whitekongsoftware.com\/ca\/wp-json\/wp\/v2\/posts\/240615","targetHints":{"allow":["GET"]}}],"collection":[{"href":"https:\/\/tucomarca.whitekongsoftware.com\/ca\/wp-json\/wp\/v2\/posts"}],"about":[{"href":"https:\/\/tucomarca.whitekongsoftware.com\/ca\/wp-json\/wp\/v2\/types\/post"}],"author":[{"embeddable":true,"href":"https:\/\/tucomarca.whitekongsoftware.com\/ca\/wp-json\/wp\/v2\/users\/12"}],"replies":[{"embeddable":true,"href":"https:\/\/tucomarca.whitekongsoftware.com\/ca\/wp-json\/wp\/v2\/comments?post=240615"}],"version-history":[{"count":0,"href":"https:\/\/tucomarca.whitekongsoftware.com\/ca\/wp-json\/wp\/v2\/posts\/240615\/revisions"}],"wp:featuredmedia":[{"embeddable":true,"href":"https:\/\/tucomarca.whitekongsoftware.com\/ca\/wp-json\/wp\/v2\/media\/240045"}],"wp:attachment":[{"href":"https:\/\/tucomarca.whitekongsoftware.com\/ca\/wp-json\/wp\/v2\/media?parent=240615"}],"wp:term":[{"taxonomy":"category","embeddable":true,"href":"https:\/\/tucomarca.whitekongsoftware.com\/ca\/wp-json\/wp\/v2\/categories?post=240615"},{"taxonomy":"post_tag","embeddable":true,"href":"https:\/\/tucomarca.whitekongsoftware.com\/ca\/wp-json\/wp\/v2\/tags?post=240615"}],"curies":[{"name":"wp","href":"https:\/\/api.w.org\/{rel}","templated":true}]}}