{"id":240551,"date":"2024-10-17T11:10:00","date_gmt":"2024-10-17T09:10:00","guid":{"rendered":"https:\/\/www.tucomarca.com\/wordpress\/segunda\/?p=240551"},"modified":"2024-10-17T21:19:10","modified_gmt":"2024-10-17T19:19:10","slug":"ava-asaja-qualifica-les-pluges-de-positives-a-pesar-que-la-pedra-haja-danyat-1-500-hectarees-de-caquis-i-citrics-a-linici-de-campanya-a-benifaio-monserrat-i-picassent","status":"publish","type":"post","link":"https:\/\/tucomarca.whitekongsoftware.com\/ca\/ava-asaja-qualifica-les-pluges-de-positives-a-pesar-que-la-pedra-haja-danyat-1-500-hectarees-de-caquis-i-citrics-a-linici-de-campanya-a-benifaio-monserrat-i-picassent\/","title":{"rendered":"AVA-Asaja qualifica les pluges de positives a pesar que la pedra haja danyat 1.500 hect\u00e0rees de caquis i c\u00edtrics a l&#8217;inici de campanya a Benifai\u00f3, Monserrat i Picassent"},"content":{"rendered":"\n<h3 class=\"wp-block-heading\">AVA-ASAJA ja ha iniciat gestions amb Agroseguro per a agilitzar les peritacions i sol\u00b7licita a les administracions mesurades fiscals per als agricultors afectats.<\/h3>\n\n\n\n<p class=\"wp-block-paragraph\">Les precipitacions d&#8217;aquests \u00faltims dies van resultar, en l\u00ednies generals, beneficioses per a l&#8217;agricultura i la ramaderia valenciana perqu\u00e8 van contribuir a recarregar els malparats embassaments i aq\u00fc\u00edfers despr\u00e9s de mesos de sequera, a revitalitzar les pastures, a millorar el calibre de les produccions de temporada i a estalviar costos de producci\u00f3. No obstant aix\u00f2, segons una primera avaluaci\u00f3 de l&#8217;Associaci\u00f3 Valenciana d&#8217;Agricultors (AVA-ASAJA), les pluges van vindre acompanyades d&#8217;una forta pedra que va causar danys de diversa gravetat en unes 1.500 hect\u00e0rees de cultiu, sobretot de caquis i c\u00edtrics, just en ple inici de la campanya de recol\u00b7lecci\u00f3.<\/p>\n\n\n\n<p class=\"wp-block-paragraph\">Els termes municipals m\u00e9s perjudicats pel temporal de pedra van ser Picassent i Benifai\u00f3. La pedra va caure de manera discont\u00ednua al llarg d&#8217;una franja de huit quil\u00f2metres, principalment en les partides situades entre la carretera Benifai\u00f3-Alfarb i la carretera Picassent-Montserrat. Tamb\u00e9 es van registrar danys a\u00efllats en termes pr\u00f2xims com Picanya i Torrent, mentre que el gran\u00edssol caigut en punts de Castell\u00f3 com La Vilavella a penes va causar sinistres rellevants en el camp. Les pluges torrencials van causar, tamb\u00e9 de manera localitzada, arrossegaments de terres i horts negats en zones profundes o pr\u00f2ximes a barrancs.<\/p>\n\n\n\n<p class=\"wp-block-paragraph\">Els caquis van acaparar els danys m\u00e9s greus per la pedra, en tractar-se d&#8217;una fruita amb la pell molt sensible i en trobar-se en un estat fenol\u00f2gic avan\u00e7at, fins a tal punt que molts dels fruits sinistrats ja estaven prou madurs i anaven a arreplegar-se en breus dies. AVA-ASAJA estima que les p\u00e8rdues oscil\u00b7len entre el 30 i el 100% dels caquis, ja que hi ha camps amb tota la producci\u00f3 plena de colps que la fan inservible per a la comercialitzaci\u00f3.<\/p>\n\n\n\n<p class=\"wp-block-paragraph\">Els agricultors afectats lamenten que \u201c\u00e9s una desgr\u00e0cia que despr\u00e9s de tot l&#8217;any treballant, cuidant els arbres i tractant contres les plagues, arribe una tempesta de pedra i et deixe sense collita que vendre, en una campanya, a m\u00e9s, que pel minvament global de producci\u00f3 els preus poden ser interessants\u201d.<\/p>\n\n\n\n<p class=\"wp-block-paragraph\">En el cas dels c\u00edtrics, a pesar que moltes fulles van patir destrosses, caldr\u00e0 esperar diversos dies per a veure detalladament les cicatrius que la pedra puga haver provocat en els fruits.<\/p>\n\n\n\n<p class=\"wp-block-paragraph\">AVA-ASAJA, que insisteix en la necessitat d&#8217;assegurar les collites, ja ha iniciat gestions amb Agroseguro per a posar en marxa com m\u00e9s prompte millor les peritacions, especialment en les explotacions de caquis en recol\u00b7lecci\u00f3, i avan\u00e7ar aix\u00ed el pagament de les oportunes indemnitzacions. Aix\u00ed mateix, l&#8217;organitzaci\u00f3 agr\u00e0ria sol\u00b7licita a les administracions la posada en marxa de mesures fiscals per a alleujar les p\u00e8rdues patides per aquestes adversitats clim\u00e0tiques.<\/p>\n","protected":false},"excerpt":{"rendered":"<div class=\"mh-excerpt\">AVA-ASAJA ja ha iniciat gestions amb Agroseguro per a agilitzar les peritacions i sol\u00b7licita a les administracions mesurades fiscals per als agricultors afectats. Les precipitacions d&#8217;aquests \u00faltims dies van resultar, en l\u00ednies generals, beneficioses per <a class=\"mh-excerpt-more\" href=\"https:\/\/tucomarca.whitekongsoftware.com\/ca\/ava-asaja-qualifica-les-pluges-de-positives-a-pesar-que-la-pedra-haja-danyat-1-500-hectarees-de-caquis-i-citrics-a-linici-de-campanya-a-benifaio-monserrat-i-picassent\/\" title=\"AVA-Asaja qualifica les pluges de positives a pesar que la pedra haja danyat 1.500 hect\u00e0rees de caquis i c\u00edtrics a l&#8217;inici de campanya a Benifai\u00f3, Monserrat i Picassent\">[+] <\/a><\/div>\n","protected":false},"author":12,"featured_media":240549,"comment_status":"open","ping_status":"open","sticky":false,"template":"","format":"standard","meta":{"footnotes":""},"categories":[10905,10982,10987,10948,10894,10902,10903,11000,10896,10897],"tags":[11309,12653,11924,12046,11208],"class_list":["post-240551","post","type-post","status-publish","format-standard","has-post-thumbnail","category-agricultura-la-comarca-ca","category-alfarp-ca","category-benifaio-ca","category-infraestructuras-ca","category-la-comarca-ca","category-la-ribera-ca","category-medio-ambiente-la-comarca-ca","category-monserrat-ca","category-seccion-ca","category-sucesos-la-comarca-ca","tag-agricultura-ca","tag-alfarp-ca","tag-ava-asaja-ca","tag-benifaio-ca","tag-monserrat-ca"],"_links":{"self":[{"href":"https:\/\/tucomarca.whitekongsoftware.com\/ca\/wp-json\/wp\/v2\/posts\/240551","targetHints":{"allow":["GET"]}}],"collection":[{"href":"https:\/\/tucomarca.whitekongsoftware.com\/ca\/wp-json\/wp\/v2\/posts"}],"about":[{"href":"https:\/\/tucomarca.whitekongsoftware.com\/ca\/wp-json\/wp\/v2\/types\/post"}],"author":[{"embeddable":true,"href":"https:\/\/tucomarca.whitekongsoftware.com\/ca\/wp-json\/wp\/v2\/users\/12"}],"replies":[{"embeddable":true,"href":"https:\/\/tucomarca.whitekongsoftware.com\/ca\/wp-json\/wp\/v2\/comments?post=240551"}],"version-history":[{"count":0,"href":"https:\/\/tucomarca.whitekongsoftware.com\/ca\/wp-json\/wp\/v2\/posts\/240551\/revisions"}],"wp:featuredmedia":[{"embeddable":true,"href":"https:\/\/tucomarca.whitekongsoftware.com\/ca\/wp-json\/wp\/v2\/media\/240549"}],"wp:attachment":[{"href":"https:\/\/tucomarca.whitekongsoftware.com\/ca\/wp-json\/wp\/v2\/media?parent=240551"}],"wp:term":[{"taxonomy":"category","embeddable":true,"href":"https:\/\/tucomarca.whitekongsoftware.com\/ca\/wp-json\/wp\/v2\/categories?post=240551"},{"taxonomy":"post_tag","embeddable":true,"href":"https:\/\/tucomarca.whitekongsoftware.com\/ca\/wp-json\/wp\/v2\/tags?post=240551"}],"curies":[{"name":"wp","href":"https:\/\/api.w.org\/{rel}","templated":true}]}}