{"id":240540,"date":"2024-10-17T10:15:00","date_gmt":"2024-10-17T08:15:00","guid":{"rendered":"https:\/\/www.tucomarca.com\/wordpress\/segunda\/?p=240540"},"modified":"2024-10-17T21:32:29","modified_gmt":"2024-10-17T19:32:29","slug":"requena-fuenterrobles-i-las-monjas-celebren-lxi-congres-dhistoria-comarcal-sota-lepigraf-la-meseta-de-requena-utiel-en-moviment-i-com-a-terra-dacolliment","status":"publish","type":"post","link":"https:\/\/tucomarca.whitekongsoftware.com\/ca\/requena-fuenterrobles-i-las-monjas-celebren-lxi-congres-dhistoria-comarcal-sota-lepigraf-la-meseta-de-requena-utiel-en-moviment-i-com-a-terra-dacolliment\/","title":{"rendered":"Requena, Fuenterrobles i Las Monjas celebren l&#8217;XI Congr\u00e9s d&#8217;hist\u00f2ria comarcal sota l&#8217;ep\u00edgraf &#8220;la Meseta de Requena-Utiel en moviment i com a terra d&#8217;acolliment&#8221;"},"content":{"rendered":"\n<p class=\"wp-block-paragraph\">Del 8 al 10 de novembre de 2024 es va a desarollar a Requena, Fuenterrobles i Las Monjas l&#8217;XI Congr\u00e9s d&#8217;hist\u00f2ria comarcal sota l&#8217;ep\u00edgraf: &#8220;La Meseta de Requena-Utiel en moviment i com a terra d&#8217;acolliment: comprendre les migracions en l&#8217;actualitat i al llarg de la hist\u00f2ria. Reflexions per a un futur&#8221;.<\/p>\n\n\n\n<p class=\"wp-block-paragraph\">L&#8217;onz\u00e9 Congr\u00e9s d&#8217;Hist\u00f2ria Comarcal que es dedica a comprendre les migracions a la comarca des d&#8217;una perspectiva hist\u00f2rica, actual i futura. El Congr\u00e9s l&#8217;organitza el M.I. Ajuntament de Requena i el Centre d&#8217;Estudis Requenenses i col\u00b7laboren l&#8217;Ajuntament de Fuenterrobles, Amics de Fuenterrobles, Alcaldia ped\u00e0nia de Las Monjas i Associaci\u00f3 Cultural Amics de Venta del Moro.<\/p>\n\n\n\n<p class=\"wp-block-paragraph\">Ja est\u00e0 accessible el programa complet del Congr\u00e9s i el full d&#8217;inscripci\u00f3 en <a href=\"https:\/\/www.requena.es\/evento\/xi-congreso-historia-comarcal-meseta-requena-utiel-movimiento-como-tierra-acogida-comprender-migraciones-actualidad-lo-largo-historia-reflexiones-para-un-futuro\">https:\/\/www.requena.es\/evento\/xi-congreso-historia-comarcal-meseta-requena-utiel-movimiento-como-tierra-acogida-comprender-migraciones-actualidad-lo-largo-historia-reflexiones-para-un-futuro<\/a><\/p>\n","protected":false},"excerpt":{"rendered":"<div class=\"mh-excerpt\">Del 8 al 10 de novembre de 2024 es va a desarollar a Requena, Fuenterrobles i Las Monjas l&#8217;XI Congr\u00e9s d&#8217;hist\u00f2ria comarcal sota l&#8217;ep\u00edgraf: &#8220;La Meseta de Requena-Utiel en moviment i com a terra d&#8217;acolliment: <a class=\"mh-excerpt-more\" href=\"https:\/\/tucomarca.whitekongsoftware.com\/ca\/requena-fuenterrobles-i-las-monjas-celebren-lxi-congres-dhistoria-comarcal-sota-lepigraf-la-meseta-de-requena-utiel-en-moviment-i-com-a-terra-dacolliment\/\" title=\"Requena, Fuenterrobles i Las Monjas celebren l&#8217;XI Congr\u00e9s d&#8217;hist\u00f2ria comarcal sota l&#8217;ep\u00edgraf &#8220;la Meseta de Requena-Utiel en moviment i com a terra d&#8217;acolliment&#8221;\">[+] <\/a><\/div>\n","protected":false},"author":13,"featured_media":225500,"comment_status":"open","ping_status":"open","sticky":false,"template":"","format":"standard","meta":{"footnotes":""},"categories":[11019,11055,10894,11007,10908,10909,10896,11060],"tags":[15177,12836,21397,11099,10910],"class_list":["post-240540","post","type-post","status-publish","format-standard","has-post-thumbnail","category-agenda-ca","category-fuenterrobles-ca","category-la-comarca-ca","category-ocio-y-cultura-ca","category-requena-ca","category-requena-utiel-ca","category-seccion-ca","category-venta-del-moro-ca","tag-asociacion-cultural-amigos-de-venta-del-moro-ca","tag-fuenterrobles-ca","tag-las-monjas-ca","tag-requena-ca","tag-requena-utiel-ca"],"_links":{"self":[{"href":"https:\/\/tucomarca.whitekongsoftware.com\/ca\/wp-json\/wp\/v2\/posts\/240540","targetHints":{"allow":["GET"]}}],"collection":[{"href":"https:\/\/tucomarca.whitekongsoftware.com\/ca\/wp-json\/wp\/v2\/posts"}],"about":[{"href":"https:\/\/tucomarca.whitekongsoftware.com\/ca\/wp-json\/wp\/v2\/types\/post"}],"author":[{"embeddable":true,"href":"https:\/\/tucomarca.whitekongsoftware.com\/ca\/wp-json\/wp\/v2\/users\/13"}],"replies":[{"embeddable":true,"href":"https:\/\/tucomarca.whitekongsoftware.com\/ca\/wp-json\/wp\/v2\/comments?post=240540"}],"version-history":[{"count":0,"href":"https:\/\/tucomarca.whitekongsoftware.com\/ca\/wp-json\/wp\/v2\/posts\/240540\/revisions"}],"wp:featuredmedia":[{"embeddable":true,"href":"https:\/\/tucomarca.whitekongsoftware.com\/ca\/wp-json\/wp\/v2\/media\/225500"}],"wp:attachment":[{"href":"https:\/\/tucomarca.whitekongsoftware.com\/ca\/wp-json\/wp\/v2\/media?parent=240540"}],"wp:term":[{"taxonomy":"category","embeddable":true,"href":"https:\/\/tucomarca.whitekongsoftware.com\/ca\/wp-json\/wp\/v2\/categories?post=240540"},{"taxonomy":"post_tag","embeddable":true,"href":"https:\/\/tucomarca.whitekongsoftware.com\/ca\/wp-json\/wp\/v2\/tags?post=240540"}],"curies":[{"name":"wp","href":"https:\/\/api.w.org\/{rel}","templated":true}]}}