{"id":240467,"date":"2024-10-16T12:30:00","date_gmt":"2024-10-16T10:30:00","guid":{"rendered":"https:\/\/www.tucomarca.com\/wordpress\/segunda\/?p=240467"},"modified":"2024-10-16T20:34:11","modified_gmt":"2024-10-16T18:34:11","slug":"susana-camarero-destaca-que-el-centre-per-a-persones-amb-discapacitat-las-suertes-de-villar-del-arzobispo-es-exemple-del-suport-del-consell-a-les-persones-en-cada-raco-de-la-comunitat","status":"publish","type":"post","link":"https:\/\/tucomarca.whitekongsoftware.com\/ca\/susana-camarero-destaca-que-el-centre-per-a-persones-amb-discapacitat-las-suertes-de-villar-del-arzobispo-es-exemple-del-suport-del-consell-a-les-persones-en-cada-raco-de-la-comunitat\/","title":{"rendered":"Susana Camarero destaca que el centre per a persones amb discapacitat Las Suertes de Villar del Arzobispo, \u00e9s &#8220;exemple del suport del Consell a les persones en cada rac\u00f3 de la Comunitat&#8221;"},"content":{"rendered":"\n<h3 class=\"wp-block-heading\">La vicepresidenta reafirma amb aquest projecte el suport del Consell a la inclusi\u00f3 i el benestar de totes les persones, independentment del seu grau de discapacitat.<\/h3>\n\n\n\n<h3 class=\"wp-block-heading\">Ha destacat la \u201caccessibilitat de les infraestructures del centre que aconsegueix evitar el despla\u00e7ament fora del seu entorn rural\u201d per a les persones amb mobilitat redu\u00efda.<\/h3>\n\n\n\n<p class=\"wp-block-paragraph\">La vicepresidenta i consellera de Serveis Socials, Igualtat i Habitatge, Susana Camarero, ha destacat que el centre per a persones amb discapacitat Las Suertes \u201c\u00e9s exemple del suport del Consell a les persones en cada rac\u00f3 de la Comunitat\u201d.<\/p>\n\n\n\n<p class=\"wp-block-paragraph\">Susana Camarero ha realitzat aquestes manifestacions en l&#8217;acte d&#8217;inauguraci\u00f3 del centre de dia &#8220;Les Sorts&#8221; a el Villar, despr\u00e9s de l&#8217;ampliaci\u00f3 de les instal\u00b7lacions, al qual han assistit tamb\u00e9 el secretari auton\u00f2mic de Fam\u00edlia i Serveis Socials, Ignacio Grande, la secret\u00e0ria auton\u00f2mica del Sistema Sociosanitari, Elena Albalat, i la directora de Persones amb Discapacitat, B\u00e1rbara Congost.<\/p>\n\n\n\n<p class=\"wp-block-paragraph\">A m\u00e9s, durant el discurs, ha assenyalat la import\u00e0ncia de formar part d&#8217;aquest projecte que \u00e9s \u201cun referent en l&#8217;atenci\u00f3 a la discapacitat i en la cura dels m\u00e9s vulnerables de la nostra societat\u201d.<\/p>\n\n\n\n<p class=\"wp-block-paragraph\">Es tracta de \u201cun pas m\u00e9s en el comprom\u00eds del Consell en el cam\u00ed cap a la inclusi\u00f3 i el benestar de totes les persones\u201d, independentment del seu grau de discapacitat, \u201cproporcionant un entorn segur i adaptat on puguen desenvolupar les seues habilitats i gaudir d&#8217;una major autonomia\u201d.<\/p>\n\n\n\n<figure class=\"wp-block-gallery has-nested-images columns-default is-cropped wp-block-gallery-1 is-layout-flex wp-block-gallery-is-layout-flex\">\n<figure class=\"wp-block-image size-large\"><img loading=\"lazy\" decoding=\"async\" width=\"1024\" height=\"718\" data-id=\"240460\" src=\"https:\/\/www.tucomarca.com\/wordpress\/segunda\/wp-content\/uploads\/2024\/10\/Camarero_CentroDia_Villar1-1024x718.jpg\" alt=\"\" class=\"wp-image-240460\" srcset=\"https:\/\/tucomarca.whitekongsoftware.com\/wp-content\/uploads\/2024\/10\/Camarero_CentroDia_Villar1-1024x718.jpg 1024w, https:\/\/tucomarca.whitekongsoftware.com\/wp-content\/uploads\/2024\/10\/Camarero_CentroDia_Villar1-300x210.jpg 300w, https:\/\/tucomarca.whitekongsoftware.com\/wp-content\/uploads\/2024\/10\/Camarero_CentroDia_Villar1-768x538.jpg 768w, https:\/\/tucomarca.whitekongsoftware.com\/wp-content\/uploads\/2024\/10\/Camarero_CentroDia_Villar1.jpg 1181w\" sizes=\"auto, (max-width: 1024px) 100vw, 1024px\" \/><\/figure>\n\n\n\n<figure class=\"wp-block-image size-large\"><img loading=\"lazy\" decoding=\"async\" width=\"1024\" height=\"659\" data-id=\"240464\" src=\"https:\/\/www.tucomarca.com\/wordpress\/segunda\/wp-content\/uploads\/2024\/10\/Camarero_CentroDia_Villar3-1024x659.jpg\" alt=\"\" class=\"wp-image-240464\" srcset=\"https:\/\/tucomarca.whitekongsoftware.com\/wp-content\/uploads\/2024\/10\/Camarero_CentroDia_Villar3-1024x659.jpg 1024w, https:\/\/tucomarca.whitekongsoftware.com\/wp-content\/uploads\/2024\/10\/Camarero_CentroDia_Villar3-300x193.jpg 300w, https:\/\/tucomarca.whitekongsoftware.com\/wp-content\/uploads\/2024\/10\/Camarero_CentroDia_Villar3-768x494.jpg 768w, https:\/\/tucomarca.whitekongsoftware.com\/wp-content\/uploads\/2024\/10\/Camarero_CentroDia_Villar3.jpg 1181w\" sizes=\"auto, (max-width: 1024px) 100vw, 1024px\" \/><\/figure>\n<\/figure>\n\n\n\n<p class=\"wp-block-paragraph\">Posteriorment, Susana Camarero ha realitzat un recorregut per a con\u00e9ixer les noves instal\u00b7lacions d&#8217;aquest edifici, gestionat trav\u00e9s de l&#8217;acci\u00f3 concertada per l&#8217;Associaci\u00f3 a la Diversitat Les Sorts (ADIS), que disposa de 50 places amb espais amplis i accessibles. El recinte consta de dues plantes amb diverses aules, un gimn\u00e0s, una sala d&#8217;autonomia personal, aix\u00ed com un menjador i una sala polivalent.<\/p>\n\n\n\n<p class=\"wp-block-paragraph\">La vicepresidenta ha destacat la import\u00e0ncia de comptar amb infraestructures com les existents en aquest centre que \u201cpermeten a les persones amb discapacitat rebre atenci\u00f3 especialitzada sense haver de despla\u00e7ar-se fora del seu entorn rural\u201d.<\/p>\n\n\n\n<p class=\"wp-block-paragraph\"><strong>Col\u00b7laboraci\u00f3 p\u00fablic-privada<\/strong><\/p>\n\n\n\n<p class=\"wp-block-paragraph\">De la mateixa manera, Cambrer ha explicat que aquest centre \u201c\u00e9s el resultat de la col\u00b7laboraci\u00f3 entre el p\u00fablic i el privat duta a terme de manera responsable i compromesa\u201d per a perseguir un objectiu com\u00fa, \u201cmillorar la qualitat de vida dels qui m\u00e9s el necessiten\u201d.<\/p>\n\n\n\n<p class=\"wp-block-paragraph\">En eixe sentit, ha defensat aquest tipus de col\u00b7laboraci\u00f3 ja que, gr\u00e0cies a ella, \u201carribem on nosaltres sols, com Consell, no podr\u00edem arribar\u201d. Per tant, en centres com Les Sorts, \u201ccomprovem que quan sumem esfor\u00e7os, els resultats no sols s\u00f3n m\u00e9s grans, sin\u00f3 m\u00e9s justos i inclusius\u201d.<\/p>\n\n\n\n<p class=\"wp-block-paragraph\">El centre de dia tamb\u00e9 ofereix serveis a usuaris necessitats de suport individualitzat per al seu desenvolupament personal i social, a m\u00e9s d&#8217;incloure serveis de transport adaptat i suport continuat per a les fam\u00edlies de la comarca.<\/p>\n\n\n\n<p class=\"wp-block-paragraph\">L&#8217;associaci\u00f3 ADIS \u00e9s una entitat de fam\u00edlies sense \u00e0nim de lucre constitu\u00efda en 1989. En l&#8217;actualitat gestiona, a trav\u00e9s de l&#8217;acci\u00f3 concertada, els seg\u00fcents centres i serveis: centre ocupacional (19 places); resid\u00e8ncia (35 places), centre de dia (13 places) i habitatge tutelat (6 places). Als centres d&#8217;Atenci\u00f3 Di\u00fcrna acudeixen persones amb discapacitat de diferents poblacions dels Serrans i Camp de T\u00faria: Toixa, Xelva, Calles, Sot de Xera, la Llosa del Bisbe, Pedralba, Figueroles de Domenyo, Casinos, Domenyo, Lliria, Benissan\u00f3, Benaguasil, La Pobla de Vallbona, i Olocau.<\/p>\n","protected":false},"excerpt":{"rendered":"<div class=\"mh-excerpt\">La vicepresidenta reafirma amb aquest projecte el suport del Consell a la inclusi\u00f3 i el benestar de totes les persones, independentment del seu grau de discapacitat. Ha destacat la \u201caccessibilitat de les infraestructures del centre <a class=\"mh-excerpt-more\" href=\"https:\/\/tucomarca.whitekongsoftware.com\/ca\/susana-camarero-destaca-que-el-centre-per-a-persones-amb-discapacitat-las-suertes-de-villar-del-arzobispo-es-exemple-del-suport-del-consell-a-les-persones-en-cada-raco-de-la-comunitat\/\" title=\"Susana Camarero destaca que el centre per a persones amb discapacitat Las Suertes de Villar del Arzobispo, \u00e9s &#8220;exemple del suport del Consell a les persones en cada rac\u00f3 de la Comunitat&#8221;\">[+] <\/a><\/div>\n","protected":false},"author":12,"featured_media":240463,"comment_status":"open","ping_status":"open","sticky":false,"template":"","format":"gallery","meta":{"footnotes":""},"categories":[10952,10938,11038,10892,11010,11039,11035,11046,10898,11033,10894,10915,10928,11024,10935,11025,10947,10896,11026,11028,11029],"tags":[19545,21390,21391],"class_list":["post-240467","post","type-post","status-publish","format-gallery","has-post-thumbnail","category-benaguasil-ca","category-benisano-ca","category-calles-ca","category-camp-de-turia-ca","category-canal-salud","category-chelva-ca","category-domeno-ca","category-los-serranos-ca","category-ventana-ca","category-higueruelas-ca","category-la-comarca-ca","category-la-pobla-ca","category-lliria-ca","category-losa-del-obispo-ca","category-olocau-ca","category-pedralba-ca","category-politica","category-seccion-ca","category-sot-de-chera-ca","category-tuejar-ca","category-villar-del-arzobispo-ca","tag-conselleria-de-servicios-sociales-ca","tag-las-suertes-ca","tag-susana-camarero-ca","post_format-post-format-gallery"],"_links":{"self":[{"href":"https:\/\/tucomarca.whitekongsoftware.com\/ca\/wp-json\/wp\/v2\/posts\/240467","targetHints":{"allow":["GET"]}}],"collection":[{"href":"https:\/\/tucomarca.whitekongsoftware.com\/ca\/wp-json\/wp\/v2\/posts"}],"about":[{"href":"https:\/\/tucomarca.whitekongsoftware.com\/ca\/wp-json\/wp\/v2\/types\/post"}],"author":[{"embeddable":true,"href":"https:\/\/tucomarca.whitekongsoftware.com\/ca\/wp-json\/wp\/v2\/users\/12"}],"replies":[{"embeddable":true,"href":"https:\/\/tucomarca.whitekongsoftware.com\/ca\/wp-json\/wp\/v2\/comments?post=240467"}],"version-history":[{"count":0,"href":"https:\/\/tucomarca.whitekongsoftware.com\/ca\/wp-json\/wp\/v2\/posts\/240467\/revisions"}],"wp:featuredmedia":[{"embeddable":true,"href":"https:\/\/tucomarca.whitekongsoftware.com\/ca\/wp-json\/wp\/v2\/media\/240463"}],"wp:attachment":[{"href":"https:\/\/tucomarca.whitekongsoftware.com\/ca\/wp-json\/wp\/v2\/media?parent=240467"}],"wp:term":[{"taxonomy":"category","embeddable":true,"href":"https:\/\/tucomarca.whitekongsoftware.com\/ca\/wp-json\/wp\/v2\/categories?post=240467"},{"taxonomy":"post_tag","embeddable":true,"href":"https:\/\/tucomarca.whitekongsoftware.com\/ca\/wp-json\/wp\/v2\/tags?post=240467"}],"curies":[{"name":"wp","href":"https:\/\/api.w.org\/{rel}","templated":true}]}}