{"id":240389,"date":"2024-10-16T10:00:00","date_gmt":"2024-10-16T08:00:00","guid":{"rendered":"https:\/\/www.tucomarca.com\/wordpress\/segunda\/?p=240389"},"modified":"2024-10-16T17:57:15","modified_gmt":"2024-10-16T15:57:15","slug":"el-govern-de-bunyol-avanca-en-el-projecte-del-futur-centre-de-dia-despres-duna-reunio-en-la-conselleria-de-benestar-social","status":"publish","type":"post","link":"https:\/\/tucomarca.whitekongsoftware.com\/ca\/el-govern-de-bunyol-avanca-en-el-projecte-del-futur-centre-de-dia-despres-duna-reunio-en-la-conselleria-de-benestar-social\/","title":{"rendered":"El Govern de Bunyol avan\u00e7a en el projecte del futur centre de dia despr\u00e9s d&#8217;una reuni\u00f3 en la Conselleria de Benestar Social"},"content":{"rendered":"\n<p class=\"wp-block-paragraph\">Els membres de l&#8217;Equip de Govern de Bunyol, encap\u00e7alats per l&#8217;alcaldessa Virginia Sanz, al costat de la regidora de Majors, Luc\u00eda Villar, i el regidor d&#8217;Hisenda, Mario Al\u00eds, es van reunir novament en la Conselleria de Benestar Social per a presentar l&#8217;avantprojecte del futur centre de dia de la localitat.<\/p>\n\n\n\n<p class=\"wp-block-paragraph\">Aquest centre, que estar\u00e0 situat en l&#8217;Antic Escorxador Municipal, representa una important iniciativa per al benestar dels majors de Bunyol. El projecte, que va ser anunciat fa diversos mesos, continua avan\u00e7ant, amb l&#8217;objectiu d&#8217;oferir un espai d&#8217;atenci\u00f3 i cura per a les persones majors de la localitat.<\/p>\n\n\n\n<p class=\"wp-block-paragraph\">&#8220;El govern local es mostra comprom\u00e9s a continuar treballant al costat de la Conselleria per a dur a terme aquest important projecte per al municipi&#8221;, afigen des del consistori.<\/p>\n","protected":false},"excerpt":{"rendered":"<div class=\"mh-excerpt\">Els membres de l&#8217;Equip de Govern de Bunyol, encap\u00e7alats per l&#8217;alcaldessa Virginia Sanz, al costat de la regidora de Majors, Luc\u00eda Villar, i el regidor d&#8217;Hisenda, Mario Al\u00eds, es van reunir novament en la Conselleria <a class=\"mh-excerpt-more\" href=\"https:\/\/tucomarca.whitekongsoftware.com\/ca\/el-govern-de-bunyol-avanca-en-el-projecte-del-futur-centre-de-dia-despres-duna-reunio-en-la-conselleria-de-benestar-social\/\" title=\"El Govern de Bunyol avan\u00e7a en el projecte del futur centre de dia despr\u00e9s d&#8217;una reuni\u00f3 en la Conselleria de Benestar Social\">[+] <\/a><\/div>\n","protected":false},"author":12,"featured_media":240387,"comment_status":"open","ping_status":"open","sticky":false,"template":"","format":"standard","meta":{"footnotes":""},"categories":[10911,10948,10894,10912,10947,10896],"tags":[10913,14429,10914],"class_list":["post-240389","post","type-post","status-publish","format-standard","has-post-thumbnail","category-bunol-ca","category-infraestructuras-ca","category-la-comarca-ca","category-la-hoya-ca","category-politica","category-seccion-ca","tag-bunol-ca","tag-centro-de-dia-ca","tag-la-hoya-de-bunol-chiva-ca"],"_links":{"self":[{"href":"https:\/\/tucomarca.whitekongsoftware.com\/ca\/wp-json\/wp\/v2\/posts\/240389","targetHints":{"allow":["GET"]}}],"collection":[{"href":"https:\/\/tucomarca.whitekongsoftware.com\/ca\/wp-json\/wp\/v2\/posts"}],"about":[{"href":"https:\/\/tucomarca.whitekongsoftware.com\/ca\/wp-json\/wp\/v2\/types\/post"}],"author":[{"embeddable":true,"href":"https:\/\/tucomarca.whitekongsoftware.com\/ca\/wp-json\/wp\/v2\/users\/12"}],"replies":[{"embeddable":true,"href":"https:\/\/tucomarca.whitekongsoftware.com\/ca\/wp-json\/wp\/v2\/comments?post=240389"}],"version-history":[{"count":0,"href":"https:\/\/tucomarca.whitekongsoftware.com\/ca\/wp-json\/wp\/v2\/posts\/240389\/revisions"}],"wp:featuredmedia":[{"embeddable":true,"href":"https:\/\/tucomarca.whitekongsoftware.com\/ca\/wp-json\/wp\/v2\/media\/240387"}],"wp:attachment":[{"href":"https:\/\/tucomarca.whitekongsoftware.com\/ca\/wp-json\/wp\/v2\/media?parent=240389"}],"wp:term":[{"taxonomy":"category","embeddable":true,"href":"https:\/\/tucomarca.whitekongsoftware.com\/ca\/wp-json\/wp\/v2\/categories?post=240389"},{"taxonomy":"post_tag","embeddable":true,"href":"https:\/\/tucomarca.whitekongsoftware.com\/ca\/wp-json\/wp\/v2\/tags?post=240389"}],"curies":[{"name":"wp","href":"https:\/\/api.w.org\/{rel}","templated":true}]}}