{"id":240358,"date":"2024-10-16T08:00:00","date_gmt":"2024-10-16T06:00:00","guid":{"rendered":"https:\/\/www.tucomarca.com\/wordpress\/segunda\/?p=240358"},"modified":"2024-10-16T18:21:43","modified_gmt":"2024-10-16T16:21:43","slug":"la-diputacio-de-valencia-posa-en-marxa-un-curs-sobre-gestio-de-residus-solids-urbans","status":"publish","type":"post","link":"https:\/\/tucomarca.whitekongsoftware.com\/ca\/la-diputacio-de-valencia-posa-en-marxa-un-curs-sobre-gestio-de-residus-solids-urbans\/","title":{"rendered":"La Diputaci\u00f3 de Val\u00e8ncia posa en marxa un curs sobre gesti\u00f3 de residus s\u00f2lids urbans"},"content":{"rendered":"\n<h3 class=\"wp-block-heading\">L&#8217;activitat formativa, dirigida a municipis de menys de 20.000 habitants, abasta des de la problem\u00e0tica associada a la producci\u00f3 i gesti\u00f3 de residus fins a la determinaci\u00f3 i el c\u00e0lcul de les taxes municipals de recollida i de tractament, aix\u00ed com una visita a una planta de tractament de residus.<\/h3>\n\n\n\n<p class=\"wp-block-paragraph\">La Diputaci\u00f3 de Val\u00e8ncia ha iniciat la formaci\u00f3 a t\u00e8cnics d&#8217;ajuntaments de menys de 20.000 habitants en aspectes sobre la gesti\u00f3 de residus s\u00f2lids urbans. Esta activitat formativa, organitzada des del servici de Formaci\u00f3 que dirigix el diputat Ricardo Gabald\u00f3n i el servici d&#8217;Aigua, Residus i Empreses P\u00fabliques, encap\u00e7alat per Paco Comes, inclou tamb\u00e9 aspectes pr\u00e0ctics com la visita a la Planta de Tractament de Residus de Guadassuar.<\/p>\n\n\n\n<p class=\"wp-block-paragraph\">\u201cEsta \u00e9s la primera vegada que la Diputaci\u00f3 de Val\u00e8ncia dissenya un curs d&#8217;estes caracter\u00edstiques i espec\u00edfic sobre la gesti\u00f3 de residus municipals dirigit als t\u00e8cnics d&#8217;ajuntaments que treballen en esta mat\u00e8ria, igual que la formaci\u00f3 que es va impartir a empleats p\u00fablics d&#8217;ajuntaments sobre gesti\u00f3 del cicle integral de l&#8217;aigua\u201d, ha apuntat el diputat Paco Comes durant la visita a les instal\u00b7lacions de la planta de Guadassuar juntament amb l&#8217;alcalde de la localitat, Vicent Estruch, i els alumnes del curs.<\/p>\n\n\n\n<figure class=\"wp-block-gallery has-nested-images columns-2 is-cropped wp-block-gallery-1 is-layout-flex wp-block-gallery-is-layout-flex\">\n<figure class=\"wp-block-image size-large\"><img loading=\"lazy\" decoding=\"async\" width=\"886\" height=\"591\" data-id=\"240348\" src=\"https:\/\/www.tucomarca.com\/wordpress\/segunda\/wp-content\/uploads\/2024\/10\/DipuPlantaGuadassuar01.jpg\" alt=\"\" class=\"wp-image-240348\" srcset=\"https:\/\/tucomarca.whitekongsoftware.com\/wp-content\/uploads\/2024\/10\/DipuPlantaGuadassuar01.jpg 886w, https:\/\/tucomarca.whitekongsoftware.com\/wp-content\/uploads\/2024\/10\/DipuPlantaGuadassuar01-300x200.jpg 300w, https:\/\/tucomarca.whitekongsoftware.com\/wp-content\/uploads\/2024\/10\/DipuPlantaGuadassuar01-768x512.jpg 768w\" sizes=\"auto, (max-width: 886px) 100vw, 886px\" \/><\/figure>\n\n\n\n<figure class=\"wp-block-image size-large\"><img loading=\"lazy\" decoding=\"async\" width=\"886\" height=\"531\" data-id=\"240352\" src=\"https:\/\/www.tucomarca.com\/wordpress\/segunda\/wp-content\/uploads\/2024\/10\/DipuPlantaGuadassuar03.jpg\" alt=\"\" class=\"wp-image-240352\" srcset=\"https:\/\/tucomarca.whitekongsoftware.com\/wp-content\/uploads\/2024\/10\/DipuPlantaGuadassuar03.jpg 886w, https:\/\/tucomarca.whitekongsoftware.com\/wp-content\/uploads\/2024\/10\/DipuPlantaGuadassuar03-300x180.jpg 300w, https:\/\/tucomarca.whitekongsoftware.com\/wp-content\/uploads\/2024\/10\/DipuPlantaGuadassuar03-768x460.jpg 768w\" sizes=\"auto, (max-width: 886px) 100vw, 886px\" \/><\/figure>\n\n\n\n<figure class=\"wp-block-image size-large\"><img loading=\"lazy\" decoding=\"async\" width=\"886\" height=\"593\" data-id=\"240350\" src=\"https:\/\/www.tucomarca.com\/wordpress\/segunda\/wp-content\/uploads\/2024\/10\/DipuPlantaGuadassuar02.jpg\" alt=\"\" class=\"wp-image-240350\" srcset=\"https:\/\/tucomarca.whitekongsoftware.com\/wp-content\/uploads\/2024\/10\/DipuPlantaGuadassuar02.jpg 886w, https:\/\/tucomarca.whitekongsoftware.com\/wp-content\/uploads\/2024\/10\/DipuPlantaGuadassuar02-300x201.jpg 300w, https:\/\/tucomarca.whitekongsoftware.com\/wp-content\/uploads\/2024\/10\/DipuPlantaGuadassuar02-768x514.jpg 768w\" sizes=\"auto, (max-width: 886px) 100vw, 886px\" \/><\/figure>\n<\/figure>\n\n\n\n<p class=\"wp-block-paragraph\">Aix\u00ed mateix, ha assenyalat que amb este nou curs, en el qual participaran una trentena d&#8217;alumnes de vint ajuntaments de menys de 20.000 habitants, \u201cla Diputaci\u00f3 de Val\u00e8ncia demostra una vegada m\u00e9s el seu comprom\u00eds amb els municipis de la prov\u00edncia, acostant la instituci\u00f3 als pobles, posant tots els nostres recursos al seu abast i apostant per la formaci\u00f3 basada en la t\u00e8cnica i l&#8217;experi\u00e8ncia\u201d.<\/p>\n\n\n\n<p class=\"wp-block-paragraph\">\u201cEl principal objectiu -ha ressaltat- \u00e9s avan\u00e7ar cap a l&#8217;excel\u00b7l\u00e8ncia i que els municipis puguen exercir les seues compet\u00e8ncies de la forma m\u00e9s efica\u00e7 i eficient possible\u201d.<\/p>\n\n\n\n<p class=\"wp-block-paragraph\">L&#8217;activitat formativa, la qual abasta des de la problem\u00e0tica associada a la producci\u00f3 i gesti\u00f3 de residus fins a la determinaci\u00f3 i el c\u00e0lcul de les taxes municipals de recollida i de tractament, est\u00e0 repartida en 40 hores dividides en huit jornades programades per als mesos de setembre, octubre i novembre.<\/p>\n\n\n\n<p class=\"wp-block-paragraph\"><strong>Visita a la planta de Guadassuar<\/strong><\/p>\n\n\n\n<p class=\"wp-block-paragraph\">La Planta de Tractament de Residus de Guadassuar del Consorci de Residus Ribera i Valldigna \u00e9s un referent quant a disseny i funcionament; amb un volum de tractament pr\u00f2xim a les 130.000 tones anuals de residus s\u00f2lids urbans, obt\u00e9 unes xifres de reciclatge superiors al 44% i ha aconseguit reduir la fracci\u00f3 que va a l\u2019abocador al 36%. Durant la seua visita a estes instal\u00b7lacions, els t\u00e8cnics municipals han pogut observar els processos i tractaments pel que passen els residus municipals despr\u00e9s de la seua recollida. Esta activitat servir\u00e0 per a ajudar a dissenyar millors estrat\u00e8gies de recollida, separaci\u00f3 i conscienciaci\u00f3.<\/p>\n","protected":false},"excerpt":{"rendered":"<div class=\"mh-excerpt\">L&#8217;activitat formativa, dirigida a municipis de menys de 20.000 habitants, abasta des de la problem\u00e0tica associada a la producci\u00f3 i gesti\u00f3 de residus fins a la determinaci\u00f3 i el c\u00e0lcul de les taxes municipals de <a class=\"mh-excerpt-more\" href=\"https:\/\/tucomarca.whitekongsoftware.com\/ca\/la-diputacio-de-valencia-posa-en-marxa-un-curs-sobre-gestio-de-residus-solids-urbans\/\" title=\"La Diputaci\u00f3 de Val\u00e8ncia posa en marxa un curs sobre gesti\u00f3 de residus s\u00f2lids urbans\">[+] <\/a><\/div>\n","protected":false},"author":12,"featured_media":240356,"comment_status":"open","ping_status":"open","sticky":false,"template":"","format":"standard","meta":{"footnotes":""},"categories":[10898,10994,10948,10894,10902,10903,10947,10896],"tags":[11246,19178,11356],"class_list":["post-240358","post","type-post","status-publish","format-standard","has-post-thumbnail","category-ventana-ca","category-guadassuar-ca","category-infraestructuras-ca","category-la-comarca-ca","category-la-ribera-ca","category-medio-ambiente-la-comarca-ca","category-politica","category-seccion-ca","tag-diputacio-de-valencia-ca","tag-gestion-de-residuos-urbanos-ca","tag-ribera-alta-ca"],"_links":{"self":[{"href":"https:\/\/tucomarca.whitekongsoftware.com\/ca\/wp-json\/wp\/v2\/posts\/240358","targetHints":{"allow":["GET"]}}],"collection":[{"href":"https:\/\/tucomarca.whitekongsoftware.com\/ca\/wp-json\/wp\/v2\/posts"}],"about":[{"href":"https:\/\/tucomarca.whitekongsoftware.com\/ca\/wp-json\/wp\/v2\/types\/post"}],"author":[{"embeddable":true,"href":"https:\/\/tucomarca.whitekongsoftware.com\/ca\/wp-json\/wp\/v2\/users\/12"}],"replies":[{"embeddable":true,"href":"https:\/\/tucomarca.whitekongsoftware.com\/ca\/wp-json\/wp\/v2\/comments?post=240358"}],"version-history":[{"count":0,"href":"https:\/\/tucomarca.whitekongsoftware.com\/ca\/wp-json\/wp\/v2\/posts\/240358\/revisions"}],"wp:featuredmedia":[{"embeddable":true,"href":"https:\/\/tucomarca.whitekongsoftware.com\/ca\/wp-json\/wp\/v2\/media\/240356"}],"wp:attachment":[{"href":"https:\/\/tucomarca.whitekongsoftware.com\/ca\/wp-json\/wp\/v2\/media?parent=240358"}],"wp:term":[{"taxonomy":"category","embeddable":true,"href":"https:\/\/tucomarca.whitekongsoftware.com\/ca\/wp-json\/wp\/v2\/categories?post=240358"},{"taxonomy":"post_tag","embeddable":true,"href":"https:\/\/tucomarca.whitekongsoftware.com\/ca\/wp-json\/wp\/v2\/tags?post=240358"}],"curies":[{"name":"wp","href":"https:\/\/api.w.org\/{rel}","templated":true}]}}