{"id":240262,"date":"2024-10-15T11:55:00","date_gmt":"2024-10-15T09:55:00","guid":{"rendered":"https:\/\/www.tucomarca.com\/wordpress\/segunda\/?p=240262"},"modified":"2024-10-15T19:35:11","modified_gmt":"2024-10-15T17:35:11","slug":"caudete-de-las-fuentes-torna-a-temps-ibers-en-les-jornades-de-portes-obertes-del-jaciment-arqueologic-kelin","status":"publish","type":"post","link":"https:\/\/tucomarca.whitekongsoftware.com\/ca\/caudete-de-las-fuentes-torna-a-temps-ibers-en-les-jornades-de-portes-obertes-del-jaciment-arqueologic-kelin\/","title":{"rendered":"Caudete de las Fuentes torna a temps ibers en les jornades de portes obertes del jaciment arqueol\u00f2gic Kelin"},"content":{"rendered":"\n<h3 class=\"wp-block-heading\">El Museu de Prehist\u00f2ria de la Diputaci\u00f3 de Val\u00e8ncia organitza el pr\u00f2xim cap de setmana les visites teatralitzades, activitats i tallers de les XX jornades de Kelin, amb entrada lliure i gratu\u00efta.<\/h3>\n\n\n\n<p class=\"wp-block-paragraph\">Dimarts 15 d&#8217;octubre de 2024.- Este cap de setmana, 19 i 20 d&#8217;octubre, se celebraran les XX Jornades de Portes Obertes del jaciment arqueol\u00f2gic Kelin, a Caudete de las Fuentes. Una manera l\u00fadica i amena de difondre el patrimoni arqueol\u00f2gic que promou l&#8217;ajuntament del municipi de la Plana d&#8217;Utiel-Requena, juntament amb el Museu de Prehist\u00f2ria de la Diputaci\u00f3 de Val\u00e8ncia i la Universitat de Val\u00e8ncia. A m\u00e9s, compta amb la participaci\u00f3 de nombroses arque\u00f2logues i arque\u00f2legs que fan possible esta activitat fermament consolidada.<\/p>\n\n\n\n<p class=\"wp-block-paragraph\">En estes jornades es realitzaran visites teatralitzades al jaciment de Kelin, visites guiades a la Col\u00b7lecci\u00f3 Museogr\u00e0fica, i activitats i tallers en el Passeig de Caudete, d&#8217;entre les quals destaca la Biblioteca Infantil del Museu de Prehist\u00f2ria. Tota la programaci\u00f3 \u00e9s gratu\u00efta, est\u00e0 adaptada a tota mena de p\u00fablic i no \u00e9s necess\u00e0ria la reserva pr\u00e8via. L&#8217;horari del dissabte \u00e9s d&#8217;11.00 a 14.00 hores al mat\u00ed i de 16.30 a 18.30 hores a la vesprada. El diumenge, d&#8217;11.00 a 14.00 hores.<\/p>\n\n\n\n<p class=\"wp-block-paragraph\">El diputat de Cultura, Paco Teruel, ressalta que este esdeveniment deg\u00e0 a la Comunitat Valenciana i un dels primers del territori nacional \u201ctracta d&#8217;acostar a la ciutadania el valu\u00f3s patrimoni arqueol\u00f2gic de la prov\u00edncia de Val\u00e8ncia\u201d. \u201cA m\u00e9s, es fa d&#8217;una manera did\u00e0ctica i entretinguda que afavorix la promoci\u00f3 de la nostra hist\u00f2ria\u201d, afig.<\/p>\n\n\n\n<figure class=\"wp-block-image size-large\"><img loading=\"lazy\" decoding=\"async\" width=\"1024\" height=\"577\" src=\"http:\/\/www.tucomarca.com\/wordpress\/segunda\/wp-content\/uploads\/2024\/10\/CaudeteColec_muse-1024x577.jpg\" alt=\"\" class=\"wp-image-240257\" srcset=\"https:\/\/tucomarca.whitekongsoftware.com\/wp-content\/uploads\/2024\/10\/CaudeteColec_muse-1024x577.jpg 1024w, https:\/\/tucomarca.whitekongsoftware.com\/wp-content\/uploads\/2024\/10\/CaudeteColec_muse-300x169.jpg 300w, https:\/\/tucomarca.whitekongsoftware.com\/wp-content\/uploads\/2024\/10\/CaudeteColec_muse-768x432.jpg 768w, https:\/\/tucomarca.whitekongsoftware.com\/wp-content\/uploads\/2024\/10\/CaudeteColec_muse-678x381.jpg 678w, https:\/\/tucomarca.whitekongsoftware.com\/wp-content\/uploads\/2024\/10\/CaudeteColec_muse.jpg 1181w\" sizes=\"auto, (max-width: 1024px) 100vw, 1024px\" \/><\/figure>\n\n\n\n<p class=\"wp-block-paragraph\">L&#8217;antic poblat ib\u00e8ric emmurallat, tamb\u00e9 denominat Els Villares, ha sigut identificat com l&#8217;antiga ciutat ib\u00e8rica de Kelin. Declarada B\u00e9 d&#8217;Inter\u00e9s Cultural (BIC), \u00e9s propietat de la Diputaci\u00f3 i una de les joies patrimonials de Caudete de las Fuentes i de la comarca de la Plana d&#8217;Utiel-Requena.<\/p>\n\n\n\n<p class=\"wp-block-paragraph\">Aix\u00ed, la Diputaci\u00f3 de Val\u00e8ncia, a trav\u00e9s del Museu de Prehist\u00f2ria, ha finan\u00e7at, durant m\u00e9s de dos d\u00e8cades, les 23 campanyes d&#8217;excavaci\u00f3 dutes a terme, en col\u00b7laboraci\u00f3 amb la Universitat de Val\u00e8ncia. Tamb\u00e9 \u00e9s responsable de la seua restauraci\u00f3 i posada en valor en fases successives des de 2004, i va renovar l&#8217;exposici\u00f3 permanent de la Col\u00b7lecci\u00f3 Museogr\u00e0fica en 2018.<\/p>\n\n\n\n<p class=\"wp-block-paragraph\">A m\u00e9s, el jaciment forma part de la Ruta del Ibers que la pr\u00f2pia Diputaci\u00f3 secunda a trav\u00e9s de subvencions anuals en p\u00fablica concurr\u00e8ncia per a finan\u00e7ar el servici de visites i les activitats de difusi\u00f3 dutes a terme.Godelleta<\/p>\n","protected":false},"excerpt":{"rendered":"<div class=\"mh-excerpt\">El Museu de Prehist\u00f2ria de la Diputaci\u00f3 de Val\u00e8ncia organitza el pr\u00f2xim cap de setmana les visites teatralitzades, activitats i tallers de les XX jornades de Kelin, amb entrada lliure i gratu\u00efta. Dimarts 15 d&#8217;octubre <a class=\"mh-excerpt-more\" href=\"https:\/\/tucomarca.whitekongsoftware.com\/ca\/caudete-de-las-fuentes-torna-a-temps-ibers-en-les-jornades-de-portes-obertes-del-jaciment-arqueologic-kelin\/\" title=\"Caudete de las Fuentes torna a temps ibers en les jornades de portes obertes del jaciment arqueol\u00f2gic Kelin\">[+] <\/a><\/div>\n","protected":false},"author":12,"featured_media":240260,"comment_status":"open","ping_status":"open","sticky":false,"template":"","format":"standard","meta":{"footnotes":""},"categories":[11019,11032,10894,11007,10909,10896],"tags":[12700,11246,10910],"class_list":["post-240262","post","type-post","status-publish","format-standard","has-post-thumbnail","category-agenda-ca","category-caudete-ca","category-la-comarca-ca","category-ocio-y-cultura-ca","category-requena-utiel-ca","category-seccion-ca","tag-caudete-de-las-fuentes-ca","tag-diputacio-de-valencia-ca","tag-requena-utiel-ca"],"_links":{"self":[{"href":"https:\/\/tucomarca.whitekongsoftware.com\/ca\/wp-json\/wp\/v2\/posts\/240262","targetHints":{"allow":["GET"]}}],"collection":[{"href":"https:\/\/tucomarca.whitekongsoftware.com\/ca\/wp-json\/wp\/v2\/posts"}],"about":[{"href":"https:\/\/tucomarca.whitekongsoftware.com\/ca\/wp-json\/wp\/v2\/types\/post"}],"author":[{"embeddable":true,"href":"https:\/\/tucomarca.whitekongsoftware.com\/ca\/wp-json\/wp\/v2\/users\/12"}],"replies":[{"embeddable":true,"href":"https:\/\/tucomarca.whitekongsoftware.com\/ca\/wp-json\/wp\/v2\/comments?post=240262"}],"version-history":[{"count":0,"href":"https:\/\/tucomarca.whitekongsoftware.com\/ca\/wp-json\/wp\/v2\/posts\/240262\/revisions"}],"wp:featuredmedia":[{"embeddable":true,"href":"https:\/\/tucomarca.whitekongsoftware.com\/ca\/wp-json\/wp\/v2\/media\/240260"}],"wp:attachment":[{"href":"https:\/\/tucomarca.whitekongsoftware.com\/ca\/wp-json\/wp\/v2\/media?parent=240262"}],"wp:term":[{"taxonomy":"category","embeddable":true,"href":"https:\/\/tucomarca.whitekongsoftware.com\/ca\/wp-json\/wp\/v2\/categories?post=240262"},{"taxonomy":"post_tag","embeddable":true,"href":"https:\/\/tucomarca.whitekongsoftware.com\/ca\/wp-json\/wp\/v2\/tags?post=240262"}],"curies":[{"name":"wp","href":"https:\/\/api.w.org\/{rel}","templated":true}]}}