{"id":240154,"date":"2024-10-18T08:15:00","date_gmt":"2024-10-18T06:15:00","guid":{"rendered":"https:\/\/www.tucomarca.com\/wordpress\/segunda\/?p=240154"},"modified":"2024-10-17T21:52:18","modified_gmt":"2024-10-17T19:52:18","slug":"royal-global-clarinet-quartet-oferira-a-bunyol-un-concert-previ-al-congres-nacional-de-clarinetistas-despana","status":"publish","type":"post","link":"https:\/\/tucomarca.whitekongsoftware.com\/ca\/royal-global-clarinet-quartet-oferira-a-bunyol-un-concert-previ-al-congres-nacional-de-clarinetistas-despana\/","title":{"rendered":"Royal Global Clarinet Quartet oferir\u00e0 a Bunyol un concert previ al Congr\u00e9s Nacional de Clarinetistas d&#8217;Espa\u00f1a"},"content":{"rendered":"\n<h3 class=\"wp-block-heading\">Royal Global Clarinet Quartet oferir\u00e0 el pr\u00f2xim 27 d&#8217;octubre, a les 18,00 hores a la Sala Raga de Bunyol, un concert previ a la presentaci\u00f3 oficial d&#8217;aquesta prestigiosa marca en el Congr\u00e9s Nacional de Clarinetistas d&#8217;Espanya que se celebrar\u00e0 pr\u00f2ximament a C\u00f2rdova.<\/h3>\n\n\n<div class=\"wp-block-image\">\n<figure class=\"alignleft size-large is-resized\"><img loading=\"lazy\" decoding=\"async\" width=\"726\" height=\"1024\" src=\"https:\/\/www.tucomarca.com\/wordpress\/segunda\/wp-content\/uploads\/2024\/10\/RoyalGlobalclarinets-726x1024.jpg\" alt=\"\" class=\"wp-image-240149\" style=\"width:385px;height:auto\" srcset=\"https:\/\/tucomarca.whitekongsoftware.com\/wp-content\/uploads\/2024\/10\/RoyalGlobalclarinets-726x1024.jpg 726w, https:\/\/tucomarca.whitekongsoftware.com\/wp-content\/uploads\/2024\/10\/RoyalGlobalclarinets-213x300.jpg 213w, https:\/\/tucomarca.whitekongsoftware.com\/wp-content\/uploads\/2024\/10\/RoyalGlobalclarinets-768x1084.jpg 768w, https:\/\/tucomarca.whitekongsoftware.com\/wp-content\/uploads\/2024\/10\/RoyalGlobalclarinets.jpg 886w\" sizes=\"auto, (max-width: 726px) 100vw, 726px\" \/><\/figure>\n<\/div>\n\n\n<p class=\"wp-block-paragraph\">La marca Royal Global Clarinets es presentar\u00e0 oficialment davant la comunitat clarinetista en el Congr\u00e9s Nacional d&#8217;Espanya, que se celebrar\u00e0 de l&#8217;1 al 3 de novembre en el Conservatori Superior de C\u00f2rdova. Durant els tres dies de congr\u00e9s, la marca comptar\u00e0 amb un estand en el qual ser\u00e0 present l&#8217;equip complet, sota la direcci\u00f3 de Jos\u00e9 Sales, distribu\u00efdor europeu de la marca amb seu a Espanya, qui a m\u00e9s gestiona les delegacions oficials per a Espanya, Gr\u00e8cia i Portugal.<\/p>\n\n\n\n<p class=\"wp-block-paragraph\">Com a part de les activitats de l&#8217;esdeveniment, el Royal Global Clarinet Quartet, format pels m\u00fasics valencians Eduardo Carrascosa, Ismael Almenar, Alfredo Casanova i Jos\u00e9 Sales, oferir\u00e0 un concert de presentaci\u00f3. El quartet interpretar\u00e0 obres del repertori cl\u00e0ssic espanyol, aix\u00ed com peces compostes pel reconegut mestre Juan Bautista Meseguer, que seran estrenades durant el congr\u00e9s.<\/p>\n\n\n\n<p class=\"wp-block-paragraph\">Royal Global Clarinets, fundada a Boston en 2007, \u00e9s una marca artesanal de clarinets professionals, especialitzada en clarinets baixos, Sib i La, sent una de les marques m\u00e9s reconegudes a nivell mundial en la seua categoria.<\/p>\n","protected":false},"excerpt":{"rendered":"<div class=\"mh-excerpt\">Royal Global Clarinet Quartet oferir\u00e0 el pr\u00f2xim 27 d&#8217;octubre, a les 18,00 hores a la Sala Raga de Bunyol, un concert previ a la presentaci\u00f3 oficial d&#8217;aquesta prestigiosa marca en el Congr\u00e9s Nacional de Clarinetistas <a class=\"mh-excerpt-more\" href=\"https:\/\/tucomarca.whitekongsoftware.com\/ca\/royal-global-clarinet-quartet-oferira-a-bunyol-un-concert-previ-al-congres-nacional-de-clarinetistas-despana\/\" title=\"Royal Global Clarinet Quartet oferir\u00e0 a Bunyol un concert previ al Congr\u00e9s Nacional de Clarinetistas d&#8217;Espa\u00f1a\">[+] <\/a><\/div>\n","protected":false},"author":12,"featured_media":240153,"comment_status":"open","ping_status":"open","sticky":false,"template":"","format":"standard","meta":{"footnotes":""},"categories":[11019,10911,11005,10894,10912,11007,10896],"tags":[10913,10914,21378],"class_list":["post-240154","post","type-post","status-publish","format-standard","has-post-thumbnail","category-agenda-ca","category-bunol-ca","category-canal-musica","category-la-comarca-ca","category-la-hoya-ca","category-ocio-y-cultura-ca","category-seccion-ca","tag-bunol-ca","tag-la-hoya-de-bunol-chiva-ca","tag-royal-global-clarinet-quartet-ca"],"_links":{"self":[{"href":"https:\/\/tucomarca.whitekongsoftware.com\/ca\/wp-json\/wp\/v2\/posts\/240154","targetHints":{"allow":["GET"]}}],"collection":[{"href":"https:\/\/tucomarca.whitekongsoftware.com\/ca\/wp-json\/wp\/v2\/posts"}],"about":[{"href":"https:\/\/tucomarca.whitekongsoftware.com\/ca\/wp-json\/wp\/v2\/types\/post"}],"author":[{"embeddable":true,"href":"https:\/\/tucomarca.whitekongsoftware.com\/ca\/wp-json\/wp\/v2\/users\/12"}],"replies":[{"embeddable":true,"href":"https:\/\/tucomarca.whitekongsoftware.com\/ca\/wp-json\/wp\/v2\/comments?post=240154"}],"version-history":[{"count":0,"href":"https:\/\/tucomarca.whitekongsoftware.com\/ca\/wp-json\/wp\/v2\/posts\/240154\/revisions"}],"wp:featuredmedia":[{"embeddable":true,"href":"https:\/\/tucomarca.whitekongsoftware.com\/ca\/wp-json\/wp\/v2\/media\/240153"}],"wp:attachment":[{"href":"https:\/\/tucomarca.whitekongsoftware.com\/ca\/wp-json\/wp\/v2\/media?parent=240154"}],"wp:term":[{"taxonomy":"category","embeddable":true,"href":"https:\/\/tucomarca.whitekongsoftware.com\/ca\/wp-json\/wp\/v2\/categories?post=240154"},{"taxonomy":"post_tag","embeddable":true,"href":"https:\/\/tucomarca.whitekongsoftware.com\/ca\/wp-json\/wp\/v2\/tags?post=240154"}],"curies":[{"name":"wp","href":"https:\/\/api.w.org\/{rel}","templated":true}]}}