{"id":240083,"date":"2024-10-15T11:50:00","date_gmt":"2024-10-15T09:50:00","guid":{"rendered":"https:\/\/www.tucomarca.com\/wordpress\/segunda\/?p=240083"},"modified":"2024-10-15T14:30:10","modified_gmt":"2024-10-15T12:30:10","slug":"utiel-acull-una-trobada-sobre-les-dues-troballes-arqueologics-que-opten-a-convertir-se-en-el-vi-mes-antic-del-mon","status":"publish","type":"post","link":"https:\/\/tucomarca.whitekongsoftware.com\/ca\/utiel-acull-una-trobada-sobre-les-dues-troballes-arqueologics-que-opten-a-convertir-se-en-el-vi-mes-antic-del-mon\/","title":{"rendered":"Utiel acull una trobada sobre les dues troballes arqueol\u00f2gics que opten a convertir-se en el vi m\u00e9s antic del m\u00f3n"},"content":{"rendered":"\n<h3 class=\"wp-block-heading\">L&#8217;acte, de gran rellev\u00e0ncia hist\u00f2rica, se celebrar\u00e0 dijous que ve i dona la benvinguda a la nova seu de la Universitat de Val\u00e8ncia a Utiel.<\/h3>\n\n\n\n<p class=\"wp-block-paragraph\">El pr\u00f2xim 17 d&#8217;octubre, a les 18.00 hores, i coincidint amb la inauguraci\u00f3 oficial de la seu de la Universitat de Val\u00e8ncia a Utiel, es presentaran en la Sala d&#8217;actes de la Casa de Cultura d&#8217;Utiel (Carrer Cam\u00ed 1), les dues troballes arqueol\u00f2gics que opten a convertir-se en el vi m\u00e9s antic del m\u00f3n.<br>L&#8217;acte consistir\u00e0 en l&#8217;exposici\u00f3 per part dels arque\u00f2legs responsables de totes dues troballes, el de Pompeia (It\u00e0lia) i Carmona (Sevilla) dels resultats de les seues investigacions.<\/p>\n\n\n<div class=\"wp-block-image\">\n<figure class=\"alignleft size-large is-resized\"><img loading=\"lazy\" decoding=\"async\" width=\"768\" height=\"1024\" src=\"http:\/\/www.tucomarca.com\/wordpress\/segunda\/wp-content\/uploads\/2024\/10\/UrnavinoPompeya1-768x1024.jpg\" alt=\"\" class=\"wp-image-240076\" style=\"width:361px;height:auto\" srcset=\"https:\/\/tucomarca.whitekongsoftware.com\/wp-content\/uploads\/2024\/10\/UrnavinoPompeya1-768x1024.jpg 768w, https:\/\/tucomarca.whitekongsoftware.com\/wp-content\/uploads\/2024\/10\/UrnavinoPompeya1-225x300.jpg 225w, https:\/\/tucomarca.whitekongsoftware.com\/wp-content\/uploads\/2024\/10\/UrnavinoPompeya1.jpg 886w\" sizes=\"auto, (max-width: 768px) 100vw, 768px\" \/><\/figure>\n<\/div>\n\n\n<p class=\"wp-block-paragraph\">\u2018El vi trobat en la tomba de Marcus Venerius Secundio i de N\u00favia Amabilis en la necr\u00f2poli de Porta Sarno de Pompeia\u2019, a c\u00e0rrec de l&#8217;arque\u00f2leg valenci\u00e0 Lloren\u00e7 Alapont, director del projecte d&#8217;investigaci\u00f3 \u2018L&#8217;arqueologia de la mort a Pompeia\u2019 i en el qual col\u00b7labora un equip interdisciplinari d&#8217;investigadores i investigadors de la Universitat de Val\u00e8ncia, i \u2018Un vi per al m\u00e9s enll\u00e0. Rituals funeraris en el mausoleu rom\u00e0 de la c\/ Sevilla n\u00fam. 53 de Carmona (Sevilla, Espanya)\u2019 a c\u00e0rrec de Jacobo V\u00e1zquez, arque\u00f2leg i deg\u00e0 del Col\u00b7legi oficial de Doctors i Llicenciats de Sevilla i Huelva.<\/p>\n\n\n\n<p class=\"wp-block-paragraph\">Fins a l&#8217;any 2021 la comunitat cient\u00edfica internacional donava per fet que el vi l\u00edquid m\u00e9s antic del m\u00f3n era el de la famosa botella de vi d&#8217;Espira. Una botella de vi trobada en 1867 durant l&#8217;excavaci\u00f3 de la tomba d&#8217;un noble rom\u00e0 del segle IV, prop de la localitat d&#8217;Espira, en el que hui \u00e9s la regi\u00f3 de Ren\u00e0nia-Palatinat (Alemanya). La botella que no ha sigut oberta i el seu contingut no ha sigut analitzat ha sigut datada entre els anys 325 i 350 d. C. Les troballes de Carmona i Sevilla que es presentaran a Utiel modifiquen la titularitat del vi m\u00e9s antic del m\u00f3n.<\/p>\n\n\n\n<figure class=\"wp-block-image size-full is-resized\"><img loading=\"lazy\" decoding=\"async\" width=\"886\" height=\"958\" src=\"http:\/\/www.tucomarca.com\/wordpress\/segunda\/wp-content\/uploads\/2024\/10\/UrnaVinoCarmona.jpg\" alt=\"\" class=\"wp-image-240080\" style=\"width:816px;height:auto\" srcset=\"https:\/\/tucomarca.whitekongsoftware.com\/wp-content\/uploads\/2024\/10\/UrnaVinoCarmona.jpg 886w, https:\/\/tucomarca.whitekongsoftware.com\/wp-content\/uploads\/2024\/10\/UrnaVinoCarmona-277x300.jpg 277w, https:\/\/tucomarca.whitekongsoftware.com\/wp-content\/uploads\/2024\/10\/UrnaVinoCarmona-768x830.jpg 768w\" sizes=\"auto, (max-width: 886px) 100vw, 886px\" \/><\/figure>\n\n\n\n<p class=\"wp-block-paragraph\">La confer\u00e8ncia \u00e9s d&#8217;entrada lliure, i forma part del cicle de confer\u00e8ncies de la microcredencial universit\u00e0ria \u2018La cultura del vi: hist\u00f2ria i patrimoni\u2019 que s&#8217;impartir\u00e0 a Utiel del 24 d&#8217;octubre al 5 de desembre.<\/p>\n\n\n\n<p class=\"wp-block-paragraph\"><strong>Microcredencials de la Universitat de Val\u00e8ncia a Utiel<\/strong><\/p>\n\n\n\n<p class=\"wp-block-paragraph\">Aquesta formaci\u00f3 de microcredencials que permet l&#8217;obtenci\u00f3 de certificacions oficials universit\u00e0ries a trav\u00e9s de cursos de curta duraci\u00f3 (30 hores) \u00e9s un dels aspectes m\u00e9s atractius del programa de formaci\u00f3 universit\u00e0ria en comarques de l&#8217;interior valencianes oferit per la UV, finan\u00e7at per l&#8217;\u00e0rea de Benestar Social de la Diputaci\u00f3 de Val\u00e8ncia (Programa FUCIV) i gestionat per la Fundaci\u00f3 General de la UV, respon a la iniciativa de la Uni\u00f3 Europea per a promoure la formaci\u00f3 al llarg de la vida amb qualitat universit\u00e0ria.<\/p>\n\n\n\n<p class=\"wp-block-paragraph\">A m\u00e9s, aquesta capacitaci\u00f3 t\u00e9 un car\u00e0cter acumulatiu, ja que poden donar lloc a altres t\u00edtols formatius superiors. Aquesta xarrada, aix\u00ed com el programa de microcredencials, ha sigut possible gr\u00e0cies a la col\u00b7laboraci\u00f3 d&#8217;\u00c0rea de Benestar Social i Inclusi\u00f3 Social i Salut P\u00fablica de la Diputaci\u00f3 de Val\u00e8ncia i a Caixa Popular.<\/p>\n\n\n\n<p class=\"wp-block-paragraph\">La matr\u00edcula per al programa de Formaci\u00f3 Universit\u00e0ria en Comarques de l&#8217;Interior Valencianes (FUCIV) pot realitzar-se en el seg\u00fcent enllace http:\/\/www.uv.es\/fgweb\/microcredencials.<\/p>\n","protected":false},"excerpt":{"rendered":"<div class=\"mh-excerpt\">L&#8217;acte, de gran rellev\u00e0ncia hist\u00f2rica, se celebrar\u00e0 dijous que ve i dona la benvinguda a la nova seu de la Universitat de Val\u00e8ncia a Utiel. El pr\u00f2xim 17 d&#8217;octubre, a les 18.00 hores, i coincidint <a class=\"mh-excerpt-more\" href=\"https:\/\/tucomarca.whitekongsoftware.com\/ca\/utiel-acull-una-trobada-sobre-les-dues-troballes-arqueologics-que-opten-a-convertir-se-en-el-vi-mes-antic-del-mon\/\" title=\"Utiel acull una trobada sobre les dues troballes arqueol\u00f2gics que opten a convertir-se en el vi m\u00e9s antic del m\u00f3n\">[+] <\/a><\/div>\n","protected":false},"author":12,"featured_media":240079,"comment_status":"open","ping_status":"open","sticky":false,"template":"","format":"standard","meta":{"footnotes":""},"categories":[11019,10894,11007,10909,10896,11059],"tags":[10910,12457,11174],"class_list":["post-240083","post","type-post","status-publish","format-standard","has-post-thumbnail","category-agenda-ca","category-la-comarca-ca","category-ocio-y-cultura-ca","category-requena-utiel-ca","category-seccion-ca","category-utiel-ca","tag-requena-utiel-ca","tag-universitat-de-valencia-ca","tag-utiel-ca"],"_links":{"self":[{"href":"https:\/\/tucomarca.whitekongsoftware.com\/ca\/wp-json\/wp\/v2\/posts\/240083","targetHints":{"allow":["GET"]}}],"collection":[{"href":"https:\/\/tucomarca.whitekongsoftware.com\/ca\/wp-json\/wp\/v2\/posts"}],"about":[{"href":"https:\/\/tucomarca.whitekongsoftware.com\/ca\/wp-json\/wp\/v2\/types\/post"}],"author":[{"embeddable":true,"href":"https:\/\/tucomarca.whitekongsoftware.com\/ca\/wp-json\/wp\/v2\/users\/12"}],"replies":[{"embeddable":true,"href":"https:\/\/tucomarca.whitekongsoftware.com\/ca\/wp-json\/wp\/v2\/comments?post=240083"}],"version-history":[{"count":0,"href":"https:\/\/tucomarca.whitekongsoftware.com\/ca\/wp-json\/wp\/v2\/posts\/240083\/revisions"}],"wp:featuredmedia":[{"embeddable":true,"href":"https:\/\/tucomarca.whitekongsoftware.com\/ca\/wp-json\/wp\/v2\/media\/240079"}],"wp:attachment":[{"href":"https:\/\/tucomarca.whitekongsoftware.com\/ca\/wp-json\/wp\/v2\/media?parent=240083"}],"wp:term":[{"taxonomy":"category","embeddable":true,"href":"https:\/\/tucomarca.whitekongsoftware.com\/ca\/wp-json\/wp\/v2\/categories?post=240083"},{"taxonomy":"post_tag","embeddable":true,"href":"https:\/\/tucomarca.whitekongsoftware.com\/ca\/wp-json\/wp\/v2\/tags?post=240083"}],"curies":[{"name":"wp","href":"https:\/\/api.w.org\/{rel}","templated":true}]}}