{"id":240072,"date":"2024-10-15T11:00:00","date_gmt":"2024-10-15T09:00:00","guid":{"rendered":"https:\/\/www.tucomarca.com\/wordpress\/segunda\/?p=240072"},"modified":"2024-10-15T14:17:39","modified_gmt":"2024-10-15T12:17:39","slug":"fotogaleria-xiva-turis-i-godelleta-festegen-la-verge-del-pilar-patrona-de-la-guardia-civil","status":"publish","type":"post","link":"https:\/\/tucomarca.whitekongsoftware.com\/ca\/fotogaleria-xiva-turis-i-godelleta-festegen-la-verge-del-pilar-patrona-de-la-guardia-civil\/","title":{"rendered":"Fotogaler\u00eda: Xiva, Tur\u00eds i Godelleta festegen la Verge del Pilar, patrona de la Gu\u00e0rdia Civil"},"content":{"rendered":"\n<p class=\"wp-block-paragraph\">Aquest 12 d&#8217;octubre, els municipis de Xiva, Tur\u00eds i Godelleta es van unir per a celebrar la festivitat de la Verge del Pilar, patrona de la Gu\u00e0rdia Civil. A Xiva, la jornada va comen\u00e7ar amb una missa presidida per l&#8217;alcaldessa Amparo Fort, en companyia dels membres del destacament local de la Gu\u00e0rdia Civil. A la nit, es va realitzar un tradicional sopar i un espectacle al carrer El Pilar, amb l&#8217;actuaci\u00f3 de la cantant de Godelleta, Noelia Zan\u00f3n.<\/p>\n\n\n\n<p class=\"wp-block-paragraph\">L&#8217;alcaldessa de Xiva va agrair la col\u00b7laboraci\u00f3 de la Clavaria de setembre de 2025 i la Clavaria de la Costa 2024, aix\u00ed com de tots els participants que van fer possible la celebraci\u00f3.<\/p>\n\n\n\n<p class=\"wp-block-paragraph\">L&#8217;alcalde de Tur\u00eds, Ismael Corell, tamb\u00e9 va ser convidat a participar en els actes, destacant l&#8217;honor d&#8217;unir-se a la commemoraci\u00f3 en reconeixement als serveis de la Gu\u00e0rdia Civil i a la missa en honor a la Verge del Pilar.<\/p>\n\n\n\n<p class=\"wp-block-paragraph\">En representaci\u00f3 de Godelleta, l&#8217;alcaldessa M\u00aa Amparo Pardo va participar en l&#8217;emotiu homenatge, destacant els valors que la Verge del Pilar simbolitza per a la comunitat, inspirant esperan\u00e7a i protecci\u00f3. A m\u00e9s, es va rendir un especial homenatge a la Gu\u00e0rdia Civil de Xiva, per la seua dedicaci\u00f3 en la protecci\u00f3 i seguretat de la ciutadania.<\/p>\n\n\n\n<p class=\"wp-block-paragraph\">La celebraci\u00f3 va ser un recordatori de la import\u00e0ncia de mantindre vives les tradicions i els valors que uneixen als pobles.<\/p>\n\n\n\n<figure class=\"wp-block-gallery has-nested-images columns-1 is-cropped wp-block-gallery-1 is-layout-flex wp-block-gallery-is-layout-flex\">\n<figure class=\"wp-block-image size-large\"><img loading=\"lazy\" decoding=\"async\" width=\"1024\" height=\"536\" data-id=\"240054\" src=\"https:\/\/www.tucomarca.com\/wordpress\/segunda\/wp-content\/uploads\/2024\/10\/GuardiaCivil_Chiva02-1024x536.jpg\" alt=\"\" class=\"wp-image-240054\" srcset=\"https:\/\/tucomarca.whitekongsoftware.com\/wp-content\/uploads\/2024\/10\/GuardiaCivil_Chiva02-1024x536.jpg 1024w, https:\/\/tucomarca.whitekongsoftware.com\/wp-content\/uploads\/2024\/10\/GuardiaCivil_Chiva02-300x157.jpg 300w, https:\/\/tucomarca.whitekongsoftware.com\/wp-content\/uploads\/2024\/10\/GuardiaCivil_Chiva02-768x402.jpg 768w, https:\/\/tucomarca.whitekongsoftware.com\/wp-content\/uploads\/2024\/10\/GuardiaCivil_Chiva02.jpg 1079w\" sizes=\"auto, (max-width: 1024px) 100vw, 1024px\" \/><\/figure>\n\n\n\n<figure class=\"wp-block-image size-large\"><img loading=\"lazy\" decoding=\"async\" width=\"1024\" height=\"536\" data-id=\"240062\" src=\"https:\/\/www.tucomarca.com\/wordpress\/segunda\/wp-content\/uploads\/2024\/10\/GuardiaCivil_Chiva06-1024x536.jpg\" alt=\"\" class=\"wp-image-240062\" srcset=\"https:\/\/tucomarca.whitekongsoftware.com\/wp-content\/uploads\/2024\/10\/GuardiaCivil_Chiva06-1024x536.jpg 1024w, https:\/\/tucomarca.whitekongsoftware.com\/wp-content\/uploads\/2024\/10\/GuardiaCivil_Chiva06-300x157.jpg 300w, https:\/\/tucomarca.whitekongsoftware.com\/wp-content\/uploads\/2024\/10\/GuardiaCivil_Chiva06-768x402.jpg 768w, https:\/\/tucomarca.whitekongsoftware.com\/wp-content\/uploads\/2024\/10\/GuardiaCivil_Chiva06.jpg 1080w\" sizes=\"auto, (max-width: 1024px) 100vw, 1024px\" \/><\/figure>\n\n\n\n<figure class=\"wp-block-image size-large\"><img loading=\"lazy\" decoding=\"async\" width=\"1024\" height=\"536\" data-id=\"240056\" src=\"https:\/\/www.tucomarca.com\/wordpress\/segunda\/wp-content\/uploads\/2024\/10\/GuardiaCivil_Chiva03-1024x536.jpg\" alt=\"\" class=\"wp-image-240056\" srcset=\"https:\/\/tucomarca.whitekongsoftware.com\/wp-content\/uploads\/2024\/10\/GuardiaCivil_Chiva03-1024x536.jpg 1024w, https:\/\/tucomarca.whitekongsoftware.com\/wp-content\/uploads\/2024\/10\/GuardiaCivil_Chiva03-300x157.jpg 300w, https:\/\/tucomarca.whitekongsoftware.com\/wp-content\/uploads\/2024\/10\/GuardiaCivil_Chiva03-768x402.jpg 768w, https:\/\/tucomarca.whitekongsoftware.com\/wp-content\/uploads\/2024\/10\/GuardiaCivil_Chiva03.jpg 1079w\" sizes=\"auto, (max-width: 1024px) 100vw, 1024px\" \/><\/figure>\n\n\n\n<figure class=\"wp-block-image size-large\"><img loading=\"lazy\" decoding=\"async\" width=\"1024\" height=\"537\" data-id=\"240064\" src=\"https:\/\/www.tucomarca.com\/wordpress\/segunda\/wp-content\/uploads\/2024\/10\/GuardiaCivil_Chiva07-1024x537.jpg\" alt=\"\" class=\"wp-image-240064\" srcset=\"https:\/\/tucomarca.whitekongsoftware.com\/wp-content\/uploads\/2024\/10\/GuardiaCivil_Chiva07-1024x537.jpg 1024w, https:\/\/tucomarca.whitekongsoftware.com\/wp-content\/uploads\/2024\/10\/GuardiaCivil_Chiva07-300x157.jpg 300w, https:\/\/tucomarca.whitekongsoftware.com\/wp-content\/uploads\/2024\/10\/GuardiaCivil_Chiva07-768x402.jpg 768w, https:\/\/tucomarca.whitekongsoftware.com\/wp-content\/uploads\/2024\/10\/GuardiaCivil_Chiva07-1536x805.jpg 1536w, https:\/\/tucomarca.whitekongsoftware.com\/wp-content\/uploads\/2024\/10\/GuardiaCivil_Chiva07.jpg 2048w\" sizes=\"auto, (max-width: 1024px) 100vw, 1024px\" \/><\/figure>\n\n\n\n<figure class=\"wp-block-image size-large\"><img loading=\"lazy\" decoding=\"async\" width=\"753\" height=\"565\" data-id=\"240052\" src=\"https:\/\/www.tucomarca.com\/wordpress\/segunda\/wp-content\/uploads\/2024\/10\/GuardiaCivil_Chiva01.jpg\" alt=\"\" class=\"wp-image-240052\" srcset=\"https:\/\/tucomarca.whitekongsoftware.com\/wp-content\/uploads\/2024\/10\/GuardiaCivil_Chiva01.jpg 753w, https:\/\/tucomarca.whitekongsoftware.com\/wp-content\/uploads\/2024\/10\/GuardiaCivil_Chiva01-300x225.jpg 300w, https:\/\/tucomarca.whitekongsoftware.com\/wp-content\/uploads\/2024\/10\/GuardiaCivil_Chiva01-678x509.jpg 678w, https:\/\/tucomarca.whitekongsoftware.com\/wp-content\/uploads\/2024\/10\/GuardiaCivil_Chiva01-326x245.jpg 326w, https:\/\/tucomarca.whitekongsoftware.com\/wp-content\/uploads\/2024\/10\/GuardiaCivil_Chiva01-80x60.jpg 80w\" sizes=\"auto, (max-width: 753px) 100vw, 753px\" \/><\/figure>\n\n\n\n<figure class=\"wp-block-image size-large\"><img loading=\"lazy\" decoding=\"async\" width=\"848\" height=\"565\" data-id=\"240058\" src=\"https:\/\/www.tucomarca.com\/wordpress\/segunda\/wp-content\/uploads\/2024\/10\/GuardiaCivil_Chiva04.jpg\" alt=\"\" class=\"wp-image-240058\" srcset=\"https:\/\/tucomarca.whitekongsoftware.com\/wp-content\/uploads\/2024\/10\/GuardiaCivil_Chiva04.jpg 848w, https:\/\/tucomarca.whitekongsoftware.com\/wp-content\/uploads\/2024\/10\/GuardiaCivil_Chiva04-300x200.jpg 300w, https:\/\/tucomarca.whitekongsoftware.com\/wp-content\/uploads\/2024\/10\/GuardiaCivil_Chiva04-768x512.jpg 768w\" sizes=\"auto, (max-width: 848px) 100vw, 848px\" \/><\/figure>\n\n\n\n<figure class=\"wp-block-image size-large\"><img loading=\"lazy\" decoding=\"async\" width=\"848\" height=\"565\" data-id=\"240066\" src=\"https:\/\/www.tucomarca.com\/wordpress\/segunda\/wp-content\/uploads\/2024\/10\/GuardiaCivil_Chiva08.jpg\" alt=\"\" class=\"wp-image-240066\" srcset=\"https:\/\/tucomarca.whitekongsoftware.com\/wp-content\/uploads\/2024\/10\/GuardiaCivil_Chiva08.jpg 848w, https:\/\/tucomarca.whitekongsoftware.com\/wp-content\/uploads\/2024\/10\/GuardiaCivil_Chiva08-300x200.jpg 300w, https:\/\/tucomarca.whitekongsoftware.com\/wp-content\/uploads\/2024\/10\/GuardiaCivil_Chiva08-768x512.jpg 768w\" sizes=\"auto, (max-width: 848px) 100vw, 848px\" \/><\/figure>\n\n\n\n<figure class=\"wp-block-image size-large\"><img loading=\"lazy\" decoding=\"async\" width=\"1024\" height=\"537\" data-id=\"240068\" src=\"https:\/\/www.tucomarca.com\/wordpress\/segunda\/wp-content\/uploads\/2024\/10\/GuardiaCivil_Chiva09-1024x537.jpg\" alt=\"\" class=\"wp-image-240068\" srcset=\"https:\/\/tucomarca.whitekongsoftware.com\/wp-content\/uploads\/2024\/10\/GuardiaCivil_Chiva09-1024x537.jpg 1024w, https:\/\/tucomarca.whitekongsoftware.com\/wp-content\/uploads\/2024\/10\/GuardiaCivil_Chiva09-300x157.jpg 300w, https:\/\/tucomarca.whitekongsoftware.com\/wp-content\/uploads\/2024\/10\/GuardiaCivil_Chiva09-768x402.jpg 768w, https:\/\/tucomarca.whitekongsoftware.com\/wp-content\/uploads\/2024\/10\/GuardiaCivil_Chiva09.jpg 1399w\" sizes=\"auto, (max-width: 1024px) 100vw, 1024px\" \/><\/figure>\n<\/figure>\n","protected":false},"excerpt":{"rendered":"<div class=\"mh-excerpt\">Aquest 12 d&#8217;octubre, els municipis de Xiva, Tur\u00eds i Godelleta es van unir per a celebrar la festivitat de la Verge del Pilar, patrona de la Gu\u00e0rdia Civil. A Xiva, la jornada va comen\u00e7ar amb <a class=\"mh-excerpt-more\" href=\"https:\/\/tucomarca.whitekongsoftware.com\/ca\/fotogaleria-xiva-turis-i-godelleta-festegen-la-verge-del-pilar-patrona-de-la-guardia-civil\/\" title=\"Fotogaler\u00eda: Xiva, Tur\u00eds i Godelleta festegen la Verge del Pilar, patrona de la Gu\u00e0rdia Civil\">[+] <\/a><\/div>\n","protected":false},"author":12,"featured_media":240061,"comment_status":"open","ping_status":"open","sticky":false,"template":"","format":"gallery","meta":{"footnotes":""},"categories":[10898,10977,10894,10912,10902,11007,10896,11047,10975],"tags":[11195,11087,13582,10914,11093],"class_list":["post-240072","post","type-post","status-publish","format-gallery","has-post-thumbnail","category-ventana-ca","category-godelleta-ca","category-la-comarca-ca","category-la-hoya-ca","category-la-ribera-ca","category-ocio-y-cultura-ca","category-seccion-ca","category-turis-ca","category-chiva-ca","tag-chiva-ca","tag-godelleta-ca","tag-guardia-civil-de-chiva-ca","tag-la-hoya-de-bunol-chiva-ca","tag-turis-ca","post_format-post-format-gallery"],"_links":{"self":[{"href":"https:\/\/tucomarca.whitekongsoftware.com\/ca\/wp-json\/wp\/v2\/posts\/240072","targetHints":{"allow":["GET"]}}],"collection":[{"href":"https:\/\/tucomarca.whitekongsoftware.com\/ca\/wp-json\/wp\/v2\/posts"}],"about":[{"href":"https:\/\/tucomarca.whitekongsoftware.com\/ca\/wp-json\/wp\/v2\/types\/post"}],"author":[{"embeddable":true,"href":"https:\/\/tucomarca.whitekongsoftware.com\/ca\/wp-json\/wp\/v2\/users\/12"}],"replies":[{"embeddable":true,"href":"https:\/\/tucomarca.whitekongsoftware.com\/ca\/wp-json\/wp\/v2\/comments?post=240072"}],"version-history":[{"count":0,"href":"https:\/\/tucomarca.whitekongsoftware.com\/ca\/wp-json\/wp\/v2\/posts\/240072\/revisions"}],"wp:featuredmedia":[{"embeddable":true,"href":"https:\/\/tucomarca.whitekongsoftware.com\/ca\/wp-json\/wp\/v2\/media\/240061"}],"wp:attachment":[{"href":"https:\/\/tucomarca.whitekongsoftware.com\/ca\/wp-json\/wp\/v2\/media?parent=240072"}],"wp:term":[{"taxonomy":"category","embeddable":true,"href":"https:\/\/tucomarca.whitekongsoftware.com\/ca\/wp-json\/wp\/v2\/categories?post=240072"},{"taxonomy":"post_tag","embeddable":true,"href":"https:\/\/tucomarca.whitekongsoftware.com\/ca\/wp-json\/wp\/v2\/tags?post=240072"}],"curies":[{"name":"wp","href":"https:\/\/api.w.org\/{rel}","templated":true}]}}