{"id":239997,"date":"2024-10-14T13:15:00","date_gmt":"2024-10-14T11:15:00","guid":{"rendered":"https:\/\/www.tucomarca.com\/wordpress\/segunda\/?p=239997"},"modified":"2024-10-14T23:08:46","modified_gmt":"2024-10-14T21:08:46","slug":"estudiants-de-benaguasil-visiten-les-institucions-europees-a-brusselles","status":"publish","type":"post","link":"https:\/\/tucomarca.whitekongsoftware.com\/ca\/estudiants-de-benaguasil-visiten-les-institucions-europees-a-brusselles\/","title":{"rendered":"Estudiants de Benaguasil visiten les institucions europees a Brussel\u00b7les"},"content":{"rendered":"\n<h3 class=\"wp-block-heading\">Es tracta de la culminaci\u00f3 del projecte Yepic, finan\u00e7at amb fons europeus, que t\u00e9 com a objectiu fomentar la participaci\u00f3 juvenil en la vida pol\u00edtica.<\/h3>\n\n\n\n<p class=\"wp-block-paragraph\">Un total de 10 joves d&#8217;entre 14 i 16 anys de l&#8217;equip de mediaci\u00f3 de l&#8217;IES Benaguasil Sostenible han viatjat a Brussel\u00b7les per a con\u00e9ixer les institucions europees i les oportunitats de formaci\u00f3 i ocupaci\u00f3 en la capital belga.<\/p>\n\n\n\n<p class=\"wp-block-paragraph\">Els estudiants, triats d&#8217;entre els 50 participants del projecte Yepic (Youth Engagement in European Affairs), han anat acompanyats per la regidor implicada en les jornades formatives del projecte, Ana Aleixandre, i per la professora de mediaci\u00f3 Carmen Desco.<\/p>\n\n\n\n<p class=\"wp-block-paragraph\">La delegaci\u00f3 ha visitat diferents institucions com el Parlamantarium i la Casa de la Hist\u00f2ria Europea, una instituci\u00f3 cultural i museu amb una exposici\u00f3 permanent, per a con\u00e9ixer millor la hist\u00f2ria i la integraci\u00f3 europees. Aix\u00ed mateix els joves han realitzat un tour guiat pel Parlament Europeu on un funcionari espanyol els ha explicat els aspectes m\u00e9s rellevants sobre el funcionament d&#8217;aquesta instituci\u00f3 i la labor dels funcionaris que treballen en ella; i han assistit a la Representaci\u00f3 Permanent d&#8217;Espanya davant la Uni\u00f3 Europea on s&#8217;han reunit amb la consellera d&#8217;Educaci\u00f3, M\u00aa \u00c1ngeles Mu\u00f1oz, amb qui han tingut oportunitat de con\u00e9ixer la labor que desenvolupa i xarrar sobre formaci\u00f3.<\/p>\n\n\n\n<p class=\"wp-block-paragraph\">L&#8217;estada dels joves a Brussel\u00b7les tamb\u00e9 ha incl\u00f2s una xarrada en les oficines de FINNOVA en la qual els han explicat els programes de mobilitat existents, a m\u00e9s de les oportunitats de formaci\u00f3 i ocupabilitat que ofereix la Uni\u00f3 Europea per a la joventut.<\/p>\n\n\n\n<p class=\"wp-block-paragraph\">Aquesta visita est\u00e0 enquadrada dins del projecte europeu Yepic, una iniciativa liderada per l&#8217;Ajuntament de Benaguasil i finan\u00e7ada pel INJUVE a trav\u00e9s del programa ERASMUS+, dins de l&#8217;acci\u00f3 \u201cActivitats de Participaci\u00f3 Juvenil\u201d, que t\u00e9 com a objectiu acostar i formar als joves en assumptes europeus.<\/p>\n\n\n\n<figure class=\"wp-block-gallery has-nested-images columns-2 is-cropped wp-block-gallery-1 is-layout-flex wp-block-gallery-is-layout-flex\">\n<figure class=\"wp-block-image size-large\"><img loading=\"lazy\" decoding=\"async\" width=\"886\" height=\"665\" data-id=\"239990\" src=\"https:\/\/www.tucomarca.com\/wordpress\/segunda\/wp-content\/uploads\/2024\/10\/BenaguasilBruselas2.jpg\" alt=\"\" class=\"wp-image-239990\" srcset=\"https:\/\/tucomarca.whitekongsoftware.com\/wp-content\/uploads\/2024\/10\/BenaguasilBruselas2.jpg 886w, https:\/\/tucomarca.whitekongsoftware.com\/wp-content\/uploads\/2024\/10\/BenaguasilBruselas2-300x225.jpg 300w, https:\/\/tucomarca.whitekongsoftware.com\/wp-content\/uploads\/2024\/10\/BenaguasilBruselas2-768x576.jpg 768w, https:\/\/tucomarca.whitekongsoftware.com\/wp-content\/uploads\/2024\/10\/BenaguasilBruselas2-678x509.jpg 678w, https:\/\/tucomarca.whitekongsoftware.com\/wp-content\/uploads\/2024\/10\/BenaguasilBruselas2-326x245.jpg 326w, https:\/\/tucomarca.whitekongsoftware.com\/wp-content\/uploads\/2024\/10\/BenaguasilBruselas2-80x60.jpg 80w\" sizes=\"auto, (max-width: 886px) 100vw, 886px\" \/><\/figure>\n\n\n\n<figure class=\"wp-block-image size-large\"><img loading=\"lazy\" decoding=\"async\" width=\"886\" height=\"727\" data-id=\"239992\" src=\"https:\/\/www.tucomarca.com\/wordpress\/segunda\/wp-content\/uploads\/2024\/10\/BenaguasilBruselas3.jpg\" alt=\"\" class=\"wp-image-239992\" srcset=\"https:\/\/tucomarca.whitekongsoftware.com\/wp-content\/uploads\/2024\/10\/BenaguasilBruselas3.jpg 886w, https:\/\/tucomarca.whitekongsoftware.com\/wp-content\/uploads\/2024\/10\/BenaguasilBruselas3-300x246.jpg 300w, https:\/\/tucomarca.whitekongsoftware.com\/wp-content\/uploads\/2024\/10\/BenaguasilBruselas3-768x630.jpg 768w\" sizes=\"auto, (max-width: 886px) 100vw, 886px\" \/><\/figure>\n\n\n\n<figure class=\"wp-block-image size-large\"><img loading=\"lazy\" decoding=\"async\" width=\"886\" height=\"588\" data-id=\"239994\" src=\"https:\/\/www.tucomarca.com\/wordpress\/segunda\/wp-content\/uploads\/2024\/10\/BenaguasilBruselas4.jpg\" alt=\"\" class=\"wp-image-239994\" srcset=\"https:\/\/tucomarca.whitekongsoftware.com\/wp-content\/uploads\/2024\/10\/BenaguasilBruselas4.jpg 886w, https:\/\/tucomarca.whitekongsoftware.com\/wp-content\/uploads\/2024\/10\/BenaguasilBruselas4-300x199.jpg 300w, https:\/\/tucomarca.whitekongsoftware.com\/wp-content\/uploads\/2024\/10\/BenaguasilBruselas4-768x510.jpg 768w\" sizes=\"auto, (max-width: 886px) 100vw, 886px\" \/><\/figure>\n<\/figure>\n","protected":false},"excerpt":{"rendered":"<div class=\"mh-excerpt\">Es tracta de la culminaci\u00f3 del projecte Yepic, finan\u00e7at amb fons europeus, que t\u00e9 com a objectiu fomentar la participaci\u00f3 juvenil en la vida pol\u00edtica. Un total de 10 joves d&#8217;entre 14 i 16 anys <a class=\"mh-excerpt-more\" href=\"https:\/\/tucomarca.whitekongsoftware.com\/ca\/estudiants-de-benaguasil-visiten-les-institucions-europees-a-brusselles\/\" title=\"Estudiants de Benaguasil visiten les institucions europees a Brussel\u00b7les\">[+] <\/a><\/div>\n","protected":false},"author":12,"featured_media":239989,"comment_status":"open","ping_status":"open","sticky":false,"template":"","format":"gallery","meta":{"footnotes":""},"categories":[10952,10892,10894,11007,10947,10896],"tags":[11136,10899,21370,20448],"class_list":["post-239997","post","type-post","status-publish","format-gallery","has-post-thumbnail","category-benaguasil-ca","category-camp-de-turia-ca","category-la-comarca-ca","category-ocio-y-cultura-ca","category-politica","category-seccion-ca","tag-benaguasil-ca","tag-camp-de-turia-ca","tag-programa-erasmus-ca","tag-proyecto-yepic-ca","post_format-post-format-gallery"],"_links":{"self":[{"href":"https:\/\/tucomarca.whitekongsoftware.com\/ca\/wp-json\/wp\/v2\/posts\/239997","targetHints":{"allow":["GET"]}}],"collection":[{"href":"https:\/\/tucomarca.whitekongsoftware.com\/ca\/wp-json\/wp\/v2\/posts"}],"about":[{"href":"https:\/\/tucomarca.whitekongsoftware.com\/ca\/wp-json\/wp\/v2\/types\/post"}],"author":[{"embeddable":true,"href":"https:\/\/tucomarca.whitekongsoftware.com\/ca\/wp-json\/wp\/v2\/users\/12"}],"replies":[{"embeddable":true,"href":"https:\/\/tucomarca.whitekongsoftware.com\/ca\/wp-json\/wp\/v2\/comments?post=239997"}],"version-history":[{"count":0,"href":"https:\/\/tucomarca.whitekongsoftware.com\/ca\/wp-json\/wp\/v2\/posts\/239997\/revisions"}],"wp:featuredmedia":[{"embeddable":true,"href":"https:\/\/tucomarca.whitekongsoftware.com\/ca\/wp-json\/wp\/v2\/media\/239989"}],"wp:attachment":[{"href":"https:\/\/tucomarca.whitekongsoftware.com\/ca\/wp-json\/wp\/v2\/media?parent=239997"}],"wp:term":[{"taxonomy":"category","embeddable":true,"href":"https:\/\/tucomarca.whitekongsoftware.com\/ca\/wp-json\/wp\/v2\/categories?post=239997"},{"taxonomy":"post_tag","embeddable":true,"href":"https:\/\/tucomarca.whitekongsoftware.com\/ca\/wp-json\/wp\/v2\/tags?post=239997"}],"curies":[{"name":"wp","href":"https:\/\/api.w.org\/{rel}","templated":true}]}}