{"id":239935,"date":"2024-10-14T10:00:00","date_gmt":"2024-10-14T08:00:00","guid":{"rendered":"https:\/\/www.tucomarca.com\/wordpress\/segunda\/?p=239935"},"modified":"2024-10-14T19:57:11","modified_gmt":"2024-10-14T17:57:11","slug":"gran-acolliment-de-la-presentacio-del-llibre-croniques-de-xest","status":"publish","type":"post","link":"https:\/\/tucomarca.whitekongsoftware.com\/ca\/gran-acolliment-de-la-presentacio-del-llibre-croniques-de-xest\/","title":{"rendered":"Gran acolliment de la presentaci\u00f3 del llibre Cr\u00f2niques de Xest"},"content":{"rendered":"\n<p class=\"wp-block-paragraph\">M\u00e9s de 300 persones van omplir el sal\u00f3 de la Fundaci\u00f3 cajacheste divendres passat, 11 d&#8217;octubre, amb motiu de la presentaci\u00f3 del llibre Cr\u00f2niques de Xest, una recopilaci\u00f3 dels textos hist\u00f2rics escrits per Miguel Vicente Cort\u00e9s Navarro (1946-2012) que la seua fam\u00edlia ha editat recentment.<\/p>\n\n\n\n<p class=\"wp-block-paragraph\">L&#8217;acte va comptar amb la participaci\u00f3 de Lucas Ferrando Zapater, com a moderador; de Jos\u00e9 Morell Roser, alcalde de Xest; Don Fernando Goig i Garrigues, XXIII Bar\u00f3 de Xest al Camp i escriptor del pr\u00f2leg de Cr\u00f2niques de Xest; Paz Navarro Garc\u00eda, directora de l&#8217;editorial Sargantana, responsable de la publicaci\u00f3; i Consuelo L\u00f3pez Cort\u00e9s, esposa de Miguel Vicente Cort\u00e9s Navarro i coautora de l&#8217;obra.<\/p>\n\n\n\n<p class=\"wp-block-paragraph\">\u201cMiguel Vicente Cort\u00e9s Navarro va estar m\u00e9s de deu anys recopilant informaci\u00f3 per a portar avant aquest interessant projecte d&#8217;investigaci\u00f3 al qual va dedicar moltes hores, molt d&#8217;esfor\u00e7 i una gran passi\u00f3. Un projecte que s&#8217;ha materialitzat en un llibre, Cr\u00f2niques de Xest, gr\u00e0cies a la seua esposa Consuelo i als seus fills Ignacio i Alejandro, i a la col\u00b7laboraci\u00f3 de l&#8217;Ajuntament de Xest. Aquest llegat tan valu\u00f3s no podia perdre&#8217;s, per aix\u00f2 la seua fam\u00edlia ha volgut compartir-lo amb tots nosaltres\u201d, explicava Ferrando, per a introduir l&#8217;acte. \u201cPer a real\u00e7ar m\u00e9s encara l&#8217;esdeveniment de hui, a m\u00e9s de comptar amb nombroses autoritats, entre alcaldes, regidors i representants de diferents entitats, es troben entre nosaltres l&#8217;Il\u00b7lustr\u00edssim Senyor Don Fernando Goig i Garrigues, XXIII Bar\u00f3 de Xest; l&#8217;Il\u00b7lustr\u00edssim Senyor Don \u00c1lvaro Goig i Garrigues, XIII Bar\u00f3 de Montitxelvo; l&#8217;Excel\u00b7lent\u00edssima Senyora Do\u00f1a Marta Goig i Garrigues, X Marquesa de la Vega de Val\u00e8ncia; i l&#8217;Excel\u00b7lent\u00edssima Senyora Do\u00f1a Marta Garrigues i Mercader, XII Marquesa de Malferit; \u00e9s un gran honor per a tots els chestanos, ja que els seus familiars directes han estat lligats durant segles a la hist\u00f2ria del nostre poble\u201d. Despr\u00e9s de les paraules de benvinguda, el moderador va donar pas a la projecci\u00f3 de fotografies de Miguel Vicente Cort\u00e9s Navarro, a mode de semblan\u00e7a de la vida d&#8217;autor.<\/p>\n\n\n\n<figure class=\"wp-block-gallery has-nested-images columns-2 is-cropped wp-block-gallery-1 is-layout-flex wp-block-gallery-is-layout-flex\">\n<figure class=\"wp-block-image size-large\"><img loading=\"lazy\" decoding=\"async\" width=\"886\" height=\"504\" data-id=\"239928\" src=\"https:\/\/www.tucomarca.com\/wordpress\/segunda\/wp-content\/uploads\/2024\/10\/CronicasCheste_1.jpg\" alt=\"\" class=\"wp-image-239928\" srcset=\"https:\/\/tucomarca.whitekongsoftware.com\/wp-content\/uploads\/2024\/10\/CronicasCheste_1.jpg 886w, https:\/\/tucomarca.whitekongsoftware.com\/wp-content\/uploads\/2024\/10\/CronicasCheste_1-300x171.jpg 300w, https:\/\/tucomarca.whitekongsoftware.com\/wp-content\/uploads\/2024\/10\/CronicasCheste_1-768x437.jpg 768w\" sizes=\"auto, (max-width: 886px) 100vw, 886px\" \/><\/figure>\n\n\n\n<figure class=\"wp-block-image size-large\"><img loading=\"lazy\" decoding=\"async\" width=\"886\" height=\"591\" data-id=\"239932\" src=\"https:\/\/www.tucomarca.com\/wordpress\/segunda\/wp-content\/uploads\/2024\/10\/CronicasCheste_3.jpg\" alt=\"\" class=\"wp-image-239932\" srcset=\"https:\/\/tucomarca.whitekongsoftware.com\/wp-content\/uploads\/2024\/10\/CronicasCheste_3.jpg 886w, https:\/\/tucomarca.whitekongsoftware.com\/wp-content\/uploads\/2024\/10\/CronicasCheste_3-300x200.jpg 300w, https:\/\/tucomarca.whitekongsoftware.com\/wp-content\/uploads\/2024\/10\/CronicasCheste_3-768x512.jpg 768w\" sizes=\"auto, (max-width: 886px) 100vw, 886px\" \/><\/figure>\n\n\n\n<figure class=\"wp-block-image size-large\"><img loading=\"lazy\" decoding=\"async\" width=\"886\" height=\"591\" data-id=\"239930\" src=\"https:\/\/www.tucomarca.com\/wordpress\/segunda\/wp-content\/uploads\/2024\/10\/CronicasCheste_2.jpg\" alt=\"\" class=\"wp-image-239930\" srcset=\"https:\/\/tucomarca.whitekongsoftware.com\/wp-content\/uploads\/2024\/10\/CronicasCheste_2.jpg 886w, https:\/\/tucomarca.whitekongsoftware.com\/wp-content\/uploads\/2024\/10\/CronicasCheste_2-300x200.jpg 300w, https:\/\/tucomarca.whitekongsoftware.com\/wp-content\/uploads\/2024\/10\/CronicasCheste_2-768x512.jpg 768w\" sizes=\"auto, (max-width: 886px) 100vw, 886px\" \/><\/figure>\n<\/figure>\n\n\n\n<p class=\"wp-block-paragraph\">Despr\u00e9s de la projecci\u00f3, el primer a intervindre va ser Jos\u00e9 Morell, agraint la implicaci\u00f3 de les persones que han fet possible la publicaci\u00f3 de Cr\u00f2niques de Xest i destacant diferents passatges del llibre. \u201cDes de l&#8217;Ajuntament hem preparat aquest acte amb molt d&#8217;afecte juntament amb la fam\u00edlia de Miguel Vicente Cort\u00e9s Navarro, i, personalment, els estic molt agra\u00eft per traure a la llum aquest projecte, com chestano, com a alcalde i tamb\u00e9 com a amant de la cultura. L&#8217;obra de Vicente \u00e9s una recopilaci\u00f3 de les cr\u00f2niques des de l&#8217;\u00e8poca de la reconquesta del rei Jaume I, all\u00e0 per 1238, fins als inicis del segle XX. Aquest treball arreplega una part del que hem sigut, una part de la nostra hist\u00f2ria col\u00b7lectiva. Des de l&#8217;Ajuntament creiem que s&#8217;ha de donar suport a la preservaci\u00f3 de la hist\u00f2ria i per aix\u00f2 els convide a llegir aquestes Cr\u00f2niques de Xest, un llibre que es repartir\u00e0 de manera gratu\u00efta a tots vosaltres; \u00e9s la millor manera d&#8217;agrair a la fam\u00edlia l&#8217;esfor\u00e7 que ha realitzat\u201d, apuntava Morell.<\/p>\n\n\n\n<p class=\"wp-block-paragraph\">El XXIII Bar\u00f3 de Xest, Fernando Goig i Garrigues, va posar en valor el contingut del llibre i va agrair la calorosa benvinguda rebuda a Xest. \u201c\u00c9s per a mi un orgull trobar-me en el lloc on els meus avantpassats van dedicar la seua vida i van fer hist\u00f2ria durant m\u00e9s de quatre segles. Hui, en el segle XXI, tornem a trobar-nos i saludar-nos com si el temps no haguera passat. La hist\u00f2ria d&#8217;aquest llibre \u00e9s molt emotiva, la d&#8217;una esposa i uns fills que desitgen veure culminat el treball del seu esp\u00f2s i pare, per aix\u00f2 vaig accedir a escriure el pr\u00f2leg del llibre i he vingut hui ac\u00ed amb molt de gust. \u00c9s molt important el suport institucional a aquest tipus a iniciatives, per aix\u00f2 agra\u00efsc a l&#8217;Ajuntament la seua implicaci\u00f3; i tamb\u00e9 una editorial que haja apostat per una hist\u00f2ria local. He estat quasi deu anys viatjant per tot el m\u00f3n i sempre m&#8217;ha cridat l&#8217;atenci\u00f3 el conegut que \u00e9s Xest. I el que la gent no sap \u00e9s que fa cinc segles Xest ja era conegut, gr\u00e0cies a la fam\u00edlia Mercader\u201d. El Bar\u00f3 va fer un recorregut hist\u00f2ric de Xest, amb la fam\u00edlia Mercader com a protagonista, i va contextualitzar el relat amb obres pict\u00f2riques.<\/p>\n\n\n\n<p class=\"wp-block-paragraph\">Despr\u00e9s de la intervenci\u00f3 del Bar\u00f3, va anar Paz Navarro Garc\u00eda, la directora de l&#8217;editorial Sargantana, la que es va dirigir elp\u00fablico. \u201cHa donat gust veure com Consuelo ha barallat perqu\u00e8 aquest projecte vera la llum; des del dia que es va plantar en l&#8217;editorial i ens el va comptar, amb tanta il\u00b7lusi\u00f3, no vaig tindre dubte que ens hav\u00edem de sumar. Hui dia, desgraciadament, no \u00e9s normal trobar una presentaci\u00f3 d&#8217;un llibre amb una sala tan plena, diu molt d&#8217;aquesta terra, dels seus ve\u00efns i de la fam\u00edlia; queda clar que \u00e9s molt volguda en aquest poble i molt apreciat el treball que ha realitzat\u201d, destacava Navarro.<\/p>\n\n\n\n<p class=\"wp-block-paragraph\">Consuelo L\u00f3pez Cort\u00e9s va tancar l&#8217;acte subratllant el valor de Cr\u00f2niques de Xest, explicant el proc\u00e9s de recopilaci\u00f3 i publicaci\u00f3 de l&#8217;obra i fent un ampli agra\u00efment pels suports rebuts en el cam\u00ed. \u201cDeia Marcus Garvey, periodista jamaic\u00e0, en 1930, que un poble sense el coneixement de la seua hist\u00f2ria passada, el seu origen i la seua cultura \u00e9s com un arbre sense arrels. D&#8217;ac\u00ed la necessitat de con\u00e9ixer la nostra pr\u00f2pia hist\u00f2ria, la que ens fa sentir i vibrar per la relaci\u00f3 amb els seus protagonistes. I aix\u00f2 \u00e9s precisament el que l&#8217;autor va voler transmetre en l&#8217;elaboraci\u00f3 d&#8217;aquestes cr\u00f2niques a les quals va dedicar quasi 11 anys d&#8217;investigaci\u00f3 i estudi i que no va poder acabar. La idea de fer p\u00fablica la seua obra, actualitzant-la i editant-la, va aflorar fa quasi dos anys, amb la for\u00e7a que infon la contenci\u00f3 que durant tant de temps experiment\u00e0vem. Suposava un repte, una \u00e0rdua tasca, per la ingent quantitat d&#8217;informaci\u00f3, m\u00e9s de 1.500 p\u00e0gines de contingut de gran inter\u00e9s per al coneixement de la nostra hist\u00f2ria local. Un repte al qual ens enfront\u00e0vem solos, els meus fills i jo, amb l&#8217;impuls de l&#8217;anhel per fer realitat el que el dest\u00ed havia interromput. Em vaig posar a aix\u00f2, amb el temor a la gesti\u00f3 d&#8217;un projecte que semblava impossible, per\u00f2 finalment el contingut hist\u00f2ric, elaborat per Miguel Vicente Cort\u00e9s Navarro i detingut en el temps, es va compendiar, va actualitzar i va editar\u201d, explicava la coautora de l&#8217;obra.<\/p>\n\n\n\n<p class=\"wp-block-paragraph\">En finalitzar la presentaci\u00f3 totes les persones assistents van ser obsequiades amb un exemplar de Cr\u00f2niques de Xest.<\/p>\n","protected":false},"excerpt":{"rendered":"<div class=\"mh-excerpt\">M\u00e9s de 300 persones van omplir el sal\u00f3 de la Fundaci\u00f3 cajacheste divendres passat, 11 d&#8217;octubre, amb motiu de la presentaci\u00f3 del llibre Cr\u00f2niques de Xest, una recopilaci\u00f3 dels textos hist\u00f2rics escrits per Miguel Vicente <a class=\"mh-excerpt-more\" href=\"https:\/\/tucomarca.whitekongsoftware.com\/ca\/gran-acolliment-de-la-presentacio-del-llibre-croniques-de-xest\/\" title=\"Gran acolliment de la presentaci\u00f3 del llibre Cr\u00f2niques de Xest\">[+] <\/a><\/div>\n","protected":false},"author":12,"featured_media":239927,"comment_status":"open","ping_status":"open","sticky":false,"template":"","format":"gallery","meta":{"footnotes":""},"categories":[11006,10894,10912,11007,10896,10974],"tags":[11071,21367,10914],"class_list":["post-239935","post","type-post","status-publish","format-gallery","has-post-thumbnail","category-canal-vinos","category-la-comarca-ca","category-la-hoya-ca","category-ocio-y-cultura-ca","category-seccion-ca","category-cheste-ca","tag-cheste","tag-cronicas-de-cheste-ca","tag-la-hoya-de-bunol-chiva-ca","post_format-post-format-gallery"],"_links":{"self":[{"href":"https:\/\/tucomarca.whitekongsoftware.com\/ca\/wp-json\/wp\/v2\/posts\/239935","targetHints":{"allow":["GET"]}}],"collection":[{"href":"https:\/\/tucomarca.whitekongsoftware.com\/ca\/wp-json\/wp\/v2\/posts"}],"about":[{"href":"https:\/\/tucomarca.whitekongsoftware.com\/ca\/wp-json\/wp\/v2\/types\/post"}],"author":[{"embeddable":true,"href":"https:\/\/tucomarca.whitekongsoftware.com\/ca\/wp-json\/wp\/v2\/users\/12"}],"replies":[{"embeddable":true,"href":"https:\/\/tucomarca.whitekongsoftware.com\/ca\/wp-json\/wp\/v2\/comments?post=239935"}],"version-history":[{"count":0,"href":"https:\/\/tucomarca.whitekongsoftware.com\/ca\/wp-json\/wp\/v2\/posts\/239935\/revisions"}],"wp:featuredmedia":[{"embeddable":true,"href":"https:\/\/tucomarca.whitekongsoftware.com\/ca\/wp-json\/wp\/v2\/media\/239927"}],"wp:attachment":[{"href":"https:\/\/tucomarca.whitekongsoftware.com\/ca\/wp-json\/wp\/v2\/media?parent=239935"}],"wp:term":[{"taxonomy":"category","embeddable":true,"href":"https:\/\/tucomarca.whitekongsoftware.com\/ca\/wp-json\/wp\/v2\/categories?post=239935"},{"taxonomy":"post_tag","embeddable":true,"href":"https:\/\/tucomarca.whitekongsoftware.com\/ca\/wp-json\/wp\/v2\/tags?post=239935"}],"curies":[{"name":"wp","href":"https:\/\/api.w.org\/{rel}","templated":true}]}}