{"id":239917,"date":"2024-10-14T09:30:00","date_gmt":"2024-10-14T07:30:00","guid":{"rendered":"https:\/\/www.tucomarca.com\/wordpress\/segunda\/?p=239917"},"modified":"2024-10-14T20:05:18","modified_gmt":"2024-10-14T18:05:18","slug":"el-partit-popular-anuncia-que-es-mobilitzara-per-a-frenar-el-tancament-de-la-central-nuclear-de-cofrents-i-protegir-el-futur-de-la-comarca","status":"publish","type":"post","link":"https:\/\/tucomarca.whitekongsoftware.com\/ca\/el-partit-popular-anuncia-que-es-mobilitzara-per-a-frenar-el-tancament-de-la-central-nuclear-de-cofrents-i-protegir-el-futur-de-la-comarca\/","title":{"rendered":"El Partit Popular anuncia que es mobilitzar\u00e0 &#8220;per a frenar el tancament de la central nuclear de Cofrents i protegir el futur de la comarca&#8221;"},"content":{"rendered":"\n<h3 class=\"wp-block-heading\">El PP presentar\u00e0 mocions en la Diputaci\u00f3 de Val\u00e8ncia i els municipis de la prov\u00edncia, aix\u00ed com diferents iniciatives parlament\u00e0ries per a \u201cfer rectificar a S\u00e1nchez\u201d.<\/h3>\n\n\n\n<h3 class=\"wp-block-heading\">El president del PP de la prov\u00edncia de Val\u00e8ncia, Vicent Momp\u00f3, visita Cofrents al costat de diputats nacionals per a denunciar la \u201cirresponsabilitat\u201d de S\u00e1nchez: \u201cAmb el tancament de la central imposa una condemna econ\u00f2mica a la comarca\u201d.<\/h3>\n\n\n\n<h3 class=\"wp-block-heading\">Mariscal: \u201cEl Govern s&#8217;oblida dels valencians i el tancament nuclear s&#8217;ha decidit sense tindre en compte les conseq\u00fc\u00e8ncies tant socials com econ\u00f2miques que t\u00e9 per a milers de persones\u201d.<\/h3>\n\n\n\n<figure class=\"wp-block-image size-full\"><img loading=\"lazy\" decoding=\"async\" width=\"886\" height=\"591\" src=\"http:\/\/www.tucomarca.com\/wordpress\/segunda\/wp-content\/uploads\/2024\/10\/Mompo_-diputadosCofrentes2.jpg\" alt=\"\" class=\"wp-image-239914\" srcset=\"https:\/\/tucomarca.whitekongsoftware.com\/wp-content\/uploads\/2024\/10\/Mompo_-diputadosCofrentes2.jpg 886w, https:\/\/tucomarca.whitekongsoftware.com\/wp-content\/uploads\/2024\/10\/Mompo_-diputadosCofrentes2-300x200.jpg 300w, https:\/\/tucomarca.whitekongsoftware.com\/wp-content\/uploads\/2024\/10\/Mompo_-diputadosCofrentes2-768x512.jpg 768w\" sizes=\"auto, (max-width: 886px) 100vw, 886px\" \/><\/figure>\n\n\n\n<p class=\"wp-block-paragraph\">El PP anuncia un front com\u00fa per a impedir el tancament de la central nuclear de Cofrents, previst pel Govern per a 2030. Diferents iniciatives tant en el Congr\u00e9s com en la Diputaci\u00f3 de Val\u00e8ncia i als ajuntaments tractaran que la central sobrevisca m\u00e9s enll\u00e0 d&#8217;eixa data perqu\u00e8 el tancament \u201c\u00e9s una decisi\u00f3 arbitr\u00e0ria que no t\u00e9 en compte les necessitats reals de la Comunitat Valenciana ni del conjunt d&#8217;Espanya, que encarir\u00e0 les factures energ\u00e8tiques per a llars i ind\u00fastries, i elevar\u00e0 les emissions de CO\u2082\u201d, ha assegurat el president del PP de la prov\u00edncia de Val\u00e8ncia, Vicent Momp\u00f3.<\/p>\n\n\n\n<p class=\"wp-block-paragraph\">A m\u00e9s, ha argumentat que la central, que hui compleix 40 anys, \u201c\u00e9s un pilar indispensable per a la Comunitat Valenciana, en 2023 va produir el necessari per a cobrir el consum dom\u00e8stic de dos milions de llars\u201d. Aix\u00ed, ha advertit, \u201cdesmantellar la central ens privaria de la principal font d&#8217;energia, la qual cosa generaria incertesa en la planificaci\u00f3 industrial i amena\u00e7aria la competitivitat de les nostres empreses\u201d.<\/p>\n\n\n\n<p class=\"wp-block-paragraph\">Igualment, ha concretat Momp\u00f3, \u201caquesta infraestructura \u00e9s el motor econ\u00f2mic de la Vall d&#8217;Aiora-Cofrents, proporciona ocupaci\u00f3 de qualitat i estabilitat social: 750 treballadors i m\u00e9s de 1.200 ocupacions addicionals durant les parades t\u00e8cniques, a m\u00e9s de generar 11 milions d&#8217;euros anuals als municipis de la comarca i ser dic contra la despoblaci\u00f3, la comarca ha crescut un 6,9% en l&#8217;\u00faltima d\u00e8cada\u201d.<\/p>\n\n\n\n<p class=\"wp-block-paragraph\">Per tot aix\u00f2, ha denunciat \u201cla irresponsabilitat\u201d de S\u00e1nchez i la \u201cobsessi\u00f3\u201d del Govern amb \u201cuna agenda ideol\u00f2gica\u201d que li porta a \u201cimposar una condemna econ\u00f2mica a la comarca, a la prov\u00edncia i a la Comunitat\u201d. \u201cExigim que rectifique i garantisca una transici\u00f3 energ\u00e8tica assenyada i ordenada, sense posar en risc el benestar dels qui depenen d&#8217;aquesta infraestructura estrat\u00e8gica; no m\u00e9s improvisaci\u00f3 ni decisions que comprometen el nostre futur\u201d, ha declarat Momp\u00f3, qui ha visitat Cofrents al costat dels diputats nacionals Carlos Gil, Fernando de Rosa, Bel\u00e9n Hoyo, \u00c0nima Alfonso, Cristina Moreno, Esperanza Reynal i Guillermo Mariscal.<\/p>\n\n\n\n<p class=\"wp-block-paragraph\">Per part seua, Mariscal ha asseverat que \u201cel Partit Popular no permetr\u00e0 que es tanque la central nuclear de Cofrents\u201d malgrat els plans del Govern de Pedro S\u00e1nchez, que \u201cno tenen en compte \u201cel mal que produirien a la seguretat del subministrament el\u00e8ctric i als milers de persones que estaria enviant al carrer i que hui tenen una ocupaci\u00f3 de qualitat\u201d gr\u00e0cies a aquesta mena d&#8217;instal\u00b7lacions.<\/p>\n\n\n\n<p class=\"wp-block-paragraph\">El tamb\u00e9 coordinador de la Pon\u00e8ncia encarregada de les relacions amb el Consell de Seguretat Nuclear ha subratllat que \u201cel Govern de S\u00e1nchez s&#8217;oblida dels valencians\u201d, at\u00e9s que el tancament nuclear \u201cs&#8217;ha decidit sense tindre en compte les conseq\u00fc\u00e8ncies tant socials com econ\u00f2miques que t\u00e9 per a milers de persones\u201d. \u201cEl PP no permetr\u00e0 que es destru\u00efsquen ocupacions de qualitat sense que s&#8217;oferisquen solucions clares i viables per a substituir-los&#8221;, ha indicat.<\/p>\n\n\n\n<p class=\"wp-block-paragraph\">De la mateixa manera, ha defensat Mariscal, \u201cno podem aconseguir un sistema energ\u00e8tic lliure d&#8217;emissions sense l&#8217;energia nuclear. Si volem reduir les nostres emissions de CO\u2082 i mantindre un subministrament estable, hem d&#8217;estendre la vida \u00fatil de les centrals nuclears i promoure noves inversions en aquest sector\u201d, ha afirmat.<\/p>\n","protected":false},"excerpt":{"rendered":"<div class=\"mh-excerpt\">El PP presentar\u00e0 mocions en la Diputaci\u00f3 de Val\u00e8ncia i els municipis de la prov\u00edncia, aix\u00ed com diferents iniciatives parlament\u00e0ries per a \u201cfer rectificar a S\u00e1nchez\u201d. El president del PP de la prov\u00edncia de Val\u00e8ncia, <a class=\"mh-excerpt-more\" href=\"https:\/\/tucomarca.whitekongsoftware.com\/ca\/el-partit-popular-anuncia-que-es-mobilitzara-per-a-frenar-el-tancament-de-la-central-nuclear-de-cofrents-i-protegir-el-futur-de-la-comarca\/\" title=\"El Partit Popular anuncia que es mobilitzar\u00e0 &#8220;per a frenar el tancament de la central nuclear de Cofrents i protegir el futur de la comarca&#8221;\">[+] <\/a><\/div>\n","protected":false},"author":12,"featured_media":239913,"comment_status":"open","ping_status":"open","sticky":false,"template":"","format":"standard","meta":{"footnotes":""},"categories":[10951,10955,10898,10948,10894,10904,10903,10947,10896],"tags":[12446,11480,10914,13398,11344],"class_list":["post-239917","post","type-post","status-publish","format-standard","has-post-thumbnail","category-ayora-cofrentes-ca","category-cofrentes-ca","category-ventana-ca","category-infraestructuras-ca","category-la-comarca-ca","category-sin-categorizar-ca","category-medio-ambiente-la-comarca-ca","category-politica","category-seccion-ca","tag-central-nuclear-ca","tag-cofrentes-ca","tag-la-hoya-de-bunol-chiva-ca","tag-populares-provincia-de-valencia-ca","tag-pp-ca"],"_links":{"self":[{"href":"https:\/\/tucomarca.whitekongsoftware.com\/ca\/wp-json\/wp\/v2\/posts\/239917","targetHints":{"allow":["GET"]}}],"collection":[{"href":"https:\/\/tucomarca.whitekongsoftware.com\/ca\/wp-json\/wp\/v2\/posts"}],"about":[{"href":"https:\/\/tucomarca.whitekongsoftware.com\/ca\/wp-json\/wp\/v2\/types\/post"}],"author":[{"embeddable":true,"href":"https:\/\/tucomarca.whitekongsoftware.com\/ca\/wp-json\/wp\/v2\/users\/12"}],"replies":[{"embeddable":true,"href":"https:\/\/tucomarca.whitekongsoftware.com\/ca\/wp-json\/wp\/v2\/comments?post=239917"}],"version-history":[{"count":0,"href":"https:\/\/tucomarca.whitekongsoftware.com\/ca\/wp-json\/wp\/v2\/posts\/239917\/revisions"}],"wp:featuredmedia":[{"embeddable":true,"href":"https:\/\/tucomarca.whitekongsoftware.com\/ca\/wp-json\/wp\/v2\/media\/239913"}],"wp:attachment":[{"href":"https:\/\/tucomarca.whitekongsoftware.com\/ca\/wp-json\/wp\/v2\/media?parent=239917"}],"wp:term":[{"taxonomy":"category","embeddable":true,"href":"https:\/\/tucomarca.whitekongsoftware.com\/ca\/wp-json\/wp\/v2\/categories?post=239917"},{"taxonomy":"post_tag","embeddable":true,"href":"https:\/\/tucomarca.whitekongsoftware.com\/ca\/wp-json\/wp\/v2\/tags?post=239917"}],"curies":[{"name":"wp","href":"https:\/\/api.w.org\/{rel}","templated":true}]}}