{"id":239770,"date":"2024-10-11T09:30:00","date_gmt":"2024-10-11T07:30:00","guid":{"rendered":"https:\/\/www.tucomarca.com\/wordpress\/segunda\/?p=239770"},"modified":"2024-10-11T20:31:20","modified_gmt":"2024-10-11T18:31:20","slug":"la-diputacio-de-valencia-exposa-a-europa-la-seua-estrategia-de-desenvolupament-urba-sostenible-per-als-proxims-15-anys","status":"publish","type":"post","link":"https:\/\/tucomarca.whitekongsoftware.com\/ca\/la-diputacio-de-valencia-exposa-a-europa-la-seua-estrategia-de-desenvolupament-urba-sostenible-per-als-proxims-15-anys\/","title":{"rendered":"La Diputaci\u00f3 de Val\u00e8ncia exposa a Europa la seua estrat\u00e8gia de desenvolupament urb\u00e0 sostenible per als pr\u00f2xims 15 anys"},"content":{"rendered":"\n<h3 class=\"wp-block-heading\">El diputat de Fons Europeus, Juan Ram\u00f3n Adsuara, explica en la Setmana Europea de les Regions de Brussel\u00b7les l&#8217;Agenda Urbana de la corporaci\u00f3 per a tota la prov\u00edncia.<\/h3>\n\n\n\n<h3 class=\"wp-block-heading\">Es tracta d&#8217;una pol\u00edtica que implica a totes les \u00e0rees de la Diputaci\u00f3 per a liderar la transformaci\u00f3 dels municipis valencians en quatre \u00e0mbits: digitalitzaci\u00f3, economia, medi ambient i capital social.<\/h3>\n\n\n\n<p class=\"wp-block-paragraph\">El diputat de Fons Europeus i Innovaci\u00f3, Juan Ram\u00f3n Adsuara, ha presentat a Brussel\u00b7els en qu\u00e8 consistix l&#8217;Agenda Urbana que la Diputaci\u00f3 de Val\u00e8ncia implantar\u00e0 durant els pr\u00f2xims anys a la prov\u00edncia. Ho ha fet en el context de la Setmana Europea dels Regions que s&#8217;est\u00e0 celebrant en la capital belga, a la qual ha anat acompanyat per els vicepresidents primera i segona de la instituci\u00f3, Nat\u00e0lia Enguix i Reme Mazzolari.<\/p>\n\n\n\n<p class=\"wp-block-paragraph\">Adsuara, que tamb\u00e9 ha participat en la sessi\u00f3 de treball \u2018Discussi\u00f3 sobre els oportunitats i els desafiaments de la concepci\u00f3 i implementaci\u00f3 de l&#8217;Agenda Urbana a nivell local intermedi\u2019, ha destacat que \u201cl&#8217;Agenda Urbana que estem impulsant des-de la Diputaci\u00f3 \u00e9s un full de ruta per als pr\u00f2xims 15 anys que implica a totes els \u00e0rees de la corporaci\u00f3. \u00c9s una manera de planificar com volem que seguixen els nostres municipis en el futur i mostrar-els als alcaldes quines s\u00f3n eixes l\u00ednies d&#8217;actuaci\u00f3. \u00c9s tracta, en definitiva, d&#8217;una manera de fer Europa\u201d.<\/p>\n\n\n\n<p class=\"wp-block-paragraph\">El que \u00e9s pret\u00e9n amb el desenvolupament de l&#8217;Agenda Urbana \u00e9s la implantaci\u00f3 dels objectius de desenvolupament establits per la Uni\u00f3 Europea per a fer dels nostres pobles i ciutats territoris sostenibles (territorial, mediambiental, social i econ\u00f2micament), inclusius, segurs i resilients. El principal benefici de comptar amb una Agenda Urbana \u00e9s ordenar la presa de decisions sobre este tema amb una visi\u00f3 estrat\u00e8gica perqu\u00e8 totes elles siguen coherents, per a aix\u00f2 \u00e9s necess\u00e0ria la coordinaci\u00f3 i cooperaci\u00f3 de totes els \u00e0rees de la Diputaci\u00f3, i tamb\u00e9 amb la resta dels administracions i agents involucrats.<\/p>\n\n\n\n<p class=\"wp-block-paragraph\"><strong>Quatre \u00e0mbits estrat\u00e8gics<\/strong><\/p>\n\n\n\n<p class=\"wp-block-paragraph\">Les accions contemplades en l&#8217;Agenda Urbana de la Diputaci\u00f3 se centren en potenciar quatre \u00e0mbits estrat\u00e8gics: digitalitzaci\u00f3 i intel\u00b7lig\u00e8ncia, economia urbana i rural, resili\u00e8ncia mediambiental i capital social.<\/p>\n\n\n\n<p class=\"wp-block-paragraph\">En el primer dels \u00e0mbits, la instituci\u00f3 provincial est\u00e0 realitzant una aposta ferma per a transformar el nostre territori en un referent d&#8217;innovaci\u00f3 i digitalitzaci\u00f3, amb la posada en marxa de 29 projectes que redefinixen l&#8217;efici\u00e8ncia p\u00fablica, potencien el talent local i preparen a la ciutadania per a liderar el futur digital. Entre els projectes destaquen aquells relacionats amb l&#8217;aprofitament de la intel\u00b7lig\u00e8ncia artificial, aconseguir una administraci\u00f3 p\u00fablica efica\u00e7, atraure esdeveniments d&#8217;innovaci\u00f3 a la prov\u00edncia, o el desenvolupament dels portals municipals i els plans de formaci\u00f3 digital.<\/p>\n\n\n\n<p class=\"wp-block-paragraph\">Quant a l&#8217;economia urbana i rural, el que pret\u00e9n la Diputaci\u00f3 \u00e9s dinamitzar el teixit econ\u00f2mic valenci\u00e0 a trav\u00e9s de projectes que enfortixen el sector primari, impulsen la competitivitat de les pimes i promouen una ind\u00fastria innovadora per a un creixement equilibrat i sostenible. \u201cPer a aix\u00f2 s&#8217;estan duent a terme accions com la transformaci\u00f3, promoci\u00f3 i comercialitzaci\u00f3 de carn de ramaderia extensiva, el foment del comer\u00e7 local en zones rurals, la millora de carreteres i la seguretat vi\u00e0ria, i un pla de vertebraci\u00f3 territorial\u201d, ha ressaltat Juan Ram\u00f3n Adsuara.<\/p>\n\n\n\n<p class=\"wp-block-paragraph\">D&#8217;altra banda, les iniciatives desenvolupades per la corporaci\u00f3 en mat\u00e8ria mediambiental van encaminades a aconseguir un futur sostenible, combinant protecci\u00f3 del patrimoni verd amb accions concretes enfront del canvi clim\u00e0tic, garantint un \u00fas responsable i equilibrat del territori. Per a aix\u00f2 la Diputaci\u00f3 est\u00e0 impulsant l&#8217;\u00fas d&#8217;energies renovables, el patrimoni verd valenci\u00e0, una millor gesti\u00f3 i prevenci\u00f3 d&#8217;incendis forestals, la reforestaci\u00f3 i regeneraci\u00f3 de rius, riberes i zones humides, la millora de l&#8217;efici\u00e8ncia del cicle integral de l&#8217;aigua, i la humanitzaci\u00f3 i renaturalitzaci\u00f3 de carreteres.<\/p>\n\n\n\n<p class=\"wp-block-paragraph\">Finalment, en l&#8217;\u00e0mbit del capital social, \u201cla Diputaci\u00f3 est\u00e0 refor\u00e7ant el seu paper vertebrador del territori amb projectes que milloren el benestar ciutad\u00e0 i promouen el lideratge per a construir un territori atractiu i vibrant per a 2,6 milions d&#8217;habitants\u201d, ha subratllat Adsuara. Exemples d&#8217;aix\u00f2 s\u00f3n la posada en valor i desestigmatizaci\u00f3n de l&#8217;Hospital Provincial de Salut Mental de B\u00e9tera, la protecci\u00f3, desenvolupament i promoci\u00f3 del patrimoni cultural i els servicis culturals, els equipaments per a h\u00e0bits saludables, l&#8217;oficina de suport a projectes de plans comarcals i la comarcalitzaci\u00f3 dels servicis de la corporaci\u00f3.<\/p>\n","protected":false},"excerpt":{"rendered":"<div class=\"mh-excerpt\">El diputat de Fons Europeus, Juan Ram\u00f3n Adsuara, explica en la Setmana Europea de les Regions de Brussel\u00b7les l&#8217;Agenda Urbana de la corporaci\u00f3 per a tota la prov\u00edncia. Es tracta d&#8217;una pol\u00edtica que implica a <a class=\"mh-excerpt-more\" href=\"https:\/\/tucomarca.whitekongsoftware.com\/ca\/la-diputacio-de-valencia-exposa-a-europa-la-seua-estrategia-de-desenvolupament-urba-sostenible-per-als-proxims-15-anys\/\" title=\"La Diputaci\u00f3 de Val\u00e8ncia exposa a Europa la seua estrat\u00e8gia de desenvolupament urb\u00e0 sostenible per als pr\u00f2xims 15 anys\">[+] <\/a><\/div>\n","protected":false},"author":12,"featured_media":239768,"comment_status":"open","ping_status":"open","sticky":false,"template":"","format":"standard","meta":{"footnotes":""},"categories":[10948,10894,10904,10947,10896],"tags":[20972,21353,11246,21354],"class_list":["post-239770","post","type-post","status-publish","format-standard","has-post-thumbnail","category-infraestructuras-ca","category-la-comarca-ca","category-sin-categorizar-ca","category-politica","category-seccion-ca","tag-agenda-urbana-ca","tag-desarrollo-urbano-sostenible-ca","tag-diputacio-de-valencia-ca","tag-juan-ramon-adsuara-2-ca"],"_links":{"self":[{"href":"https:\/\/tucomarca.whitekongsoftware.com\/ca\/wp-json\/wp\/v2\/posts\/239770","targetHints":{"allow":["GET"]}}],"collection":[{"href":"https:\/\/tucomarca.whitekongsoftware.com\/ca\/wp-json\/wp\/v2\/posts"}],"about":[{"href":"https:\/\/tucomarca.whitekongsoftware.com\/ca\/wp-json\/wp\/v2\/types\/post"}],"author":[{"embeddable":true,"href":"https:\/\/tucomarca.whitekongsoftware.com\/ca\/wp-json\/wp\/v2\/users\/12"}],"replies":[{"embeddable":true,"href":"https:\/\/tucomarca.whitekongsoftware.com\/ca\/wp-json\/wp\/v2\/comments?post=239770"}],"version-history":[{"count":0,"href":"https:\/\/tucomarca.whitekongsoftware.com\/ca\/wp-json\/wp\/v2\/posts\/239770\/revisions"}],"wp:featuredmedia":[{"embeddable":true,"href":"https:\/\/tucomarca.whitekongsoftware.com\/ca\/wp-json\/wp\/v2\/media\/239768"}],"wp:attachment":[{"href":"https:\/\/tucomarca.whitekongsoftware.com\/ca\/wp-json\/wp\/v2\/media?parent=239770"}],"wp:term":[{"taxonomy":"category","embeddable":true,"href":"https:\/\/tucomarca.whitekongsoftware.com\/ca\/wp-json\/wp\/v2\/categories?post=239770"},{"taxonomy":"post_tag","embeddable":true,"href":"https:\/\/tucomarca.whitekongsoftware.com\/ca\/wp-json\/wp\/v2\/tags?post=239770"}],"curies":[{"name":"wp","href":"https:\/\/api.w.org\/{rel}","templated":true}]}}