{"id":239736,"date":"2024-10-11T11:30:00","date_gmt":"2024-10-11T09:30:00","guid":{"rendered":"https:\/\/www.tucomarca.com\/wordpress\/segunda\/?p=239736"},"modified":"2024-10-11T20:44:50","modified_gmt":"2024-10-11T18:44:50","slug":"utiel-prepara-la-seua-xxvii-fira-utiel-gastronomica-amb-novetats-i-una-infinitat-dactivitats","status":"publish","type":"post","link":"https:\/\/tucomarca.whitekongsoftware.com\/ca\/utiel-prepara-la-seua-xxvii-fira-utiel-gastronomica-amb-novetats-i-una-infinitat-dactivitats\/","title":{"rendered":"Utiel prepara la seua XXVII Fira Utiel Gastron\u00f2mica amb novetats i una infinitat d&#8217;activitats"},"content":{"rendered":"\n<h3 class=\"wp-block-heading\">Torna Utiel Gastron\u00f2mica amb m\u00e9s activitats i moltes novetats. Del 18 al 20 d&#8217;octubre, en el Passeig de l&#8217;Albereda d&#8217;Utiel.<\/h3>\n\n\n<div class=\"wp-block-image\">\n<figure class=\"alignleft size-large is-resized\"><img loading=\"lazy\" decoding=\"async\" width=\"724\" height=\"1024\" src=\"http:\/\/www.tucomarca.com\/wordpress\/segunda\/wp-content\/uploads\/2024\/10\/UtielGrastro2024_03-724x1024.jpg\" alt=\"\" class=\"wp-image-239727\" style=\"width:378px;height:auto\" srcset=\"https:\/\/tucomarca.whitekongsoftware.com\/wp-content\/uploads\/2024\/10\/UtielGrastro2024_03-724x1024.jpg 724w, https:\/\/tucomarca.whitekongsoftware.com\/wp-content\/uploads\/2024\/10\/UtielGrastro2024_03-212x300.jpg 212w, https:\/\/tucomarca.whitekongsoftware.com\/wp-content\/uploads\/2024\/10\/UtielGrastro2024_03-768x1086.jpg 768w, https:\/\/tucomarca.whitekongsoftware.com\/wp-content\/uploads\/2024\/10\/UtielGrastro2024_03-1086x1536.jpg 1086w, https:\/\/tucomarca.whitekongsoftware.com\/wp-content\/uploads\/2024\/10\/UtielGrastro2024_03.jpg 1181w\" sizes=\"auto, (max-width: 724px) 100vw, 724px\" \/><\/figure>\n<\/div>\n\n\n<p class=\"wp-block-paragraph\">La XXVII edici\u00f3 d&#8217;Utiel Gastron\u00f2mica torna del 18 al 20 d&#8217;octubre en el Passeig de l&#8217;Albereda d&#8217;Utiel, prometent una experi\u00e8ncia enriquida amb noves activitats i una ampliaci\u00f3 d&#8217;horari d&#8217;11.00 a 00.00 hores. Aquest esdeveniment, ja consolidat com un referent en la Comunitat, oferir\u00e0 una \u00e0mplia varietat de concursos, exhibicions culin\u00e0ries i degustacions.<\/p>\n\n\n\n<p class=\"wp-block-paragraph\">Entre les novetats destaquen els concursos Gastrochef J\u00fanior i Cort de Pernil Amateur, juntament amb l&#8217;esperada actuaci\u00f3 de l&#8217;Orquestra Panorama. Els assistents podran gaudir de plats t\u00edpics i vins amb Denominaci\u00f3 d&#8217;Origen Utiel-Requena, a m\u00e9s de showcookings a c\u00e0rrec de prestigiosos xefs i tastos comentats. La fira tamb\u00e9 inclour\u00e0 una exposici\u00f3 de maquin\u00e0ria agr\u00edcola, m\u00fasica en directe, una gastroludoteca per als m\u00e9s xicotets, i visites guiades sota el t\u00edtol &#8220;Utiel en el teu Interior&#8221;.<\/p>\n\n\n\n<p class=\"wp-block-paragraph\"><strong>Sistema de venda de tiquets:<\/strong><\/p>\n\n\n\n<ul class=\"wp-block-list\">\n<li>Amb targeta: Els visitants podran triar la seua degustaci\u00f3 i abonar directament en l&#8217;estand.<\/li>\n\n\n\n<li>Amb met\u00e0l\u00b7lic: Es podran adquirir targetes en m\u00e0quines expenedores per a canviar en els estands.<\/li>\n<\/ul>\n\n\n\n<p class=\"wp-block-paragraph\">Servei d&#8217;autob\u00fas especial: Hi haur\u00e0 un Bus Utiel Gastron\u00f2mica amb punts de recollida a Val\u00e8ncia (Av. del Cid, 164, parada d&#8217;autobusos) i a Utiel (Passeig de l&#8217;Albereda), facilitant l&#8217;acc\u00e9s a l&#8217;esdeveniment.<\/p>\n\n\n\n<p class=\"wp-block-paragraph\"><strong>Programa complet<\/strong><\/p>\n\n\n\n<figure class=\"wp-block-gallery has-nested-images columns-1 is-cropped wp-block-gallery-1 is-layout-flex wp-block-gallery-is-layout-flex\">\n<figure class=\"wp-block-image size-large\"><img loading=\"lazy\" decoding=\"async\" width=\"1024\" height=\"673\" data-id=\"239731\" src=\"https:\/\/www.tucomarca.com\/wordpress\/segunda\/wp-content\/uploads\/2024\/10\/UtielGrastro2024_02-1-1024x673.jpg\" alt=\"\" class=\"wp-image-239731\" srcset=\"https:\/\/tucomarca.whitekongsoftware.com\/wp-content\/uploads\/2024\/10\/UtielGrastro2024_02-1-1024x673.jpg 1024w, https:\/\/tucomarca.whitekongsoftware.com\/wp-content\/uploads\/2024\/10\/UtielGrastro2024_02-1-300x197.jpg 300w, https:\/\/tucomarca.whitekongsoftware.com\/wp-content\/uploads\/2024\/10\/UtielGrastro2024_02-1-768x505.jpg 768w, https:\/\/tucomarca.whitekongsoftware.com\/wp-content\/uploads\/2024\/10\/UtielGrastro2024_02-1.jpg 1373w\" sizes=\"auto, (max-width: 1024px) 100vw, 1024px\" \/><\/figure>\n\n\n\n<figure class=\"wp-block-image size-large\"><img loading=\"lazy\" decoding=\"async\" width=\"1024\" height=\"704\" data-id=\"239729\" src=\"https:\/\/www.tucomarca.com\/wordpress\/segunda\/wp-content\/uploads\/2024\/10\/UtielGrastro2024_01-1-1024x704.jpg\" alt=\"\" class=\"wp-image-239729\" srcset=\"https:\/\/tucomarca.whitekongsoftware.com\/wp-content\/uploads\/2024\/10\/UtielGrastro2024_01-1-1024x704.jpg 1024w, https:\/\/tucomarca.whitekongsoftware.com\/wp-content\/uploads\/2024\/10\/UtielGrastro2024_01-1-300x206.jpg 300w, https:\/\/tucomarca.whitekongsoftware.com\/wp-content\/uploads\/2024\/10\/UtielGrastro2024_01-1-768x528.jpg 768w, https:\/\/tucomarca.whitekongsoftware.com\/wp-content\/uploads\/2024\/10\/UtielGrastro2024_01-1.jpg 1181w\" sizes=\"auto, (max-width: 1024px) 100vw, 1024px\" \/><\/figure>\n<\/figure>\n","protected":false},"excerpt":{"rendered":"<div class=\"mh-excerpt\">Torna Utiel Gastron\u00f2mica amb m\u00e9s activitats i moltes novetats. Del 18 al 20 d&#8217;octubre, en el Passeig de l&#8217;Albereda d&#8217;Utiel. La XXVII edici\u00f3 d&#8217;Utiel Gastron\u00f2mica torna del 18 al 20 d&#8217;octubre en el Passeig de <a class=\"mh-excerpt-more\" href=\"https:\/\/tucomarca.whitekongsoftware.com\/ca\/utiel-prepara-la-seua-xxvii-fira-utiel-gastronomica-amb-novetats-i-una-infinitat-dactivitats\/\" title=\"Utiel prepara la seua XXVII Fira Utiel Gastron\u00f2mica amb novetats i una infinitat d&#8217;activitats\">[+] <\/a><\/div>\n","protected":false},"author":12,"featured_media":239728,"comment_status":"open","ping_status":"open","sticky":false,"template":"","format":"gallery","meta":{"footnotes":""},"categories":[11019,10898,10894,11007,10909,10896,11059],"tags":[10910,11174,21347],"class_list":["post-239736","post","type-post","status-publish","format-gallery","has-post-thumbnail","category-agenda-ca","category-ventana-ca","category-la-comarca-ca","category-ocio-y-cultura-ca","category-requena-utiel-ca","category-seccion-ca","category-utiel-ca","tag-requena-utiel-ca","tag-utiel-ca","tag-xxvii-feria-utiel-gastronomica-ca","post_format-post-format-gallery"],"_links":{"self":[{"href":"https:\/\/tucomarca.whitekongsoftware.com\/ca\/wp-json\/wp\/v2\/posts\/239736","targetHints":{"allow":["GET"]}}],"collection":[{"href":"https:\/\/tucomarca.whitekongsoftware.com\/ca\/wp-json\/wp\/v2\/posts"}],"about":[{"href":"https:\/\/tucomarca.whitekongsoftware.com\/ca\/wp-json\/wp\/v2\/types\/post"}],"author":[{"embeddable":true,"href":"https:\/\/tucomarca.whitekongsoftware.com\/ca\/wp-json\/wp\/v2\/users\/12"}],"replies":[{"embeddable":true,"href":"https:\/\/tucomarca.whitekongsoftware.com\/ca\/wp-json\/wp\/v2\/comments?post=239736"}],"version-history":[{"count":0,"href":"https:\/\/tucomarca.whitekongsoftware.com\/ca\/wp-json\/wp\/v2\/posts\/239736\/revisions"}],"wp:featuredmedia":[{"embeddable":true,"href":"https:\/\/tucomarca.whitekongsoftware.com\/ca\/wp-json\/wp\/v2\/media\/239728"}],"wp:attachment":[{"href":"https:\/\/tucomarca.whitekongsoftware.com\/ca\/wp-json\/wp\/v2\/media?parent=239736"}],"wp:term":[{"taxonomy":"category","embeddable":true,"href":"https:\/\/tucomarca.whitekongsoftware.com\/ca\/wp-json\/wp\/v2\/categories?post=239736"},{"taxonomy":"post_tag","embeddable":true,"href":"https:\/\/tucomarca.whitekongsoftware.com\/ca\/wp-json\/wp\/v2\/tags?post=239736"}],"curies":[{"name":"wp","href":"https:\/\/api.w.org\/{rel}","templated":true}]}}