{"id":239658,"date":"2024-10-10T11:15:00","date_gmt":"2024-10-10T09:15:00","guid":{"rendered":"https:\/\/www.tucomarca.com\/wordpress\/segunda\/?p=239658"},"modified":"2024-10-10T22:25:12","modified_gmt":"2024-10-10T20:25:12","slug":"la-segona-edicio-dels-premis-9-doctubre-de-xest-reconeix-el-talent-local","status":"publish","type":"post","link":"https:\/\/tucomarca.whitekongsoftware.com\/ca\/la-segona-edicio-dels-premis-9-doctubre-de-xest-reconeix-el-talent-local\/","title":{"rendered":"La segona edici\u00f3 dels Premis 9 d&#8217;octubre de Xest reconeix el talent local"},"content":{"rendered":"\n<p class=\"wp-block-paragraph\">El sal\u00f3 de plens de l&#8217;Ajuntament de Xest ha acollit la II edici\u00f3 dels Premis 9 d&#8217;octubre, convocats amb l&#8217;objectiu de recon\u00e9ixer el talent local i la contribuci\u00f3 social de persones i entitats d&#8217;\u00e0mbits com la cultura, la investigaci\u00f3, l&#8217;educaci\u00f3 o l&#8217;emprenedoria.<\/p>\n\n\n\n<p class=\"wp-block-paragraph\">L&#8217;acte es va obrir amb les paraules de la conductora de l&#8217;acte, Isabel Rodrigo, qui va donar la benvinguda al p\u00fablic assistent i va destacar la labor dels premis. \u201cEnguany els i les premiats pertanyen a \u00e0mbits molt diversos i amb aquests guardons es reconeix la traject\u00f2ria, la dedicaci\u00f3 i l&#8217;esfor\u00e7 de molts anys, en alguns casos, de tota una vida\u201d.<\/p>\n\n\n\n<p class=\"wp-block-paragraph\">La cerim\u00f2nia va comptar amb la participaci\u00f3 de membres de l&#8217;equip de govern i del grup municipal Popular, que es van encarregar d&#8217;entregar els guardons, i va ser amenitzada per la m\u00fasica chestana Plans Barroso Prats, membre de l&#8217;Associaci\u00f3 Musical La Lira, que va interpretar diversos temes amb veu i piano.<\/p>\n\n\n\n<p class=\"wp-block-paragraph\"><strong>Persones premiades<\/strong><br>En l&#8217;\u00e0mbit cultural, l&#8217;artista Josefina Mar\u00edn va ser reconeguda per les seues pintures, algunes de les quals figuren en l&#8217;Ermita de la Soledat Gloriosa, a l&#8217;Esgl\u00e9sia de Sant Lluc Evangelista i a l&#8217;Esgl\u00e9sia de Pedralba, aix\u00ed com en altres ermites de diferents localitats, i en moltes llars de ve\u00efns i ve\u00efnes de Xest. Tamb\u00e9 es va destacar la seua contribuci\u00f3 a la indument\u00e0ria chestana i a la tradici\u00f3 festiva de la localitat, ja que \u00e9s autora de nombroses faldes i toques i del disseny de diversos trons de la presentacions de la festa de la Verema. Als seus 78 anys, Josefina Mar\u00edn continua pintant i realitzant obres en cer\u00e0mica.<\/p>\n\n\n\n<p class=\"wp-block-paragraph\">En segon lloc, Jos\u00e9 Vicente Castillo, Doctor en Hist\u00f2ria Contempor\u00e0nia, va ser homenatjat per les seues investigacions sobre temes pol\u00edtics valencians de la Restauraci\u00f3 i el Moviment Cooperativista, destacant la publicaci\u00f3, per la Universitat de Val\u00e8ncia, del llibre \u201cLa pol\u00edtica dels camaleons\u201d. En els \u00faltims anys, Castillo s&#8217;ha centrat en la hist\u00f2ria de l&#8217;esperanto i de la mem\u00f2ria hist\u00f2rica, publicant Els trens de l&#8217;esperan\u00e7a i Una estrela verda en la Trinxeres.<\/p>\n\n\n\n<p class=\"wp-block-paragraph\">En l&#8217;\u00e0mbit de la investigaci\u00f3 cient\u00edfica, es va premiar al matem\u00e0tic Juan Carlos Ferrando P\u00e9rez, per la seua traject\u00f2ria de m\u00e9s de 30 anys en la investigaci\u00f3 en l&#8217;\u00e0mbit de l&#8217;an\u00e0lisi funcional i la topografia descriptiva. Ferrando \u00e9s catedr\u00e0tic per la Universitat Miguel Hern\u00e1ndez d&#8217;Elx i Doctor en Matem\u00e0tiques per la Universitat de Val\u00e8ncia i suma 124 publicacions al seu nom. La seua labor va ser reconeguda tamb\u00e9 en 2022, amb la publicaci\u00f3 dels resultats del International meeting on Funtional Analysis and Continus Optimizations (IMFACO), dedicada a la seua persona en el seu 65 aniversari.<\/p>\n\n\n\n<p class=\"wp-block-paragraph\">Per la seua contribuci\u00f3 tamb\u00e9 en l&#8217;\u00e0mbit cient\u00edfic va ser guardonat el Doctor en F\u00edsica Germ\u00e1n Vicente Rodrigo Garc\u00eda, investigador del Consell Superior d&#8217;Investigacions Cient\u00edfiques (CSIC). Rodrigo ha treballat com a investigador en l&#8217;Institut de Tecnologia de Karlsruhe, a Alemanya; en l&#8217;Institut Nacional de F\u00edsica Nuclear de Flor\u00e8ncia, It\u00e0lia; i en el Laboratori europeu de f\u00edsica de part\u00edcules de Ginebra, Su\u00efssa. Entre 2021 i 2023 es va traslladar a Brussel\u00b7les com a Expert Nacional en el Consell Europeu d&#8217;Investigaci\u00f3 i, en l&#8217;actualitat dirigeix un grup format per 39 persones en l&#8217;Institut de F\u00edsica Corpuscular del CSIC, al Parc Cient\u00edfic de Paterna.<\/p>\n\n\n\n<p class=\"wp-block-paragraph\">La perruqueria Lacalle va ser reconeguda en l&#8217;\u00e0mbit del emprendiemiento, per la seua llarga traject\u00f2ria i per ser un espai emblem\u00e0tic de la localitat, des de la seua fundaci\u00f3 en 1886, per Alberto Lacalle, fins al seu tancament en 2022, amb la jubilaci\u00f3 del seu besnet, tamb\u00e9 anomenat Alberto Lacalle, que va arreplegar el guard\u00f3. A m\u00e9s de la dedicaci\u00f3 d&#8217;aquesta fam\u00edlia a la perruqueria, tamb\u00e9 es va recon\u00e9ixer la seua passi\u00f3 per la m\u00fasica, que van compartir amb la seua clientela al llarg dels anys.<\/p>\n\n\n\n<p class=\"wp-block-paragraph\">L&#8217;\u00faltima guardonada va ser Angelines Tancada Verduch, mestra d&#8217;Educaci\u00f3 Infantil jubilada que va exercir durant 35 anys i va dedicar 30 d&#8217;ells a dirigir l&#8217;Escola Infantil La Pineda, coneguda a Xest per la seua vocaci\u00f3 i lliurament a l&#8217;alumnat.<\/p>\n\n\n\n<figure class=\"wp-block-gallery has-nested-images columns-2 is-cropped wp-block-gallery-1 is-layout-flex wp-block-gallery-is-layout-flex\">\n<figure class=\"wp-block-image size-large\"><img loading=\"lazy\" decoding=\"async\" width=\"1024\" height=\"683\" data-id=\"239650\" src=\"https:\/\/www.tucomarca.com\/wordpress\/segunda\/wp-content\/uploads\/2024\/10\/ChestePremios9OCT_4-1024x683.jpg\" alt=\"\" class=\"wp-image-239650\" srcset=\"https:\/\/tucomarca.whitekongsoftware.com\/wp-content\/uploads\/2024\/10\/ChestePremios9OCT_4-1024x683.jpg 1024w, https:\/\/tucomarca.whitekongsoftware.com\/wp-content\/uploads\/2024\/10\/ChestePremios9OCT_4-300x200.jpg 300w, https:\/\/tucomarca.whitekongsoftware.com\/wp-content\/uploads\/2024\/10\/ChestePremios9OCT_4-768x512.jpg 768w, https:\/\/tucomarca.whitekongsoftware.com\/wp-content\/uploads\/2024\/10\/ChestePremios9OCT_4.jpg 1181w\" sizes=\"auto, (max-width: 1024px) 100vw, 1024px\" \/><\/figure>\n\n\n\n<figure class=\"wp-block-image size-large\"><img loading=\"lazy\" decoding=\"async\" width=\"1024\" height=\"682\" data-id=\"239654\" src=\"https:\/\/www.tucomarca.com\/wordpress\/segunda\/wp-content\/uploads\/2024\/10\/ChestePremios9OCT_3-1024x682.jpg\" alt=\"\" class=\"wp-image-239654\" srcset=\"https:\/\/tucomarca.whitekongsoftware.com\/wp-content\/uploads\/2024\/10\/ChestePremios9OCT_3-1024x682.jpg 1024w, https:\/\/tucomarca.whitekongsoftware.com\/wp-content\/uploads\/2024\/10\/ChestePremios9OCT_3-300x200.jpg 300w, https:\/\/tucomarca.whitekongsoftware.com\/wp-content\/uploads\/2024\/10\/ChestePremios9OCT_3-768x512.jpg 768w, https:\/\/tucomarca.whitekongsoftware.com\/wp-content\/uploads\/2024\/10\/ChestePremios9OCT_3.jpg 1181w\" sizes=\"auto, (max-width: 1024px) 100vw, 1024px\" \/><\/figure>\n\n\n\n<figure class=\"wp-block-image size-large\"><img loading=\"lazy\" decoding=\"async\" width=\"1024\" height=\"682\" data-id=\"239653\" src=\"https:\/\/www.tucomarca.com\/wordpress\/segunda\/wp-content\/uploads\/2024\/10\/ChestePremios9OCT_2-1024x682.jpg\" alt=\"\" class=\"wp-image-239653\" srcset=\"https:\/\/tucomarca.whitekongsoftware.com\/wp-content\/uploads\/2024\/10\/ChestePremios9OCT_2-1024x682.jpg 1024w, https:\/\/tucomarca.whitekongsoftware.com\/wp-content\/uploads\/2024\/10\/ChestePremios9OCT_2-300x200.jpg 300w, https:\/\/tucomarca.whitekongsoftware.com\/wp-content\/uploads\/2024\/10\/ChestePremios9OCT_2-768x512.jpg 768w, https:\/\/tucomarca.whitekongsoftware.com\/wp-content\/uploads\/2024\/10\/ChestePremios9OCT_2.jpg 1181w\" sizes=\"auto, (max-width: 1024px) 100vw, 1024px\" \/><\/figure>\n<\/figure>\n\n\n\n<p class=\"wp-block-paragraph\"><strong>Tancament de l&#8217;acte<\/strong><br>L&#8217;alcalde Jos\u00e9 Morell, va tancar l&#8217;acte dedicant unes paraules als i les premiades. \u201cUn poble es construeix amb la labor constant i silenciosa de moltes persones que amb la seua dedicaci\u00f3 li donen vida. Tots els premiats d&#8217;aquesta segona edici\u00f3 dels premis 9 d&#8217;octubre de la Vila de Xest sou un exemple del qual aprendre i \u00e9s necessari que el vostre poble us de les gr\u00e0cies i us demane que continueu aportant perqu\u00e8 Xest siga cada dia m\u00e9s amable i acollidor. Com a alcalde no cessar\u00e9, ara ni en els pr\u00f2xims anys, de reivindicar el lloc que Xest mereix, perqu\u00e8 la vostra labor ha de ser reconeguda i tinguda en compte\u201d, manifestava Morell.<\/p>\n\n\n\n<p class=\"wp-block-paragraph\">Finalment, totes les persones reconegudes van deixar una dedicat\u00f2ria en el llibre de signatures de l&#8217;Ajuntament.<\/p>\n","protected":false},"excerpt":{"rendered":"<div class=\"mh-excerpt\">El sal\u00f3 de plens de l&#8217;Ajuntament de Xest ha acollit la II edici\u00f3 dels Premis 9 d&#8217;octubre, convocats amb l&#8217;objectiu de recon\u00e9ixer el talent local i la contribuci\u00f3 social de persones i entitats d&#8217;\u00e0mbits com <a class=\"mh-excerpt-more\" href=\"https:\/\/tucomarca.whitekongsoftware.com\/ca\/la-segona-edicio-dels-premis-9-doctubre-de-xest-reconeix-el-talent-local\/\" title=\"La segona edici\u00f3 dels Premis 9 d&#8217;octubre de Xest reconeix el talent local\">[+] <\/a><\/div>\n","protected":false},"author":12,"featured_media":239651,"comment_status":"open","ping_status":"open","sticky":false,"template":"","format":"gallery","meta":{"footnotes":""},"categories":[10894,10912,11007,10896,10974],"tags":[11071,10914,21338],"class_list":["post-239658","post","type-post","status-publish","format-gallery","has-post-thumbnail","category-la-comarca-ca","category-la-hoya-ca","category-ocio-y-cultura-ca","category-seccion-ca","category-cheste-ca","tag-cheste","tag-la-hoya-de-bunol-chiva-ca","tag-premios-9-de-octubre-ca","post_format-post-format-gallery"],"_links":{"self":[{"href":"https:\/\/tucomarca.whitekongsoftware.com\/ca\/wp-json\/wp\/v2\/posts\/239658","targetHints":{"allow":["GET"]}}],"collection":[{"href":"https:\/\/tucomarca.whitekongsoftware.com\/ca\/wp-json\/wp\/v2\/posts"}],"about":[{"href":"https:\/\/tucomarca.whitekongsoftware.com\/ca\/wp-json\/wp\/v2\/types\/post"}],"author":[{"embeddable":true,"href":"https:\/\/tucomarca.whitekongsoftware.com\/ca\/wp-json\/wp\/v2\/users\/12"}],"replies":[{"embeddable":true,"href":"https:\/\/tucomarca.whitekongsoftware.com\/ca\/wp-json\/wp\/v2\/comments?post=239658"}],"version-history":[{"count":0,"href":"https:\/\/tucomarca.whitekongsoftware.com\/ca\/wp-json\/wp\/v2\/posts\/239658\/revisions"}],"wp:featuredmedia":[{"embeddable":true,"href":"https:\/\/tucomarca.whitekongsoftware.com\/ca\/wp-json\/wp\/v2\/media\/239651"}],"wp:attachment":[{"href":"https:\/\/tucomarca.whitekongsoftware.com\/ca\/wp-json\/wp\/v2\/media?parent=239658"}],"wp:term":[{"taxonomy":"category","embeddable":true,"href":"https:\/\/tucomarca.whitekongsoftware.com\/ca\/wp-json\/wp\/v2\/categories?post=239658"},{"taxonomy":"post_tag","embeddable":true,"href":"https:\/\/tucomarca.whitekongsoftware.com\/ca\/wp-json\/wp\/v2\/tags?post=239658"}],"curies":[{"name":"wp","href":"https:\/\/api.w.org\/{rel}","templated":true}]}}