{"id":239432,"date":"2024-10-08T10:50:00","date_gmt":"2024-10-08T08:50:00","guid":{"rendered":"https:\/\/www.tucomarca.com\/wordpress\/segunda\/?p=239432"},"modified":"2024-10-08T20:02:04","modified_gmt":"2024-10-08T18:02:04","slug":"el-prya-acusa-de-deixadesa-al-govern-local-per-lestat-del-poliesportiu-de-requena","status":"publish","type":"post","link":"https:\/\/tucomarca.whitekongsoftware.com\/ca\/el-prya-acusa-de-deixadesa-al-govern-local-per-lestat-del-poliesportiu-de-requena\/","title":{"rendered":"El PRyA acusa de &#8220;deixadesa&#8221; al govern local per l&#8217;estat del poliesportiu de Requena"},"content":{"rendered":"<div class=\"wp-block-image\">\n<figure class=\"alignleft size-large is-resized\"><img loading=\"lazy\" decoding=\"async\" width=\"576\" height=\"1024\" src=\"http:\/\/www.tucomarca.com\/wordpress\/segunda\/wp-content\/uploads\/2024\/10\/PRyA_Polideportivo03-576x1024.jpg\" alt=\"\" class=\"wp-image-239429\" style=\"width:283px;height:auto\" srcset=\"https:\/\/tucomarca.whitekongsoftware.com\/wp-content\/uploads\/2024\/10\/PRyA_Polideportivo03-576x1024.jpg 576w, https:\/\/tucomarca.whitekongsoftware.com\/wp-content\/uploads\/2024\/10\/PRyA_Polideportivo03-169x300.jpg 169w, https:\/\/tucomarca.whitekongsoftware.com\/wp-content\/uploads\/2024\/10\/PRyA_Polideportivo03-768x1366.jpg 768w, https:\/\/tucomarca.whitekongsoftware.com\/wp-content\/uploads\/2024\/10\/PRyA_Polideportivo03-864x1536.jpg 864w, https:\/\/tucomarca.whitekongsoftware.com\/wp-content\/uploads\/2024\/10\/PRyA_Polideportivo03.jpg 899w\" sizes=\"auto, (max-width: 576px) 100vw, 576px\" \/><\/figure>\n<\/div>\n\n\n<p class=\"wp-block-paragraph\">&#8220;Despr\u00e9s d&#8217;haver sigut advertits pels usuaris, diversos membres del PRyA hem visitat les instal\u00b7lacions esportives del Pavell\u00f3 1 de Requena, all\u00ed hem comprovat que les clivelles existents en una de les graderies i en els vestuaris femenins han continuat engrandint-se&#8221;, tal com han criticat des del PRyA.<\/p>\n\n\n\n<p class=\"wp-block-paragraph\">&#8220;Aquestes clivelles s\u00f3n preocupants, ja que aquest \u00e9s un lloc molt freq\u00fcentat per gran quantitat de p\u00fablic i esportistes durant les nombroses competicions que es donen durant tota la setmana&#8221;, han afegit.<\/p>\n\n\n\n<p class=\"wp-block-paragraph\">&#8220;A m\u00e9s dels desperfectes en les graderies, des del PRyA hem pogut comprovar una deixadesa total en tot el poliesportiu municipal per part del govern del PP de Roc\u00edo Cort\u00e9s&#8221;.\u00a0<\/p>\n\n\n\n<p class=\"wp-block-paragraph\">&#8220;En els \u00faltims mesos, al no netejar-los, han augmentat els grafitis i pintades per tot el recinte; en els vestuaris, la falta de manteniment fa que siguen diverses les setmanes amb dutxes trencades, falta de taulells en parets, portes sense marcs i floridura en els taulells; matalassos vells apilats al costat del front\u00f3, trencaments en la part alta del roc\u00f2drom amb despreniments, etc\u00e9tera&#8221;.<\/p>\n\n\n\n<p class=\"wp-block-paragraph\">En el PRyA aseguren &#8220;no entendre com des de la Regidoria d&#8217;Esports es pot arribar a una deixadesa semblant en tan poc temps, perqu\u00e8 \u00e9s obligaci\u00f3 del regidor tindre aquestes instal\u00b7lacions en perfectes condicions per als usuaris&#8221;.\u00a0<\/p>\n\n\n\n<p class=\"wp-block-paragraph\">Des del PRyA demanen &#8220;al govern del PP de Roc\u00edo Cort\u00e9s que procedisca com m\u00e9s prompte millor a esmenar totes est\u00e0s defici\u00e8ncies i, de manera urgent, passen a comprovar les clivelles de les graderies del pavell\u00f3 i el trencament de la part superior del roc\u00f2drom amb els t\u00e8cnics corresponents&#8221;.<\/p>\n\n\n\n<figure class=\"wp-block-image size-large\"><img loading=\"lazy\" decoding=\"async\" width=\"1024\" height=\"473\" src=\"http:\/\/www.tucomarca.com\/wordpress\/segunda\/wp-content\/uploads\/2024\/10\/PRyA_Polideportivo02-1024x473.jpg\" alt=\"\" class=\"wp-image-239427\" srcset=\"https:\/\/tucomarca.whitekongsoftware.com\/wp-content\/uploads\/2024\/10\/PRyA_Polideportivo02-1024x473.jpg 1024w, https:\/\/tucomarca.whitekongsoftware.com\/wp-content\/uploads\/2024\/10\/PRyA_Polideportivo02-300x139.jpg 300w, https:\/\/tucomarca.whitekongsoftware.com\/wp-content\/uploads\/2024\/10\/PRyA_Polideportivo02-768x355.jpg 768w, https:\/\/tucomarca.whitekongsoftware.com\/wp-content\/uploads\/2024\/10\/PRyA_Polideportivo02-1536x709.jpg 1536w, https:\/\/tucomarca.whitekongsoftware.com\/wp-content\/uploads\/2024\/10\/PRyA_Polideportivo02-2048x946.jpg 2048w\" sizes=\"auto, (max-width: 1024px) 100vw, 1024px\" \/><\/figure>\n","protected":false},"excerpt":{"rendered":"<div class=\"mh-excerpt\">&#8220;Despr\u00e9s d&#8217;haver sigut advertits pels usuaris, diversos membres del PRyA hem visitat les instal\u00b7lacions esportives del Pavell\u00f3 1 de Requena, all\u00ed hem comprovat que les clivelles existents en una de les graderies i en els <a class=\"mh-excerpt-more\" href=\"https:\/\/tucomarca.whitekongsoftware.com\/ca\/el-prya-acusa-de-deixadesa-al-govern-local-per-lestat-del-poliesportiu-de-requena\/\" title=\"El PRyA acusa de &#8220;deixadesa&#8221; al govern local per l&#8217;estat del poliesportiu de Requena\">[+] <\/a><\/div>\n","protected":false},"author":13,"featured_media":239426,"comment_status":"open","ping_status":"open","sticky":false,"template":"","format":"gallery","meta":{"footnotes":""},"categories":[10948,10894,10947,10908,10909,10896],"tags":[12903,11140,11099,10910,10901],"class_list":["post-239432","post","type-post","status-publish","format-gallery","has-post-thumbnail","category-infraestructuras-ca","category-la-comarca-ca","category-politica","category-requena-ca","category-requena-utiel-ca","category-seccion-ca","tag-infraestructuras-ca","tag-politica-ca","tag-requena-ca","tag-requena-utiel-ca","tag-sucesos-ca","post_format-post-format-gallery"],"_links":{"self":[{"href":"https:\/\/tucomarca.whitekongsoftware.com\/ca\/wp-json\/wp\/v2\/posts\/239432","targetHints":{"allow":["GET"]}}],"collection":[{"href":"https:\/\/tucomarca.whitekongsoftware.com\/ca\/wp-json\/wp\/v2\/posts"}],"about":[{"href":"https:\/\/tucomarca.whitekongsoftware.com\/ca\/wp-json\/wp\/v2\/types\/post"}],"author":[{"embeddable":true,"href":"https:\/\/tucomarca.whitekongsoftware.com\/ca\/wp-json\/wp\/v2\/users\/13"}],"replies":[{"embeddable":true,"href":"https:\/\/tucomarca.whitekongsoftware.com\/ca\/wp-json\/wp\/v2\/comments?post=239432"}],"version-history":[{"count":0,"href":"https:\/\/tucomarca.whitekongsoftware.com\/ca\/wp-json\/wp\/v2\/posts\/239432\/revisions"}],"wp:featuredmedia":[{"embeddable":true,"href":"https:\/\/tucomarca.whitekongsoftware.com\/ca\/wp-json\/wp\/v2\/media\/239426"}],"wp:attachment":[{"href":"https:\/\/tucomarca.whitekongsoftware.com\/ca\/wp-json\/wp\/v2\/media?parent=239432"}],"wp:term":[{"taxonomy":"category","embeddable":true,"href":"https:\/\/tucomarca.whitekongsoftware.com\/ca\/wp-json\/wp\/v2\/categories?post=239432"},{"taxonomy":"post_tag","embeddable":true,"href":"https:\/\/tucomarca.whitekongsoftware.com\/ca\/wp-json\/wp\/v2\/tags?post=239432"}],"curies":[{"name":"wp","href":"https:\/\/api.w.org\/{rel}","templated":true}]}}