{"id":239393,"date":"2024-10-08T09:30:00","date_gmt":"2024-10-08T07:30:00","guid":{"rendered":"https:\/\/www.tucomarca.com\/wordpress\/segunda\/?p=239393"},"modified":"2024-10-08T22:17:22","modified_gmt":"2024-10-08T20:17:22","slug":"la-unio-reclama-a-la-conselleria-dagricultura-lampliacio-de-les-ajudes-per-la-sequera-i-al-ministeri-dagricultura-que-les-complemente","status":"publish","type":"post","link":"https:\/\/tucomarca.whitekongsoftware.com\/ca\/la-unio-reclama-a-la-conselleria-dagricultura-lampliacio-de-les-ajudes-per-la-sequera-i-al-ministeri-dagricultura-que-les-complemente\/","title":{"rendered":"La Uni\u00f3 reclama a la Conselleria d&#8217;Agricultura l&#8217;ampliaci\u00f3 de les ajudes per la sequera i al Ministeri d&#8217;Agricultura que les complemente"},"content":{"rendered":"\n<h3 class=\"wp-block-heading\">Les Confederacions Hidrogr\u00e0fiques del Segura i del X\u00faquer han declarat la situaci\u00f3 de sequera extraordin\u00e0ria, la qual cosa agreuja encara m\u00e9s la situaci\u00f3 d&#8217;emerg\u00e8ncia en la qual es troba el sector agrari valenci\u00e0.<\/h3>\n\n\n\n<p class=\"wp-block-paragraph\">La Uni\u00f3 Llauradora i Ramadera ha sol\u00b7licitat a la Conselleria d&#8217;Agricultura que amplie les mesures urgents posades en marxa mitjan\u00e7ant el paquet d&#8217;ajudes de 17 milions d&#8217;euros, amb l&#8217;objectiu de prioritzar la seua aplicaci\u00f3 en els professionals del sector agrari que depenen d&#8217;aquesta activitat per a la seua subsist\u00e8ncia i que no han sigut contemplats com a beneficiaris en el Decret llei 10\/2024, de 24 de setembre, del Consell.<\/p>\n\n\n\n<p class=\"wp-block-paragraph\">Aquestes ajudes, que van respondre inicialment a les conseq\u00fc\u00e8ncies del conflicte b\u00e8l\u00b7lic a Ucra\u00efna i la situaci\u00f3 de sequera prolongada, deuen ara ser ajustades per a incloure sectors que van quedar exclosos en un primer moment i que s&#8217;han vist greument afectats per l&#8217;actual situaci\u00f3 d&#8217;emerg\u00e8ncia.<\/p>\n\n\n\n<p class=\"wp-block-paragraph\">En concret, La Uni\u00f3 demana que s&#8217;incloguen en les ajudes als cultius de vinya i fruita seca en sec\u00e0 a la comarca d&#8217;Utiel-Requena. Encara que aquests cultius estan classificats com &#8220;de regadiu&#8221; per disposar d&#8217;una dotaci\u00f3 m\u00ednima d&#8217;aigua, en la pr\u00e0ctica funcionen com a cultius de sec\u00e0 degut a les limitades quantitats d&#8217;aigua disponibles, que nom\u00e9s permeten regs de suport i no per a incrementar o mantindre la producci\u00f3. L&#8217;actual classificaci\u00f3 exclou injustament a aquests professionals de les ajudes, a pesar que tamb\u00e9 pateixen les conseq\u00fc\u00e8ncies de la sequera.<\/p>\n\n\n\n<p class=\"wp-block-paragraph\">A m\u00e9s, se sol\u00b7licita que s&#8217;incorpore al sector ap\u00edcola, que ha patit l&#8217;impacte directe de la sequera a causa de la falta de floracions durant la primavera i l&#8217;estiu. Aix\u00f2 ha disparat els costos d&#8217;alimentaci\u00f3 de les abelles, la qual cosa afecta seriosament la viabilitat econ\u00f2mica de les explotacions. Malgrat ser un sector ramader afectat, els apicultors no han tingut acc\u00e9s a les ajudes fins ara. La Uni\u00f3 subratlla la import\u00e0ncia de fer costat als professionals d&#8217;aquest sector, que, malgrat les dificultats, han mantingut ruscos en la Comunitat Valenciana, contribuint a la biodiversitat i la pol\u00b7linitzaci\u00f3 dels cultius.<\/p>\n\n\n\n<p class=\"wp-block-paragraph\">La Uni\u00f3 tamb\u00e9 ha traslladat a la Conselleria d&#8217;Agricultura la necessitat de prioritzar les ajudes en les persones que exerceixen professionalment l&#8217;agricultura i ramaderia. \u201c\u00c9s fonamental que les ajudes es concentren principalment en aquells professionals que depenen exclusivament d&#8217;aquesta activitat per a la seua subsist\u00e8ncia i la competitivitat de les seues explotacions. Si es dirigeix una major quantitat de fons als professionals, l&#8217;impacte ser\u00e0 molt m\u00e9s efectiu en termes de sostenibilitat a llarg termini\u201d, assenyala La Uni\u00f3.<\/p>\n\n\n\n<p class=\"wp-block-paragraph\">Aix\u00ed mateix, La Uni\u00f3 ha sol\u00b7licitat al Ministeri d&#8217;Agricultura que complemente les ajudes auton\u00f2miques de la Generalitat, ja que les mesures actuals resulten insuficients per a mitigar els efectes devastadors de la sequera i del conflicte a Ucra\u00efna. Sectors com el dels cultius de sec\u00e0 i la ramaderia extensiva porten m\u00e9s de tres anys registrant caigudes significatives en la producci\u00f3, la qual cosa compromet la seua sostenibilitat. Davant la persist\u00e8ncia d&#8217;aquestes adversitats, La Uni\u00f3 proposa que s&#8217;estudie la pr\u00f2rroga del decret Ucra\u00efna, ja que la Comunitat Valenciana continua travessant una situaci\u00f3 agreujada per la sequera prolongada i les restriccions derivades del conflicte.<\/p>\n\n\n\n<p class=\"wp-block-paragraph\">La declaraci\u00f3 de sequera extraordin\u00e0ria per part de les Confederacions Hidrogr\u00e0fiques del Segura i del X\u00faquer reflecteix la gravetat de la situaci\u00f3 actual, i l&#8217;impacte que pot tindre en la viabilitat econ\u00f2mica de moltes explotacions agr\u00e0ries de la Comunitat Valenciana, en particular en les zones en risc de despoblaci\u00f3. A m\u00e9s, la falta de mesures contundents podria desincentivar la incorporaci\u00f3 de joves al sector agrari, necess\u00e0ria en les zones d&#8217;interior, amb el risc de despoblaci\u00f3 i que, precisament, \u00e9s on se centren els cultius de sec\u00e0 i la ramaderia extensiva.<\/p>\n\n\n\n<p class=\"wp-block-paragraph\">La Uni\u00f3, com a defensora dels interessos socioprofessionals de les persones llauradores i ramaderes de la Comunitat Valenciana, continuar\u00e0 insistint en l&#8217;ampliaci\u00f3 de les ajudes per part de la Generalitat i la complementaci\u00f3 per part del Ministeri d&#8217;Agricultura, amb l&#8217;objectiu de garantir la viabilitat d&#8217;un sector que resulta essencial per al desenvolupament rural i la sostenibilitat de la regi\u00f3.<\/p>\n\n\n\n<figure class=\"wp-block-image size-large\"><img loading=\"lazy\" decoding=\"async\" width=\"1024\" height=\"768\" src=\"https:\/\/www.tucomarca.com\/wordpress\/segunda\/wp-content\/uploads\/2024\/10\/Apicultores-1024x768.jpg\" alt=\"\" class=\"wp-image-239389\" srcset=\"https:\/\/tucomarca.whitekongsoftware.com\/wp-content\/uploads\/2024\/10\/Apicultores-1024x768.jpg 1024w, https:\/\/tucomarca.whitekongsoftware.com\/wp-content\/uploads\/2024\/10\/Apicultores-300x225.jpg 300w, https:\/\/tucomarca.whitekongsoftware.com\/wp-content\/uploads\/2024\/10\/Apicultores-768x576.jpg 768w, https:\/\/tucomarca.whitekongsoftware.com\/wp-content\/uploads\/2024\/10\/Apicultores-1536x1153.jpg 1536w, https:\/\/tucomarca.whitekongsoftware.com\/wp-content\/uploads\/2024\/10\/Apicultores-678x509.jpg 678w, https:\/\/tucomarca.whitekongsoftware.com\/wp-content\/uploads\/2024\/10\/Apicultores-326x245.jpg 326w, https:\/\/tucomarca.whitekongsoftware.com\/wp-content\/uploads\/2024\/10\/Apicultores-80x60.jpg 80w, https:\/\/tucomarca.whitekongsoftware.com\/wp-content\/uploads\/2024\/10\/Apicultores.jpg 1599w\" sizes=\"auto, (max-width: 1024px) 100vw, 1024px\" \/><\/figure>\n","protected":false},"excerpt":{"rendered":"<div class=\"mh-excerpt\">Les Confederacions Hidrogr\u00e0fiques del Segura i del X\u00faquer han declarat la situaci\u00f3 de sequera extraordin\u00e0ria, la qual cosa agreuja encara m\u00e9s la situaci\u00f3 d&#8217;emerg\u00e8ncia en la qual es troba el sector agrari valenci\u00e0. La Uni\u00f3 <a class=\"mh-excerpt-more\" href=\"https:\/\/tucomarca.whitekongsoftware.com\/ca\/la-unio-reclama-a-la-conselleria-dagricultura-lampliacio-de-les-ajudes-per-la-sequera-i-al-ministeri-dagricultura-que-les-complemente\/\" title=\"La Uni\u00f3 reclama a la Conselleria d&#8217;Agricultura l&#8217;ampliaci\u00f3 de les ajudes per la sequera i al Ministeri d&#8217;Agricultura que les complemente\">[+] <\/a><\/div>\n","protected":false},"author":13,"featured_media":239387,"comment_status":"open","ping_status":"open","sticky":false,"template":"","format":"standard","meta":{"footnotes":""},"categories":[10905,10951,10898,10948,10894,10904,10903,10947,10896],"tags":[11309,11199,21082],"class_list":["post-239393","post","type-post","status-publish","format-standard","has-post-thumbnail","category-agricultura-la-comarca-ca","category-ayora-cofrentes-ca","category-ventana-ca","category-infraestructuras-ca","category-la-comarca-ca","category-sin-categorizar-ca","category-medio-ambiente-la-comarca-ca","category-politica","category-seccion-ca","tag-agricultura-ca","tag-la-comunitat-ca","tag-la-unio-llauradora-i-ramadera-ca"],"_links":{"self":[{"href":"https:\/\/tucomarca.whitekongsoftware.com\/ca\/wp-json\/wp\/v2\/posts\/239393","targetHints":{"allow":["GET"]}}],"collection":[{"href":"https:\/\/tucomarca.whitekongsoftware.com\/ca\/wp-json\/wp\/v2\/posts"}],"about":[{"href":"https:\/\/tucomarca.whitekongsoftware.com\/ca\/wp-json\/wp\/v2\/types\/post"}],"author":[{"embeddable":true,"href":"https:\/\/tucomarca.whitekongsoftware.com\/ca\/wp-json\/wp\/v2\/users\/13"}],"replies":[{"embeddable":true,"href":"https:\/\/tucomarca.whitekongsoftware.com\/ca\/wp-json\/wp\/v2\/comments?post=239393"}],"version-history":[{"count":0,"href":"https:\/\/tucomarca.whitekongsoftware.com\/ca\/wp-json\/wp\/v2\/posts\/239393\/revisions"}],"wp:featuredmedia":[{"embeddable":true,"href":"https:\/\/tucomarca.whitekongsoftware.com\/ca\/wp-json\/wp\/v2\/media\/239387"}],"wp:attachment":[{"href":"https:\/\/tucomarca.whitekongsoftware.com\/ca\/wp-json\/wp\/v2\/media?parent=239393"}],"wp:term":[{"taxonomy":"category","embeddable":true,"href":"https:\/\/tucomarca.whitekongsoftware.com\/ca\/wp-json\/wp\/v2\/categories?post=239393"},{"taxonomy":"post_tag","embeddable":true,"href":"https:\/\/tucomarca.whitekongsoftware.com\/ca\/wp-json\/wp\/v2\/tags?post=239393"}],"curies":[{"name":"wp","href":"https:\/\/api.w.org\/{rel}","templated":true}]}}