{"id":239392,"date":"2024-10-08T18:00:00","date_gmt":"2024-10-08T16:00:00","guid":{"rendered":"https:\/\/www.tucomarca.com\/wordpress\/segunda\/?p=239392"},"modified":"2024-10-08T19:48:45","modified_gmt":"2024-10-08T17:48:45","slug":"natalia-enguix-exposa-el-projecte-digualtat-de-la-diputacio-de-valencia-en-la-jornada-de-dones-andaluses-a-granada","status":"publish","type":"post","link":"https:\/\/tucomarca.whitekongsoftware.com\/ca\/natalia-enguix-exposa-el-projecte-digualtat-de-la-diputacio-de-valencia-en-la-jornada-de-dones-andaluses-a-granada\/","title":{"rendered":"Nat\u00e0lia Enguix exposa el projecte d&#8217;Igualtat de la Diputaci\u00f3 de Val\u00e8ncia en la jornada de Dones Andaluses a Granada"},"content":{"rendered":"\n<h3 class=\"wp-block-heading\">La vicepresidenta primera i responsable d&#8217;Igualtat participa en la XIII edici\u00f3 de l&#8217;acte organitzat per la Federaci\u00f3 d&#8217;Entitats Culturals Andaluses (FECA), on trasllada el model de treball de la corporaci\u00f3 valenciana davant les autoritats locals.<\/h3>\n\n\n\n<p class=\"wp-block-paragraph\">La vicepresidenta primera de la Diputaci\u00f3 de Val\u00e8ncia, Nat\u00e0lia Enguix, ha exposat a Granada el projecte d&#8217;Igualtat de la Diputaci\u00f3 de Val\u00e8ncia, en el marc de la XIII Jornada \u2018Dones andaluses i joventut de la Comunitat Valenciana\u2019, que se celebra estos dies en la capital granadina. Organitzat per la Federaci\u00f3 d&#8217;Entitats Culturals Andaluses (FECA), amb la col\u00b7laboraci\u00f3 de les diputacions de Val\u00e8ncia i Granada, la trobada ha servit per a intercanviar pol\u00edtiques d&#8217;Igualtat i defensar el paper de les dones com a motor del moviment associatiu.<\/p>\n\n\n\n<p class=\"wp-block-paragraph\">La vicepresidenta Enguix ha portat a terres andaluses el model d&#8217;Igualtat de la Diputaci\u00f3, que igual que el treball de la FECA \u201cacompanya el moviment associatiu de dones, les veus de les quals escoltem i tenim en compte a l&#8217;hora de dissenyar els nostres programes, organitzar els nostres actes i distribuir els nostres recursos\u201d.<\/p>\n\n\n\n<figure class=\"wp-block-gallery has-nested-images columns-default is-cropped wp-block-gallery-1 is-layout-flex wp-block-gallery-is-layout-flex\">\n<figure class=\"wp-block-image size-large\"><img loading=\"lazy\" decoding=\"async\" width=\"1024\" height=\"683\" data-id=\"239382\" src=\"https:\/\/www.tucomarca.com\/wordpress\/segunda\/wp-content\/uploads\/2024\/10\/Dipu_JornadaMujerCV1-1024x683.jpg\" alt=\"\" class=\"wp-image-239382\" srcset=\"https:\/\/tucomarca.whitekongsoftware.com\/wp-content\/uploads\/2024\/10\/Dipu_JornadaMujerCV1-1024x683.jpg 1024w, https:\/\/tucomarca.whitekongsoftware.com\/wp-content\/uploads\/2024\/10\/Dipu_JornadaMujerCV1-300x200.jpg 300w, https:\/\/tucomarca.whitekongsoftware.com\/wp-content\/uploads\/2024\/10\/Dipu_JornadaMujerCV1-768x512.jpg 768w, https:\/\/tucomarca.whitekongsoftware.com\/wp-content\/uploads\/2024\/10\/Dipu_JornadaMujerCV1.jpg 1181w\" sizes=\"auto, (max-width: 1024px) 100vw, 1024px\" \/><\/figure>\n\n\n\n<figure class=\"wp-block-image size-large\"><img loading=\"lazy\" decoding=\"async\" width=\"1024\" height=\"683\" data-id=\"239380\" src=\"https:\/\/www.tucomarca.com\/wordpress\/segunda\/wp-content\/uploads\/2024\/10\/Dipu_JornadaMujerCV2-1024x683.jpg\" alt=\"\" class=\"wp-image-239380\" srcset=\"https:\/\/tucomarca.whitekongsoftware.com\/wp-content\/uploads\/2024\/10\/Dipu_JornadaMujerCV2-1024x683.jpg 1024w, https:\/\/tucomarca.whitekongsoftware.com\/wp-content\/uploads\/2024\/10\/Dipu_JornadaMujerCV2-300x200.jpg 300w, https:\/\/tucomarca.whitekongsoftware.com\/wp-content\/uploads\/2024\/10\/Dipu_JornadaMujerCV2-768x512.jpg 768w, https:\/\/tucomarca.whitekongsoftware.com\/wp-content\/uploads\/2024\/10\/Dipu_JornadaMujerCV2.jpg 1181w\" sizes=\"auto, (max-width: 1024px) 100vw, 1024px\" \/><\/figure>\n<\/figure>\n\n\n\n<p class=\"wp-block-paragraph\">Nat\u00e0lia Enguix va comen\u00e7ar aix\u00ed la seua intervenci\u00f3 davant el president de la Diputaci\u00f3 de Granada, Pedro Francisco Rodr\u00edguez; la coordinadora provincial de l&#8217;Institut Andal\u00fas de la Dona, Teresa Illescas, la diputada de Benestar, Igualtat i Fam\u00edlia, Mar\u00eda Elena Duque, i la presidenta de FECA Comunitat Valenciana, Puri Torres, entre altres autoritats i s\u00f2cies de les entitats federades.<\/p>\n\n\n\n<p class=\"wp-block-paragraph\">La responsable d&#8217;Igualtat en la Diputaci\u00f3 de Val\u00e8ncia es va referir, com a punt de partida, a la trobada mantinguda fa un any, a l&#8217;inici de la legislatura, amb m\u00e9s de 70 entitats del tercer sector que \u201cvan vindre a exposar les preocupacions del dia a dia de les seues associacions, la problem\u00e0tica amb la qual es troben a l&#8217;hora de participar en els processos i sol\u00b7licitar subvencions i qualsevol suggeriment que puga millorar la comunicaci\u00f3 entre les entitats i les administracions\u201d.<\/p>\n\n\n\n<p class=\"wp-block-paragraph\">D&#8217;eixa trobada inicial va sorgir el full de ruta amb les activitats i mesures necess\u00e0ries per a donar resposta a les necessitats d&#8217;estos col\u00b7lectius que fomenten la igualtat d&#8217;oportunitats de dones i homes. \u201cI el primer que vam fer va ser un taller sobre subvencions dirigit exclusivament a les associacions de dones, on el personal t\u00e8cnic de l&#8217;\u00e0rea de Benestar Social va explicar el procediment i les novetats per a facilitar la tramitaci\u00f3\u201d. El seg\u00fcent pas va ser incrementar la partida destinada als col\u00b7lectius de 80.000 a 180.000 euros i convertir les ajudes en prepagables perqu\u00e8 cap col\u00b7lectiu renuncie a executar els seus projectes per falta de liquiditat.<\/p>\n\n\n\n<p class=\"wp-block-paragraph\"><strong>Treball en xarxa<\/strong><\/p>\n\n\n\n<p class=\"wp-block-paragraph\">L&#8217;equip d&#8217;Igualtat que encap\u00e7ala Nat\u00e0lia Enguix fa part\u00edcips a les associacions de dones de la prov\u00edncia de tots els programes i iniciatives que ixen de l&#8217;\u00e0rea, equiparant esta xarxa associativa amb les entitats locals amb les quals treballa la Diputaci\u00f3. Esta \u00e9s una altra de les novetats d&#8217;una \u00e0rea que va crear en 2015 l\u2019ex president Jorge Rodr\u00edguez, i que des del principi va tindre clara \u201cla import\u00e0ncia del treball en xarxa, d&#8217;intercanviar experi\u00e8ncies i sumar esfor\u00e7os per a convertir la Igualtat en un eix transversal en la gesti\u00f3 de l&#8217;administraci\u00f3 p\u00fablica i donar la millor resposta davant la xacra de la viol\u00e8ncia que s&#8217;exercix contra les dones\u201d, destaca Enguix.<\/p>\n\n\n\n<p class=\"wp-block-paragraph\">En este context va n\u00e0ixer la Xarxa de Municipis Protegits contra la Viol\u00e8ncia de G\u00e8nere de la Diputaci\u00f3 de Val\u00e8ncia, que en l&#8217;actualitat compta amb 237 municipis adherits, dels 266 que integren la prov\u00edncia. L&#8217;\u00e0rea que dirigix la vicepresidenta Enguix destina enguany prop d&#8217;un mili\u00f3 d&#8217;euros a finan\u00e7ar els projectes presentats pels ajuntaments membres de la Xarxa, que amb els canvis en el reglament s&#8217;adapta a la nova normativa i permet l&#8217;entrada de consorcis i mancomunitats. La plataforma de treball conjunt de la Diputaci\u00f3 de Val\u00e8ncia ha rebut el prestigi\u00f3s guard\u00f3 \u2018Meninas\u2019, atorgat pel Ministeri d&#8217;Igualtat.<\/p>\n\n\n\n<p class=\"wp-block-paragraph\">Les sol\u00b7licituds presentades pels consistoris proposen majorit\u00e0riament la realitzaci\u00f3 de campanyes de sensibilitzaci\u00f3 amb motiu de dates assenyales com el 8M, Dia Internacional de la Dona, o el 25N, Dia Internacional de l&#8217;Eliminaci\u00f3 de la Viol\u00e8ncia contra la Dona, aix\u00ed com tallers de coeducaci\u00f3 i educaci\u00f3 en igualtat dirigits a la inf\u00e0ncia i l&#8217;adolesc\u00e8ncia. Alguns municipis aposten per ampliar estes iniciatives a l&#8217;\u00e0mbit familiar, amb contacontes i activitats en obert encaminades a la prevenci\u00f3 i la detecci\u00f3 d&#8217;este tipus de viol\u00e8ncies. Entre els objectius que es treballen destaca el de desmitificar l&#8217;amor rom\u00e0ntic i diferenciar entre relacions saludables i t\u00f2xiques.<\/p>\n\n\n\n<p class=\"wp-block-paragraph\">Precisament la coeducaci\u00f3, la paritat, i les campanyes de sensibilitzaci\u00f3 que es treballen amb motiu de dies assenyalats s\u00f3n tres dels pilars sobre els quals insistix l&#8217;\u00e0rea provincial que dirigix Enguix. La vicepresidenta ha repassat en la jornada granadina iniciatives com la publicaci\u00f3 del llibre \u2018Patis vius, patis coeducatius\u2019, molt interessant per a la socialitzaci\u00f3 en igualtat i no sexisme en la inf\u00e0ncia i l&#8217;adolesc\u00e8ncia; les jornades comarcals de promoci\u00f3 de la paritat amb ponents de la talla de la jurista Julia Sevilla; i els actes institucionals del 8M i el 25N, este \u00faltim refor\u00e7at amb els Premis Celia Amor\u00f3s, que reconeixen el treball d&#8217;ajuntaments, professionals, associacions i programes d&#8217;ens p\u00fablics i privats contra la viol\u00e8ncia de g\u00e8nere.<\/p>\n\n\n\n<p class=\"wp-block-paragraph\"><strong>Un model transversal<\/strong><\/p>\n\n\n\n<p class=\"wp-block-paragraph\">A m\u00e9s del treball en equip entre la Diputaci\u00f3, els ajuntaments i les associacions de dones, la transversalitat \u00e9s una altra de les caracter\u00edstiques que definix el model d&#8217;Igualtat de la corporaci\u00f3 valenciana. \u201cAplicar la transversalitat de g\u00e8nere suposa realitzar un diagn\u00f2stic diferenciat de l&#8217;estat en qu\u00e8 es troben dones i homes en relaci\u00f3 amb una determinada situaci\u00f3 i dissenyar els programes d&#8217;actuaci\u00f3 atesos els possibles efectes que tindran en uns i en unes altres, elaborant informes d&#8217;impacte de g\u00e8nere tant en el disseny com en l&#8217;avaluaci\u00f3 posterior i abastant el major nombre d&#8217;estructures i \u00e0rees possibles\u201d, explica la vicepresidenta Enguix.<\/p>\n\n\n\n<p class=\"wp-block-paragraph\">Amb eixe objectiu, \u201cdes de la delegaci\u00f3 d&#8217;Igualtat apostem per col\u00b7laboracions amb entitats esportives, mitjans de comunicaci\u00f3 i fins i tot propostes culturals, entre altres\u201d, assenyala Nat\u00e0lia Enguix, qui ha destacat en la jornada de la FECA a Granada la inclusi\u00f3 de l&#8217;urbanisme feminista com a criteri essencial en el finan\u00e7ament de projectes del principal programa inversor de la Diputaci\u00f3, i la posada en marxa d&#8217;activitats de tem\u00e0tica igualit\u00e0ria en l&#8217;elaboraci\u00f3 d&#8217;una Guia de servicis i recursos culturals.<\/p>\n\n\n\n<p class=\"wp-block-paragraph\">La vicepresidenta ha fet refer\u00e8ncia al II Pla d&#8217;Igualtat que la Diputaci\u00f3 executa en estos moments implicant la totalitat del funcionariat, al personal pol\u00edtic i a les empreses que contracten amb la instituci\u00f3. I ha acabat amb l&#8217;al\u00b7lusi\u00f3 a altres iniciatives ja consolidades com l&#8217;homenatge a emprenedores de l&#8217;\u00e0mbit rural en \u2018Fem que les dones compten\u2019, organitzat per FADEMUR; i el Feminari de la Diputaci\u00f3 de Val\u00e8ncia, que enguany celebrar\u00e0 la seua setena edici\u00f3 commemorant el 20 aniversari de la Llei contra la viol\u00e8ncia de g\u00e8nere.<\/p>\n","protected":false},"excerpt":{"rendered":"<div class=\"mh-excerpt\">La vicepresidenta primera i responsable d&#8217;Igualtat participa en la XIII edici\u00f3 de l&#8217;acte organitzat per la Federaci\u00f3 d&#8217;Entitats Culturals Andaluses (FECA), on trasllada el model de treball de la corporaci\u00f3 valenciana davant les autoritats locals. <a class=\"mh-excerpt-more\" href=\"https:\/\/tucomarca.whitekongsoftware.com\/ca\/natalia-enguix-exposa-el-projecte-digualtat-de-la-diputacio-de-valencia-en-la-jornada-de-dones-andaluses-a-granada\/\" title=\"Nat\u00e0lia Enguix exposa el projecte d&#8217;Igualtat de la Diputaci\u00f3 de Val\u00e8ncia en la jornada de Dones Andaluses a Granada\">[+] <\/a><\/div>\n","protected":false},"author":12,"featured_media":239385,"comment_status":"open","ping_status":"open","sticky":false,"template":"","format":"image","meta":{"footnotes":""},"categories":[20541,10898,10948,10904,20456,11007,10947,10896],"tags":[11246,19775,20404],"class_list":["post-239392","post","type-post","status-publish","format-image","has-post-thumbnail","category-igualtat-i-diversitat","category-ventana-ca","category-infraestructuras-ca","category-sin-categorizar-ca","category-la-diputacio-de-valencia-informa-ca","category-ocio-y-cultura-ca","category-politica","category-seccion-ca","tag-diputacio-de-valencia-ca","tag-igualdad-y-diversidad-ca","tag-natalia-enguix-2-ca","post_format-post-format-image"],"_links":{"self":[{"href":"https:\/\/tucomarca.whitekongsoftware.com\/ca\/wp-json\/wp\/v2\/posts\/239392","targetHints":{"allow":["GET"]}}],"collection":[{"href":"https:\/\/tucomarca.whitekongsoftware.com\/ca\/wp-json\/wp\/v2\/posts"}],"about":[{"href":"https:\/\/tucomarca.whitekongsoftware.com\/ca\/wp-json\/wp\/v2\/types\/post"}],"author":[{"embeddable":true,"href":"https:\/\/tucomarca.whitekongsoftware.com\/ca\/wp-json\/wp\/v2\/users\/12"}],"replies":[{"embeddable":true,"href":"https:\/\/tucomarca.whitekongsoftware.com\/ca\/wp-json\/wp\/v2\/comments?post=239392"}],"version-history":[{"count":0,"href":"https:\/\/tucomarca.whitekongsoftware.com\/ca\/wp-json\/wp\/v2\/posts\/239392\/revisions"}],"wp:featuredmedia":[{"embeddable":true,"href":"https:\/\/tucomarca.whitekongsoftware.com\/ca\/wp-json\/wp\/v2\/media\/239385"}],"wp:attachment":[{"href":"https:\/\/tucomarca.whitekongsoftware.com\/ca\/wp-json\/wp\/v2\/media?parent=239392"}],"wp:term":[{"taxonomy":"category","embeddable":true,"href":"https:\/\/tucomarca.whitekongsoftware.com\/ca\/wp-json\/wp\/v2\/categories?post=239392"},{"taxonomy":"post_tag","embeddable":true,"href":"https:\/\/tucomarca.whitekongsoftware.com\/ca\/wp-json\/wp\/v2\/tags?post=239392"}],"curies":[{"name":"wp","href":"https:\/\/api.w.org\/{rel}","templated":true}]}}