{"id":239306,"date":"2024-10-07T20:00:00","date_gmt":"2024-10-07T18:00:00","guid":{"rendered":"https:\/\/www.tucomarca.com\/wordpress\/segunda\/?p=239306"},"modified":"2024-10-07T21:38:45","modified_gmt":"2024-10-07T19:38:45","slug":"el-ayuntamiento-de-bunol-inicia-las-obras-para-sustituir-el-cesped-artificial-del-campo-de-futbol-beltran-baguena","status":"publish","type":"post","link":"https:\/\/tucomarca.whitekongsoftware.com\/ca\/el-ayuntamiento-de-bunol-inicia-las-obras-para-sustituir-el-cesped-artificial-del-campo-de-futbol-beltran-baguena\/","title":{"rendered":"L&#8217;Ajuntament de Bunyol inicia les obres per a substituir la gespa artificial del camp de futbol Beltr\u00e1n B\u00e1guena"},"content":{"rendered":"\n<p class=\"wp-block-paragraph\">L&#8217;Ajuntament de Bunyol ha iniciat ja les obres de substituci\u00f3 de la gespa artificial del terreny de joc del camp de futbol municipal Beltr\u00e1n B\u00e1guena de la localitat, seu del Club Esportiu Bunyol.<\/p>\n\n\n\n<p class=\"wp-block-paragraph\">A conseq\u00fc\u00e8ncia d&#8217;aquestes obres, tots les categories del Club Esportiu Bunyol aix\u00ed com la seua escola de futbol han anunciat que desplacen els seus entrenaments a la Ciutat Esportiva del Llevant UD.<\/p>\n\n\n\n<p class=\"wp-block-paragraph\">El president del CD Bunyol, Nicol\u00e1s Galarza, ha fixat &#8220;fins dins d&#8217;almenys tres o quatre setmanes, en el millor dels casos i segons es trobe la base del camp, quan es donaran per finalitzades aquestes obres de condicionament, tal com consta en l&#8217;informe del t\u00e8cnic&#8221;. Ja que, a m\u00e9s de &#8220;revisar la canonades de reg tamb\u00e9 es canviaran els aspersors que tiren una aigua constant perqu\u00e8 els que hi ha banyaven molt al p\u00fablic de les graderies&#8221;.<\/p>\n\n\n\n<p class=\"wp-block-paragraph\">Unes obres &#8220;molt necess\u00e0ries des de fa molt temps&#8221;, en paraules del president, &#8220;que tant els jugadors com els alumnes de l&#8217;escola agrairan per les lesions que es produ\u00efen per la deterioraci\u00f3 de la gespa perqu\u00e8 estava sec i sense cautx\u00fa&#8221;.<\/p>\n\n\n\n<p class=\"wp-block-paragraph\">Nicol\u00e1s Galarza ha recordat que recentment &#8220;en el camp tamb\u00e9 s&#8217;ha procedit a canviar la il\u00b7luminaci\u00f3, una acci\u00f3 que ha costat 110.000 euros i que ha consistit en l&#8217;arranjament del quadre el\u00e8ctric i tota l&#8217;escomesa de llum des de la porta del camp fins als vestuaris perqu\u00e8 aquests tinguen m\u00e9s pot\u00e8ncia, des d&#8217;on han posat els cables nous a les torres i han canviat les llumin\u00e0ries&#8221;.<\/p>\n\n\n\n<p class=\"wp-block-paragraph\">Aquests treballs se sumen als de l&#8217;any anterior, &#8220;en el qual es van escometre les obres de reforma dels vestuaris, amb el seu xapat, el sanejament i altre que es van aproximar als 50.000 euros&#8221;.<\/p>\n","protected":false},"excerpt":{"rendered":"<div class=\"mh-excerpt\">L&#8217;Ajuntament de Bunyol ha iniciat ja les obres de substituci\u00f3 de la gespa artificial del terreny de joc del camp de futbol municipal Beltr\u00e1n B\u00e1guena de la localitat, seu del Club Esportiu Bunyol. A conseq\u00fc\u00e8ncia <a class=\"mh-excerpt-more\" href=\"https:\/\/tucomarca.whitekongsoftware.com\/ca\/el-ayuntamiento-de-bunol-inicia-las-obras-para-sustituir-el-cesped-artificial-del-campo-de-futbol-beltran-baguena\/\" title=\"L&#8217;Ajuntament de Bunyol inicia les obres per a substituir la gespa artificial del camp de futbol Beltr\u00e1n B\u00e1guena\">[+] <\/a><\/div>\n","protected":false},"author":12,"featured_media":121233,"comment_status":"open","ping_status":"open","sticky":false,"template":"","format":"standard","meta":{"footnotes":""},"categories":[10911,11015,10898,10948,10894,10912,10896],"tags":[10913,12240,10914],"class_list":["post-239306","post","type-post","status-publish","format-standard","has-post-thumbnail","category-bunol-ca","category-canal-futbol","category-ventana-ca","category-infraestructuras-ca","category-la-comarca-ca","category-la-hoya-ca","category-seccion-ca","tag-bunol-ca","tag-campo-beltran-baguena-ca","tag-la-hoya-de-bunol-chiva-ca"],"_links":{"self":[{"href":"https:\/\/tucomarca.whitekongsoftware.com\/ca\/wp-json\/wp\/v2\/posts\/239306","targetHints":{"allow":["GET"]}}],"collection":[{"href":"https:\/\/tucomarca.whitekongsoftware.com\/ca\/wp-json\/wp\/v2\/posts"}],"about":[{"href":"https:\/\/tucomarca.whitekongsoftware.com\/ca\/wp-json\/wp\/v2\/types\/post"}],"author":[{"embeddable":true,"href":"https:\/\/tucomarca.whitekongsoftware.com\/ca\/wp-json\/wp\/v2\/users\/12"}],"replies":[{"embeddable":true,"href":"https:\/\/tucomarca.whitekongsoftware.com\/ca\/wp-json\/wp\/v2\/comments?post=239306"}],"version-history":[{"count":0,"href":"https:\/\/tucomarca.whitekongsoftware.com\/ca\/wp-json\/wp\/v2\/posts\/239306\/revisions"}],"wp:featuredmedia":[{"embeddable":true,"href":"https:\/\/tucomarca.whitekongsoftware.com\/ca\/wp-json\/wp\/v2\/media\/121233"}],"wp:attachment":[{"href":"https:\/\/tucomarca.whitekongsoftware.com\/ca\/wp-json\/wp\/v2\/media?parent=239306"}],"wp:term":[{"taxonomy":"category","embeddable":true,"href":"https:\/\/tucomarca.whitekongsoftware.com\/ca\/wp-json\/wp\/v2\/categories?post=239306"},{"taxonomy":"post_tag","embeddable":true,"href":"https:\/\/tucomarca.whitekongsoftware.com\/ca\/wp-json\/wp\/v2\/tags?post=239306"}],"curies":[{"name":"wp","href":"https:\/\/api.w.org\/{rel}","templated":true}]}}